{"id":5245,"date":"2015-12-10T20:06:35","date_gmt":"2015-12-10T19:06:35","guid":{"rendered":"http:\/\/www.ventimigliablog.it\/blog\/?p=5245"},"modified":"2016-01-04T17:47:28","modified_gmt":"2016-01-04T16:47:28","slug":"assolti","status":"publish","type":"post","link":"https:\/\/www.ventimigliablog.it\/blog\/assolti\/","title":{"rendered":"ASSOLTI"},"content":{"rendered":"<p style=\"text-align: justify;\">La Corte di Appello di Genova, in data odierna, ha confermato le assoluzioni di primo grado per l&#8217;ex Sindaco di Ventimiglia Gaetano Antonio Scullino e l&#8217;ex City Manager Marco Prestileo, al termine di una Camera di Consiglio durata sette ore, nell&#8217;ambito del processo &#8220;La svolta&#8221;.<\/p>\n<p>Gaetano Scullino ha commentato cos\u00ec la sentenza : &#8220;Quattro anni di incomprensioni e di ingiustizie. Con questa seconda sentenza, viene fuori che la nostra Amministrazione ha lavorato bene, con impegno, trasparenza e passione. Questa \u00e8 la conferma che il Consiglio \u00e8 stato sciolto ma noi abbiamo lavorato solo a favore della citt\u00e0. Ho pensato alla mia famiglia\u201d.<\/p>\n<p>Commento stringato anche per l&#8217;ex City Manager Marco Prestileo: \u201cSono ovviamente felice dell\u2019esito, che \u00e8 stato confermato in appello. La Giustizia ha fatto il suo corso ed ho sempre creduto nelle istituzioni e nella giustizia e continuo a farlo, senza acrimonia nei confronti di nessuno\u201d.<\/p>\n<p>10 dicembre 2015 &#8211; lo Staff di Ventimigliablog &#8211;<\/p>\n\t<div class=\"quickshare-container\">\r\n\t<ul class=\"quickshare-text qs-genericons quickshare-small\">\r\n\t\t<li class=\"quickshare-share\">Condividi :<\/li> \r\n\t\t<li><a href=\"https:\/\/facebook.com\/sharer.php?u=https%3A%2F%2Fwww.ventimigliablog.it%2Fblog%2Fassolti%2F&amp;t=ASSOLTI+<+Ventimigliablog\" target=\"_blank\" title=\"Share on Facebook\"><span class=\"quickshare-facebook\">Facebook<\/span><\/a><\/li>\t\t<li><a href=\"https:\/\/twitter.com\/intent\/tweet?url=https%3A%2F%2Fwww.ventimigliablog.it%2Fblog%2Fassolti%2F&amp;text=ASSOLTI+<+Ventimigliablog\" target=\"_blank\" title=\"Share on Twitter\"><span class=\"quickshare-twitter\">Twitter<\/span><\/a><\/li>\t\t\t\t\t\t<li><a href=\"https:\/\/plus.google.com\/share?url=https%3A%2F%2Fwww.ventimigliablog.it%2Fblog%2Fassolti%2F\" target=\"_blank\" title=\"Share on Google+\"><span class=\"quickshare-googleplus\">Google+<\/span><\/a><\/li>\t\t\t\t\t\t\t\t<li><a href=\"mailto:?subject=Ventimigliablog:+ASSOLTI&amp;body=https%3A%2F%2Fwww.ventimigliablog.it%2Fblog%2Fassolti%2F\" target=\"_blank\" title=\"Share via Email\"><span class=\"quickshare-email\">Email<\/span><\/a><\/li>\t<\/ul>\r\n\t<\/div>\r\n","protected":false},"excerpt":{"rendered":"<p>La Corte di Appello di Genova, in data odierna, ha confermato le assoluzioni di primo grado per l&#8217;ex Sindaco di Ventimiglia Gaetano Antonio Scullino e l&#8217;ex City Manager Marco Prestileo, al termine di una Camera di Consiglio durata sette ore, &hellip; <a href=\"https:\/\/www.ventimigliablog.it\/blog\/assolti\/\">Continua a leggere<span class=\"meta-nav\">&rarr;<\/span><\/a><\/p>\n","protected":false},"author":11,"featured_media":0,"comment_status":"open","ping_status":"closed","sticky":false,"template":"","format":"standard","meta":{"ngg_post_thumbnail":0,"footnotes":""},"categories":[3,1,6],"tags":[],"_links":{"self":[{"href":"https:\/\/www.ventimigliablog.it\/blog\/wp-json\/wp\/v2\/posts\/5245"}],"collection":[{"href":"https:\/\/www.ventimigliablog.it\/blog\/wp-json\/wp\/v2\/posts"}],"about":[{"href":"https:\/\/www.ventimigliablog.it\/blog\/wp-json\/wp\/v2\/types\/post"}],"author":[{"embeddable":true,"href":"https:\/\/www.ventimigliablog.it\/blog\/wp-json\/wp\/v2\/users\/11"}],"replies":[{"embeddable":true,"href":"https:\/\/www.ventimigliablog.it\/blog\/wp-json\/wp\/v2\/comments?post=5245"}],"version-history":[{"count":0,"href":"https:\/\/www.ventimigliablog.it\/blog\/wp-json\/wp\/v2\/posts\/5245\/revisions"}],"wp:attachment":[{"href":"https:\/\/www.ventimigliablog.it\/blog\/wp-json\/wp\/v2\/media?parent=5245"}],"wp:term":[{"taxonomy":"category","embeddable":true,"href":"https:\/\/www.ventimigliablog.it\/blog\/wp-json\/wp\/v2\/categories?post=5245"},{"taxonomy":"post_tag","embeddable":true,"href":"https:\/\/www.ventimigliablog.it\/blog\/wp-json\/wp\/v2\/tags?post=5245"}],"curies":[{"name":"wp","href":"https:\/\/api.w.org\/{rel}","templated":true}]}}