{"id":5362,"date":"2016-05-31T14:55:06","date_gmt":"2016-05-31T12:55:06","guid":{"rendered":"http:\/\/www.ventimigliablog.it\/blog\/?p=5362"},"modified":"2017-09-30T09:17:11","modified_gmt":"2017-09-30T07:17:11","slug":"graecia-capta-ferum-victorem-cepit-et-artes-intulit-agresti-latio","status":"publish","type":"post","link":"https:\/\/www.ventimigliablog.it\/blog\/graecia-capta-ferum-victorem-cepit-et-artes-intulit-agresti-latio\/","title":{"rendered":"&#8220;Graecia capta ferum victorem cepit et artes intulit agresti Latio&#8221;"},"content":{"rendered":"<p>Riceviamo e molto volentieri pubblichiamo questa breve riflessione , il cui titolo prende spunto da una famosa epistola di Orazio ( Epistole, Il, 1, 156).<!--more--><a href=\"http:\/\/www.ventimigliablog.it\/blog\/wp-content\/uploads\/2016\/05\/image.jpeg\"><img loading=\"lazy\" decoding=\"async\" class=\"aligncenter size-medium wp-image-5363\" src=\"http:\/\/www.ventimigliablog.it\/blog\/wp-content\/uploads\/2016\/05\/image-300x171.jpeg\" alt=\"image\" width=\"300\" height=\"171\" srcset=\"https:\/\/www.ventimigliablog.it\/blog\/wp-content\/uploads\/2016\/05\/image-300x171.jpeg 300w, https:\/\/www.ventimigliablog.it\/blog\/wp-content\/uploads\/2016\/05\/image-1024x585.jpeg 1024w, https:\/\/www.ventimigliablog.it\/blog\/wp-content\/uploads\/2016\/05\/image-500x286.jpeg 500w, https:\/\/www.ventimigliablog.it\/blog\/wp-content\/uploads\/2016\/05\/image.jpeg 1300w\" sizes=\"(max-width: 300px) 100vw, 300px\" \/><\/a><\/p>\n<p>&#8221; Quanta acqua \u00e9 passata sotto i ponti dai tempi di Orazio &#8230; la Grecia se l&#8217;era cavata bene con i Romani, parecchio peggio poi \u00e9 stata l&#8217;esperienza sotto l&#8217;Impero Ottomano, ma la minaccia in arrivo potrebbe essere ancora pi\u00f9 grave: fare da cavia per il nuovo ordine mondiale, che deve risolvere il problema del debito pubblico accumulato. Potrebbe essere la fase &#8220;saccheggio&#8221; del capitalismo: togliere agli indifesi per risolvere il problema degli spreconi. Il FMI l&#8217;ha presa molto alla larga: \u201cInvece di assicurare la crescita (dell\u2019economia) alcune politiche neoliberiste hanno ampliato le disuguaglianze, minacciando in questo modo le fasi di espansioni durevoli\u201d. Ha citato poi il \u201cmiracolo economico\u201d del Cile, cos\u00ec definito da Milton Friedman, Premio Nobel per l\u2019economia, per gli incredibili progressi compiuti nel 1982. Il FMI ha poi lodato anche il libero ricorso alla competizione straniera, l&#8217;attribuzione di maggiori \u201cpoteri\u201d ai privati, attraverso i processi di dismissione di beni pubblici e la limitazione delle competenze statali. Alate parole, che per\u00f2 potrebbero sottintendere, che prestare altri soldi alla Grecia sarebbe un inutile spreco e che \u00e9 arrivato il tempo di cominciare, se non a riportare i soldi a casa, almeno ad evitare di esporsi ulteriormente ed inutilmente. Al secondo Bail Out Program del febbraio del 2012, quando furono stanziati \u20ac240 Miliardi, la Grecia tra le altre cose si impegn\u00f2 a ricavare liquidit\u00e0 per \u20ac 50 Miliardi tra dismissioni, privatizzazioni e vendita di immobili pubblici di pregio in 5 anni &#8230;. ad oggi \u00e9 arrivata a \u20ac3,5 Miliardi. Qualcuno comincia a prospettare, che l&#8217;unica possibile soluzione sia di svendere tutti i crediti ai Vulture Funds, che provvederebbero nel modo pi\u00f9 efficiente a rapido a monetizzarli. Baster\u00e0 chiamare il saccheggio orwelliano di un paese e della sua gente un &#8220;piano di salvataggio&#8221;. Timeo Danaos et dona ferentis ( Eneide Libro II, 49 ) forse da da Sofocle: \u00ab \u1f10\u03c7\u03b8\u03c1\u1ff6\u03bd \u1f04\u03b4\u03c9\u03c1\u03b1 \u03b4\u1ff6\u03c1\u03b1 \u03ba\u03bf\u1f50\u03ba \u1f40\u03bd\u03ae\u03c3\u03b9\u03bc\u03b1 \u00bb (Ai., 665, &#8220;I doni dei nemici non sono doni, n\u00e9 benefici&#8221;) &#8230;. un tragico contrappasso.<br \/>\nTutto ci\u00f2 si inquadra bene nel piano liberista di Obama: Transatlantic Trade Investment Partnership ( TTIP per l&#8217;area dell&#8217;Atlantico ) e Trans Pacific Partnership ( TPP per l&#8217;area del Pacifico ). In ambedue casi spicca l&#8217;idea di Partnership &#8230; una cosa sociale, quasi una fratellanza. Massima libert\u00e0 per il pi\u00f9 forte di mangiarsi il pi\u00f9 debole &#8230; in santa pace e senza troppi lamenti. Nessuna clausola di salvaguardia &#8230; ma che si scherza? Tra gentiluomini \u00e9 a dir poco offensivo. Soprattutto nella pi\u00f9 grande segretezza &#8230; evitiamo di rovinare la sorpresa alle maestranze gi\u00e0 insidiate dall&#8217;avanzamento della robotizzazione&#8221;.<\/p>\n<p>Nota \u00a0per i lettori :<br \/>\nLa locuzione latina &#8221; Graeci \u00a0capta ferum victorem cepit &#8221; , \u00e8 una frase d&#8217;autore oraziana: nella traduzione letterale significa: la Grecia, conquistata [dai Romani], conquist\u00f2 il selvaggio vincitore. (Orazio, Epistole, Il, 1, 156). La locuzione prosegue con : &#8221; et artes intulit agresti Latio &#8221; che si traduce con : \u00a0 &#8221; e le arti port\u00f2 nel Lazio agreste &#8220;.<\/p>\n<p>31.05.2016 &#8211; Bea Manzini &#8211;<\/p>\n\t<div class=\"quickshare-container\">\r\n\t<ul class=\"quickshare-text qs-genericons quickshare-small\">\r\n\t\t<li class=\"quickshare-share\">Condividi :<\/li> \r\n\t\t<li><a href=\"https:\/\/facebook.com\/sharer.php?u=https%3A%2F%2Fwww.ventimigliablog.it%2Fblog%2Fgraecia-capta-ferum-victorem-cepit-et-artes-intulit-agresti-latio%2F&amp;t=%26%238220%3BGraecia+capta+ferum+victorem+cepit+et+artes+intulit+agresti+Latio%26%238221%3B+<+Ventimigliablog\" target=\"_blank\" title=\"Share on Facebook\"><span class=\"quickshare-facebook\">Facebook<\/span><\/a><\/li>\t\t<li><a href=\"https:\/\/twitter.com\/intent\/tweet?url=https%3A%2F%2Fwww.ventimigliablog.it%2Fblog%2Fgraecia-capta-ferum-victorem-cepit-et-artes-intulit-agresti-latio%2F&amp;text=%26%238220%3BGraecia+capta+ferum+victorem+cepit+et+artes+intulit+agresti+Latio%26%238221%3B+<+Ventimigliablog\" target=\"_blank\" title=\"Share on Twitter\"><span class=\"quickshare-twitter\">Twitter<\/span><\/a><\/li>\t\t\t\t\t\t<li><a href=\"https:\/\/plus.google.com\/share?url=https%3A%2F%2Fwww.ventimigliablog.it%2Fblog%2Fgraecia-capta-ferum-victorem-cepit-et-artes-intulit-agresti-latio%2F\" target=\"_blank\" title=\"Share on Google+\"><span class=\"quickshare-googleplus\">Google+<\/span><\/a><\/li>\t\t\t\t\t\t\t\t<li><a href=\"mailto:?subject=Ventimigliablog:+%26%238220%3BGraecia+capta+ferum+victorem+cepit+et+artes+intulit+agresti+Latio%26%238221%3B&amp;body=https%3A%2F%2Fwww.ventimigliablog.it%2Fblog%2Fgraecia-capta-ferum-victorem-cepit-et-artes-intulit-agresti-latio%2F\" target=\"_blank\" title=\"Share via Email\"><span class=\"quickshare-email\">Email<\/span><\/a><\/li>\t<\/ul>\r\n\t<\/div>\r\n","protected":false},"excerpt":{"rendered":"<p>Riceviamo e molto volentieri pubblichiamo questa breve riflessione , il cui titolo prende spunto da una famosa epistola di Orazio ( Epistole, Il, 1, 156).<\/p>\n","protected":false},"author":11,"featured_media":0,"comment_status":"open","ping_status":"closed","sticky":false,"template":"","format":"standard","meta":{"ngg_post_thumbnail":0,"footnotes":""},"categories":[3,1,7],"tags":[],"_links":{"self":[{"href":"https:\/\/www.ventimigliablog.it\/blog\/wp-json\/wp\/v2\/posts\/5362"}],"collection":[{"href":"https:\/\/www.ventimigliablog.it\/blog\/wp-json\/wp\/v2\/posts"}],"about":[{"href":"https:\/\/www.ventimigliablog.it\/blog\/wp-json\/wp\/v2\/types\/post"}],"author":[{"embeddable":true,"href":"https:\/\/www.ventimigliablog.it\/blog\/wp-json\/wp\/v2\/users\/11"}],"replies":[{"embeddable":true,"href":"https:\/\/www.ventimigliablog.it\/blog\/wp-json\/wp\/v2\/comments?post=5362"}],"version-history":[{"count":1,"href":"https:\/\/www.ventimigliablog.it\/blog\/wp-json\/wp\/v2\/posts\/5362\/revisions"}],"predecessor-version":[{"id":5539,"href":"https:\/\/www.ventimigliablog.it\/blog\/wp-json\/wp\/v2\/posts\/5362\/revisions\/5539"}],"wp:attachment":[{"href":"https:\/\/www.ventimigliablog.it\/blog\/wp-json\/wp\/v2\/media?parent=5362"}],"wp:term":[{"taxonomy":"category","embeddable":true,"href":"https:\/\/www.ventimigliablog.it\/blog\/wp-json\/wp\/v2\/categories?post=5362"},{"taxonomy":"post_tag","embeddable":true,"href":"https:\/\/www.ventimigliablog.it\/blog\/wp-json\/wp\/v2\/tags?post=5362"}],"curies":[{"name":"wp","href":"https:\/\/api.w.org\/{rel}","templated":true}]}}