{"id":5389,"date":"2016-07-09T14:11:44","date_gmt":"2016-07-09T12:11:44","guid":{"rendered":"http:\/\/www.ventimigliablog.it\/blog\/?p=5389"},"modified":"2017-09-30T09:18:00","modified_gmt":"2017-09-30T07:18:00","slug":"il-veliero-gloria-cerca-un-nuovo-proprietario-storia-di-una-gloriosa-goletta-ligure","status":"publish","type":"post","link":"https:\/\/www.ventimigliablog.it\/blog\/il-veliero-gloria-cerca-un-nuovo-proprietario-storia-di-una-gloriosa-goletta-ligure\/","title":{"rendered":"Il veliero Gloria cerca un nuovo proprietario: storia di una gloriosa goletta ligure"},"content":{"rendered":"<p>&nbsp;<\/p>\n<p><a href=\"http:\/\/www.ventimigliablog.it\/blog\/wp-content\/uploads\/2016\/07\/image1.jpeg\"><img loading=\"lazy\" decoding=\"async\" class=\"aligncenter size-medium wp-image-5392\" src=\"http:\/\/www.ventimigliablog.it\/blog\/wp-content\/uploads\/2016\/07\/image1-212x300.jpeg\" alt=\"image\" width=\"212\" height=\"300\" srcset=\"https:\/\/www.ventimigliablog.it\/blog\/wp-content\/uploads\/2016\/07\/image1-212x300.jpeg 212w, https:\/\/www.ventimigliablog.it\/blog\/wp-content\/uploads\/2016\/07\/image1-725x1024.jpeg 725w, https:\/\/www.ventimigliablog.it\/blog\/wp-content\/uploads\/2016\/07\/image1.jpeg 1242w\" sizes=\"(max-width: 212px) 100vw, 212px\" \/><\/a>Riceviamo e molto volentieri pubblichiamo, la storia di \u201cGloria\u201d un prestigioso veliero d\u2019epoca, attualmente in secca nei cantieri di Genova Sestri Ponente, in attesa di essere rilevata \u00a0da nuovi entusiasti proprietari, per poter, dopo alcuni interventi di ristrutturazione, riprendere il mare, per scrivere nuove pagine di passione e successi.<\/p>\n<p><!--more--><\/p>\n<p>Accogliamo con entusiamo l\u2019appello dell\u2019attuale proprietario che si renderebbe disponibile ad una cessione \u00a0della goletta, per poterla rivedere nuovamente \u00a0protagonista dei mari. Per informazioni scrivere all&#8217;indirizzo mail che indico di seguito : diegomunafo@libello.com<br \/>\n1. UN PO\u2019 DI STORIA<br \/>\nIl \u201cGLORIA\u201d \u00e8 una tipica goletta ligure, (lunghezza 15 metri circa e armato con due alberi a vele auriche), nata da un progetto degli anni \u201960 della Boero e Farina. Una ditta quest\u2019ultima, che vanta una solida tradizione genovese, certamente pi\u00f9 nota nel campo della provveditoria navale, circostanza questa, che potrebbe indurre a classificare la costruzione come un \u201ccapriccio\u201d cantieristico. Se cos\u00ec \u00e8 stato, il risultato \u00e8 andato oltre ogni aspettativa, tramandando nel tempo una purezza di linee, allo stesso tempo preziose ed eleganti, che ha saputo trovare la giusta collocazione nella cantieristica ligure da diporto.<br \/>\nQuasi distrutta dal fuoco negli anni \u201970, in circostanze non ben conosciute, il relitto venne, successivamente acquistato e sottoposto ad opera di rifacimento, tenendo conto delle caratteristiche originali, utilizzando esclusivamente legname marino (rovere, iroko, teak e mogano), lavorati sapientemente da artigiani liguri, cos\u00ec come si faceva una volta.<br \/>\nInterrotta la ricostruzione sul finire degli anni \u201970 &#8211; in quel tempo, forse anche per eccessiva onerosit\u00e0 \u2013 il \u201cGloria\u201d tornava al suo elemento naturale, il mare, per l\u2019iniziativa ed il sacrificio di autentici appassionati, che sin dal primo incontro, ne avevano sentito epidermicamente l\u2019antico fascino mai sopito. Nel settembre 1989 la troviamo alla regata delle vele d&#8217;epoca di Imperia, poi nell&#8217;aprile del 1992 insieme alle &#8220;Tall Ships&#8221;, arriva fino a Montecarlo nella &#8220;Regata Colombiana&#8221; tra Italia ed America nell&#8217;ambito delle celebrazioni per il cinquecentesimo anniversario della scoperta dell&#8217;America. Nel settembre del 2006 la goletta praese figura ancora tra le signore della vela ad Imperia. Il nome Gloria sembra fu conferito dal primo proprietario , che pare fosse l&#8217;industriale padrone del famoso marchio Scottex , in ricordo della giovane figlia, scomparsa prematuramente. L&#8217;attuale proprietario, il signor Antonio Pagano, ha da tempo lanciato l&#8217;idea di un recupero della goletta al fine di arricchire il water front di Genova Pra, facendola diventare ad esempio, una nave scuola per giovani velisti, con ormeggio fisso nel canale di calma di Pra&#8217;.<br \/>\n2. LE CARATTERISTICHE TECNICHE<\/p>\n<p>La goletta e&#8217; lunga oltre 14 metri fuori tutto, ha 22 tonnellate di stazza lorda e ben 144 metri quadrati di superficie velica, costruita su progetto del l&#8217;ingegner Franco Harrauer. Gravemente danneggiata da un incendio e&#8217; stato oggetto di un lavoro\u00a0\u00e8 duro \u00e8 difficile e naturalmente, in economia. Il tutto \u2013 \u00e8 bene ricordarlo \u2013 grazie anche alla coralit\u00e0 di sincero consenso ed appoggio di chi conosceva bene la barca e la sua storia. Da chi l\u2019aveva custodita negli anni, a coloro che vi avevano lavorato con professionalit\u00e0 e passione e che ambivano assistere al coronamento della propria fatica. Perch\u00e9 cos\u00ec accade agli artigiani, quando profondono sentimento nella loro attivit\u00e0 lavorativa.<br \/>\nLa ricerca \u00e8 stata lunga e laboriosa. Il piano velico originale, recuperato e portato a termine, porta la firma prestigiosa della Veleria LAMI.<br \/>\nA poppa, sopra la tuga, la grande Randa col Picco e la Freccia, tra i due alberi la Trinchettina ed il Fisherman, a prua il Fiocco bomato e lo Yankee, con la possibilit\u00e0 di montare un grande Genoa. Gli obl\u00f2 fusi, come da modello originale, presso la FOAN di Sori. Le ferramenta, frutto di disegni autodidattici, escono dall\u2019Officina Bernacchioni. La ditta Garelli di Nervi provvede il sartiame. Gli osteriggi che danno luce alla cabina padronale ed al corridoio, portano vetri cattedratici, realizzati da una bottega artigianale ubicata nei vicoli della citt\u00e0 vecchia. Le griselle e la rete della delfiniera sono state intrecciate con perizia da un nostromo, allora guardiano del cantiere dove sono stati fatti i lavori. Oltre a tutto ci\u00f2, in omaggio alla comodit\u00e0 e vivibilit\u00e0 presente negli interni, i capaci frigoriferi di bordo sono stati recuperati da Cadenasso. Il tutto senza che mancasse mai il consiglio o il suggerimento di Elvio, appartenente a quella scuola di maestri d\u2019ascia ormai cos\u00ec rari .<br \/>\nUn pre-varo quasi in sordina solo per stabilizzare il legno , privo da molti anni del contatto con l\u2019acqua. Un sapiente rifacimento della calafatura e poi, finalmente il grande giorno: era il maggio del 1985. Da allora tanto altro lavoro e tanti sacrifici: tutte circostanze ben note a chi ama il legno\u2026. Ma anche tante soddisfazioni !<\/p>\n<p>5 luglio 2016 &#8211; Beatrice M. &#8211;<\/p>\n\t<div class=\"quickshare-container\">\r\n\t<ul class=\"quickshare-text qs-genericons quickshare-small\">\r\n\t\t<li class=\"quickshare-share\">Condividi :<\/li> \r\n\t\t<li><a href=\"https:\/\/facebook.com\/sharer.php?u=https%3A%2F%2Fwww.ventimigliablog.it%2Fblog%2Fil-veliero-gloria-cerca-un-nuovo-proprietario-storia-di-una-gloriosa-goletta-ligure%2F&amp;t=Il+veliero+Gloria+cerca+un+nuovo+proprietario%3A+storia+di+una+gloriosa+goletta+ligure+<+Ventimigliablog\" target=\"_blank\" title=\"Share on Facebook\"><span class=\"quickshare-facebook\">Facebook<\/span><\/a><\/li>\t\t<li><a href=\"https:\/\/twitter.com\/intent\/tweet?url=https%3A%2F%2Fwww.ventimigliablog.it%2Fblog%2Fil-veliero-gloria-cerca-un-nuovo-proprietario-storia-di-una-gloriosa-goletta-ligure%2F&amp;text=Il+veliero+Gloria+cerca+un+nuovo+proprietario%3A+storia+di+una+gloriosa+goletta+ligure+<+Ventimigliablog\" target=\"_blank\" title=\"Share on Twitter\"><span class=\"quickshare-twitter\">Twitter<\/span><\/a><\/li>\t\t\t\t\t\t<li><a href=\"https:\/\/plus.google.com\/share?url=https%3A%2F%2Fwww.ventimigliablog.it%2Fblog%2Fil-veliero-gloria-cerca-un-nuovo-proprietario-storia-di-una-gloriosa-goletta-ligure%2F\" target=\"_blank\" title=\"Share on Google+\"><span class=\"quickshare-googleplus\">Google+<\/span><\/a><\/li>\t\t\t\t\t\t\t\t<li><a href=\"mailto:?subject=Ventimigliablog:+Il+veliero+Gloria+cerca+un+nuovo+proprietario%3A+storia+di+una+gloriosa+goletta+ligure&amp;body=https%3A%2F%2Fwww.ventimigliablog.it%2Fblog%2Fil-veliero-gloria-cerca-un-nuovo-proprietario-storia-di-una-gloriosa-goletta-ligure%2F\" target=\"_blank\" title=\"Share via Email\"><span class=\"quickshare-email\">Email<\/span><\/a><\/li>\t<\/ul>\r\n\t<\/div>\r\n","protected":false},"excerpt":{"rendered":"<p>&nbsp; Riceviamo e molto volentieri pubblichiamo, la storia di \u201cGloria\u201d un prestigioso veliero d\u2019epoca, attualmente in secca nei cantieri di Genova Sestri Ponente, in attesa di essere rilevata \u00a0da nuovi entusiasti proprietari, per poter, dopo alcuni interventi di ristrutturazione, riprendere &hellip; <a href=\"https:\/\/www.ventimigliablog.it\/blog\/il-veliero-gloria-cerca-un-nuovo-proprietario-storia-di-una-gloriosa-goletta-ligure\/\">Continua a leggere<span class=\"meta-nav\">&rarr;<\/span><\/a><\/p>\n","protected":false},"author":11,"featured_media":0,"comment_status":"open","ping_status":"closed","sticky":false,"template":"","format":"standard","meta":{"ngg_post_thumbnail":0,"footnotes":""},"categories":[1],"tags":[],"_links":{"self":[{"href":"https:\/\/www.ventimigliablog.it\/blog\/wp-json\/wp\/v2\/posts\/5389"}],"collection":[{"href":"https:\/\/www.ventimigliablog.it\/blog\/wp-json\/wp\/v2\/posts"}],"about":[{"href":"https:\/\/www.ventimigliablog.it\/blog\/wp-json\/wp\/v2\/types\/post"}],"author":[{"embeddable":true,"href":"https:\/\/www.ventimigliablog.it\/blog\/wp-json\/wp\/v2\/users\/11"}],"replies":[{"embeddable":true,"href":"https:\/\/www.ventimigliablog.it\/blog\/wp-json\/wp\/v2\/comments?post=5389"}],"version-history":[{"count":1,"href":"https:\/\/www.ventimigliablog.it\/blog\/wp-json\/wp\/v2\/posts\/5389\/revisions"}],"predecessor-version":[{"id":5546,"href":"https:\/\/www.ventimigliablog.it\/blog\/wp-json\/wp\/v2\/posts\/5389\/revisions\/5546"}],"wp:attachment":[{"href":"https:\/\/www.ventimigliablog.it\/blog\/wp-json\/wp\/v2\/media?parent=5389"}],"wp:term":[{"taxonomy":"category","embeddable":true,"href":"https:\/\/www.ventimigliablog.it\/blog\/wp-json\/wp\/v2\/categories?post=5389"},{"taxonomy":"post_tag","embeddable":true,"href":"https:\/\/www.ventimigliablog.it\/blog\/wp-json\/wp\/v2\/tags?post=5389"}],"curies":[{"name":"wp","href":"https:\/\/api.w.org\/{rel}","templated":true}]}}