{"id":5399,"date":"2016-07-13T12:26:07","date_gmt":"2016-07-13T10:26:07","guid":{"rendered":"http:\/\/www.ventimigliablog.it\/blog\/?p=5399"},"modified":"2017-09-30T09:18:06","modified_gmt":"2017-09-30T07:18:06","slug":"enrica-nasi-25-anni-al-servizio-dei-piu-deboli-e-degli-emarginati","status":"publish","type":"post","link":"https:\/\/www.ventimigliablog.it\/blog\/enrica-nasi-25-anni-al-servizio-dei-piu-deboli-e-degli-emarginati\/","title":{"rendered":"Enrica Nasi: 25 anni al servizio dei pi\u00f9 deboli e degli emarginati"},"content":{"rendered":"<p>Apprendo , con immenso dispiacere, della decisione di Enrica Nasi di lasciare, dopo 25 anni di intensa attivit\u00e0, la direzione dell&#8217;associazione Caritas Intemelia.<\/p>\n<p><!--more--><\/p>\n<p>Difficile pensare, per tutti coloro che hanno avuto il piacere di conoscerla e di lavorare al suo fianco, di proseguire l&#8217;arduo cammino nel sostegno ai pi\u00f9 bisognosi, ai pi\u00f9 soli, ai pi\u00f9 fragili ed esposti, senza il suo prezioso contributo.<\/p>\n<p>Un contributo dato in prima linea, coniugando, con grande maestria, l&#8217;enorme preparazione in campo gestionale, organizzativo e manageriale, con l&#8217;alta capacit\u00e0 di comprensione dei fenomeni sociali nonch\u00e9 di ascolto, accettazione ed aiuto alle singole persone.<\/p>\n<p>La caparbiet\u00e0, la convinzione di poter agire concretamente , sia in termini di riduzione del danno e della sofferenza, che in termini di prevenzione e di offerta di opportunit\u00e0, l&#8217;hanno sorretta in 25 anni di sforzi al servizio dei pi\u00f9 deboli, fossero essi cittadini Ventimigliesi, senza fissa dimora italiani o stranieri, o migranti.<\/p>\n<p>L&#8217;ho conosciuta nel suo impegno durante l&#8217;emergenza che ha caratterizzato la nostra citt\u00e0 con l&#8217;arrivo dei profughi curdi negli anni novanta.<br \/>\nL&#8217;ho ritrovata ugualmente impegnata nel servire circa 25.000 Tunisini che, durante il mio mandato di Sindaco , si erano riversati al confine per cercare libert\u00e0 e una vita migliore in tutta Europa.<\/p>\n<p>Un impegno quest&#8217;ultimo, durato dieci mesi, che l&#8217;ha vista, assieme alle Istituzioni, pubbliche assistenze e volontari varii , gestire al meglio un&#8217;assistenza provvisoria decentrata, senza aver mai provocato alcun problema di sicurezza e\/o danno di immagine n\u00e8 economico alla Citt\u00e0.<br \/>\nHo apprezzato ugualmente il suo instancabile impegno nell&#8217;offrire aiuti ai cittadini pi\u00f9 bisognosi nei momenti di forte crisi economico sociale o nel dare un piccolo ristoro, vivande e vestiario ai senza casa italiani e stranieri.<\/p>\n<p>Negli anni del mio impegno a Genova in qualit\u00e0 di Consigliere Regionale, abbiamo condiviso e realizzato insieme, un suo grande desiderio:\u00a0costruire una nuova sede Caritas in Ventimiglia, dotata di nuovi ed adeguati spazi , tali da permettere il potenziamento degli interventi di prima accoglienza, per ospitare persone bisognose dando loro un pasto caldo, oltre che ascolto e comprensione.<br \/>\nUna struttura di accoglienza , quella realizzata, prestigiosa e dotata di ogni fabbisogno in grado di sorreggere coloro che sono in difficolt\u00e0 e che hanno necessit\u00e0 di un aiuto concreto.<\/p>\n<p>Ho imparato ad apprezzare il suo spirito, inquieto e libero da pregiudizi e condizionamenti, e la franchezza di chi sa esprimere il suo dissenso verso un&#8217;idea, una concezione, una norma, mai verso le persone in quanto tali.<\/p>\n<p>Ho sperimentato la sua capacit\u00e0 di essere razionale ed empatica al contempo, sostenendo le sue idee senza &#8220;ismi&#8221; (integralismi, protagonismi, personalismi,&#8230;).<\/p>\n<p>Mi ha colpito il suo pensiero: veloce, libero, giovane&#8230; ma profondo&#8230;come i suoi occhi.!!<\/p>\n<p>Mi mancher\u00e0 molto&#8230; ma, indipendentemente dalle motivazioni che l&#8217;hanno determinata, siamo costretti a rispettare la sua scelta, sperando in un ripensamento.<\/p>\n<p>A lei auguro di godersi un meritato riposo, con la sua famiglia, i suoi amici, tutte le persone che le sono pi\u00f9 care e di coltivare, finalmente, tutti gli interessi che fino ad oggi ha dovuto, in nome del suo impegno a tempo pi\u00f9 che pieno, relegare in secondo piano.<\/p>\n<p>Sono certo che Caritas Intemelia riuscir\u00e0 a superare il vasto vuoto che lascer\u00e0, facendo comunque tesoro di quanto ha dato in questi 25 anni.<\/p>\n<p>A tutti coloro che a vario titolo l&#8217;hanno conosciuta auguro di seguire il suo esempio&#8230;<\/p>\n<p>Grazie Enrica.<\/p>\n<p>Gaetano Antonio Scullino &#8211; 13.07.2016 &#8211;<\/p>\n\t<div class=\"quickshare-container\">\r\n\t<ul class=\"quickshare-text qs-genericons quickshare-small\">\r\n\t\t<li class=\"quickshare-share\">Condividi :<\/li> \r\n\t\t<li><a href=\"https:\/\/facebook.com\/sharer.php?u=https%3A%2F%2Fwww.ventimigliablog.it%2Fblog%2Fenrica-nasi-25-anni-al-servizio-dei-piu-deboli-e-degli-emarginati%2F&amp;t=Enrica+Nasi%3A+25+anni+al+servizio+dei+pi%C3%B9+deboli+e+degli+emarginati+<+Ventimigliablog\" target=\"_blank\" title=\"Share on Facebook\"><span class=\"quickshare-facebook\">Facebook<\/span><\/a><\/li>\t\t<li><a href=\"https:\/\/twitter.com\/intent\/tweet?url=https%3A%2F%2Fwww.ventimigliablog.it%2Fblog%2Fenrica-nasi-25-anni-al-servizio-dei-piu-deboli-e-degli-emarginati%2F&amp;text=Enrica+Nasi%3A+25+anni+al+servizio+dei+pi%C3%B9+deboli+e+degli+emarginati+<+Ventimigliablog\" target=\"_blank\" title=\"Share on Twitter\"><span class=\"quickshare-twitter\">Twitter<\/span><\/a><\/li>\t\t\t\t\t\t<li><a href=\"https:\/\/plus.google.com\/share?url=https%3A%2F%2Fwww.ventimigliablog.it%2Fblog%2Fenrica-nasi-25-anni-al-servizio-dei-piu-deboli-e-degli-emarginati%2F\" target=\"_blank\" title=\"Share on Google+\"><span class=\"quickshare-googleplus\">Google+<\/span><\/a><\/li>\t\t\t\t\t\t\t\t<li><a href=\"mailto:?subject=Ventimigliablog:+Enrica+Nasi%3A+25+anni+al+servizio+dei+pi%C3%B9+deboli+e+degli+emarginati&amp;body=https%3A%2F%2Fwww.ventimigliablog.it%2Fblog%2Fenrica-nasi-25-anni-al-servizio-dei-piu-deboli-e-degli-emarginati%2F\" target=\"_blank\" title=\"Share via Email\"><span class=\"quickshare-email\">Email<\/span><\/a><\/li>\t<\/ul>\r\n\t<\/div>\r\n","protected":false},"excerpt":{"rendered":"<p>Apprendo , con immenso dispiacere, della decisione di Enrica Nasi di lasciare, dopo 25 anni di intensa attivit\u00e0, la direzione dell&#8217;associazione Caritas Intemelia.<\/p>\n","protected":false},"author":11,"featured_media":0,"comment_status":"open","ping_status":"closed","sticky":false,"template":"","format":"standard","meta":{"ngg_post_thumbnail":0,"footnotes":""},"categories":[1,6,10],"tags":[],"_links":{"self":[{"href":"https:\/\/www.ventimigliablog.it\/blog\/wp-json\/wp\/v2\/posts\/5399"}],"collection":[{"href":"https:\/\/www.ventimigliablog.it\/blog\/wp-json\/wp\/v2\/posts"}],"about":[{"href":"https:\/\/www.ventimigliablog.it\/blog\/wp-json\/wp\/v2\/types\/post"}],"author":[{"embeddable":true,"href":"https:\/\/www.ventimigliablog.it\/blog\/wp-json\/wp\/v2\/users\/11"}],"replies":[{"embeddable":true,"href":"https:\/\/www.ventimigliablog.it\/blog\/wp-json\/wp\/v2\/comments?post=5399"}],"version-history":[{"count":1,"href":"https:\/\/www.ventimigliablog.it\/blog\/wp-json\/wp\/v2\/posts\/5399\/revisions"}],"predecessor-version":[{"id":5547,"href":"https:\/\/www.ventimigliablog.it\/blog\/wp-json\/wp\/v2\/posts\/5399\/revisions\/5547"}],"wp:attachment":[{"href":"https:\/\/www.ventimigliablog.it\/blog\/wp-json\/wp\/v2\/media?parent=5399"}],"wp:term":[{"taxonomy":"category","embeddable":true,"href":"https:\/\/www.ventimigliablog.it\/blog\/wp-json\/wp\/v2\/categories?post=5399"},{"taxonomy":"post_tag","embeddable":true,"href":"https:\/\/www.ventimigliablog.it\/blog\/wp-json\/wp\/v2\/tags?post=5399"}],"curies":[{"name":"wp","href":"https:\/\/api.w.org\/{rel}","templated":true}]}}