{"id":5406,"date":"2016-07-26T14:01:54","date_gmt":"2016-07-26T12:01:54","guid":{"rendered":"http:\/\/www.ventimigliablog.it\/blog\/?p=5406"},"modified":"2017-09-30T09:18:24","modified_gmt":"2017-09-30T07:18:24","slug":"meditate-gente-meditate","status":"publish","type":"post","link":"https:\/\/www.ventimigliablog.it\/blog\/meditate-gente-meditate\/","title":{"rendered":"Meditate gente, meditate&#8230;."},"content":{"rendered":"<p>&nbsp;<\/p>\n<p><a href=\"http:\/\/www.ventimigliablog.it\/blog\/wp-content\/uploads\/2016\/07\/image3.jpeg\"><img loading=\"lazy\" decoding=\"async\" class=\"aligncenter size-medium wp-image-5410\" src=\"http:\/\/www.ventimigliablog.it\/blog\/wp-content\/uploads\/2016\/07\/image3-233x300.jpeg\" alt=\"image\" width=\"233\" height=\"300\" srcset=\"https:\/\/www.ventimigliablog.it\/blog\/wp-content\/uploads\/2016\/07\/image3-233x300.jpeg 233w, https:\/\/www.ventimigliablog.it\/blog\/wp-content\/uploads\/2016\/07\/image3.jpeg 509w\" sizes=\"(max-width: 233px) 100vw, 233px\" \/><\/a><\/p>\n<p>&#8220;Una guerra che non mira alla conquista del nostro territorio, forse, ma che certamente mira alla conquista delle nostre anime. Alla scomparsa della nostra libert\u00e0 e della nostra civilt\u00e0. All&#8217;annientamento del nostro modo di vivere e di morire, del nostro modo di pregare o non pregare, del nostro modo di mangiare e bere e vestirci e divertirci e informarci. Non capite o non volete capire che se non ci si oppone, se non ci si difende, se non si combatte, la Jihad vincer\u00e0. E distrugger\u00e0 il mondo che bene o male siamo riusciti a costruire, a cambiare, a migliorare, a rendere un po&#8217; pi\u00f9 intelligente cio\u00e8 meno bigotto o addirittura non bigotto. E con quello distrugger\u00e0 la nostra cultura, la nostra arte, la nostra scienza, la nostra morale, i nostri valori, i nostri piaceri&#8221;.<br \/>\n(Oriana Fallaci)<\/p>\n\t<div class=\"quickshare-container\">\r\n\t<ul class=\"quickshare-text qs-genericons quickshare-small\">\r\n\t\t<li class=\"quickshare-share\">Condividi :<\/li> \r\n\t\t<li><a href=\"https:\/\/facebook.com\/sharer.php?u=https%3A%2F%2Fwww.ventimigliablog.it%2Fblog%2Fmeditate-gente-meditate%2F&amp;t=Meditate+gente%2C+meditate%26%238230%3B.+<+Ventimigliablog\" target=\"_blank\" title=\"Share on Facebook\"><span class=\"quickshare-facebook\">Facebook<\/span><\/a><\/li>\t\t<li><a href=\"https:\/\/twitter.com\/intent\/tweet?url=https%3A%2F%2Fwww.ventimigliablog.it%2Fblog%2Fmeditate-gente-meditate%2F&amp;text=Meditate+gente%2C+meditate%26%238230%3B.+<+Ventimigliablog\" target=\"_blank\" title=\"Share on Twitter\"><span class=\"quickshare-twitter\">Twitter<\/span><\/a><\/li>\t\t\t\t\t\t<li><a href=\"https:\/\/plus.google.com\/share?url=https%3A%2F%2Fwww.ventimigliablog.it%2Fblog%2Fmeditate-gente-meditate%2F\" target=\"_blank\" title=\"Share on Google+\"><span class=\"quickshare-googleplus\">Google+<\/span><\/a><\/li>\t\t\t\t\t\t\t\t<li><a href=\"mailto:?subject=Ventimigliablog:+Meditate+gente%2C+meditate%26%238230%3B.&amp;body=https%3A%2F%2Fwww.ventimigliablog.it%2Fblog%2Fmeditate-gente-meditate%2F\" target=\"_blank\" title=\"Share via Email\"><span class=\"quickshare-email\">Email<\/span><\/a><\/li>\t<\/ul>\r\n\t<\/div>\r\n","protected":false},"excerpt":{"rendered":"<p>&nbsp; &#8220;Una guerra che non mira alla conquista del nostro territorio, forse, ma che certamente mira alla conquista delle nostre anime. Alla scomparsa della nostra libert\u00e0 e della nostra civilt\u00e0. All&#8217;annientamento del nostro modo di vivere e di morire, del &hellip; <a href=\"https:\/\/www.ventimigliablog.it\/blog\/meditate-gente-meditate\/\">Continua a leggere<span class=\"meta-nav\">&rarr;<\/span><\/a><\/p>\n","protected":false},"author":11,"featured_media":0,"comment_status":"open","ping_status":"closed","sticky":false,"template":"","format":"standard","meta":{"ngg_post_thumbnail":0,"footnotes":""},"categories":[3,1],"tags":[],"_links":{"self":[{"href":"https:\/\/www.ventimigliablog.it\/blog\/wp-json\/wp\/v2\/posts\/5406"}],"collection":[{"href":"https:\/\/www.ventimigliablog.it\/blog\/wp-json\/wp\/v2\/posts"}],"about":[{"href":"https:\/\/www.ventimigliablog.it\/blog\/wp-json\/wp\/v2\/types\/post"}],"author":[{"embeddable":true,"href":"https:\/\/www.ventimigliablog.it\/blog\/wp-json\/wp\/v2\/users\/11"}],"replies":[{"embeddable":true,"href":"https:\/\/www.ventimigliablog.it\/blog\/wp-json\/wp\/v2\/comments?post=5406"}],"version-history":[{"count":1,"href":"https:\/\/www.ventimigliablog.it\/blog\/wp-json\/wp\/v2\/posts\/5406\/revisions"}],"predecessor-version":[{"id":5549,"href":"https:\/\/www.ventimigliablog.it\/blog\/wp-json\/wp\/v2\/posts\/5406\/revisions\/5549"}],"wp:attachment":[{"href":"https:\/\/www.ventimigliablog.it\/blog\/wp-json\/wp\/v2\/media?parent=5406"}],"wp:term":[{"taxonomy":"category","embeddable":true,"href":"https:\/\/www.ventimigliablog.it\/blog\/wp-json\/wp\/v2\/categories?post=5406"},{"taxonomy":"post_tag","embeddable":true,"href":"https:\/\/www.ventimigliablog.it\/blog\/wp-json\/wp\/v2\/tags?post=5406"}],"curies":[{"name":"wp","href":"https:\/\/api.w.org\/{rel}","templated":true}]}}