{"id":5426,"date":"2016-08-21T13:24:38","date_gmt":"2016-08-21T11:24:38","guid":{"rendered":"http:\/\/www.ventimigliablog.it\/blog\/?p=5426"},"modified":"2017-09-30T09:18:56","modified_gmt":"2017-09-30T07:18:56","slug":"larte-di-allenare-e-un-mestiere-italiano-governare-no","status":"publish","type":"post","link":"https:\/\/www.ventimigliablog.it\/blog\/larte-di-allenare-e-un-mestiere-italiano-governare-no\/","title":{"rendered":"L&#8217;arte di allenare e&#8217; un mestiere italiano, governare no"},"content":{"rendered":"<p>Sul&#8217;onda dei numerosi successi olimpici dei nostri atleti in quel di Rio 2016, pubblico questo divertente (sob!), pezzo di Salvatore Tramontano da Il Giornale di mercoled\u00ec 17 agosto scorso. Un&#8217;analisi dal taglio ferragostano ma pur sempre connotata da una certa amarezza di fondo, tipica del modo di fare italico, fra grandi eccellenze e pessime figure&#8230;&#8230;Buona lettura! Bea.<\/p>\n<p><!--more--><br \/>\n&#8220;Gli allenatori italiani sono ormai un marchio riconosciuto del made in Italy, come le scarpe e la cucina. Ma quello che manca alla politica di questi tempi \u00e8 soprattutto una visione. E il coraggio&#8230;.<br \/>\nL&#8217;arte di allenare \u00e8 un mestiere italiano. Non si conta, ma si pesa, perch\u00e9 \u00e8 qualcosa di pi\u00f9 di una moda passeggera.<br \/>\n\u00c8 qualcosa che risale ai capitani di ventura, gente di armi e di mestiere, che sapeva come chiedere agli uomini pi\u00f9 del possibile, chi con la frusta e chi con il sorriso, con il carisma, ma con la capacit\u00e0 di immaginare quello che sarebbe accaduto, maniacali nelle tattiche, perch\u00e9 non \u00e8 prudente affidarsi troppo alla fortuna. Gli allenatori italiani piacciono al mondo, e il mondo li importa, li chiama, perch\u00e9 bene o male ci mettono la faccia, perch\u00e9 da secoli conoscono il fattore umano, perch\u00e9 fanno le imprese che non ti aspetti, perch\u00e9 non si fidano mai dell&#8217;avversario, perch\u00e9 soprattutto sanno fare squadra e se sbagliano lo fanno da professionisti.<\/p>\n<p>I Conte, gli Ancelotti, i Ranieri, i De Biase, i Mazzarri, i giramondo come Walter Zenga sono ormai un marchio riconosciuto del made in Italy, come le scarpe e la cucina. Non \u00e8 solo una questione di vittorie, ma di visione della vita, di quel finto cinismo carico di sogni e passione. Gli allenatori italiani inventano scenari e ci giocano a scacchi. Non sono in genere integralisti e quando le cose vanno male ricorrono al buon senso. Qualche volta cercano alibi, ma in privato non si fanno sconti. \u00c8 gente che sarebbe piaciuta a Machiavelli, non perch\u00e9 il fine giustifica i mezzi (non lo ha mai detto) ma perch\u00e9 incarnano lo spirito della politica.<\/p>\n<p>Allenare \u00e8 come governare, ma senza il santo fardello della democrazia. Allenare chiama in causa la leadership, che \u00e8 fatta di visioni e di gestione, di uomini e progetti. Eppure noi, cos\u00ec bravi a governare in panchina, annaspiamo nel trovare capi di partito e amministratori. Ci facciamo incantare da un parolaio che si veste da rottamatore. \u00c8 un paradosso che inglesi, francesi e tedeschi ci rimproverano e non capiscono. Non li si pu\u00f2 biasimare, perch\u00e9 quello che manca alla politica di questi tempi \u00e8 soprattutto una visione, dare un significato concreto alle azioni di governo, immaginare mondi possibili. Manca questo e manca il coraggio. Manca il buon senso. Forse perch\u00e9 di questi tempi la politica attira e seleziona un&#8217;altra schiatta di antica professione, non i capitani di ventura, ma i cortigiani&#8221;.<\/p>\n<p>21 agosto 2016 &#8211; Bea M. &#8211;<\/p>\n<p>&nbsp;<\/p>\n\t<div class=\"quickshare-container\">\r\n\t<ul class=\"quickshare-text qs-genericons quickshare-small\">\r\n\t\t<li class=\"quickshare-share\">Condividi :<\/li> \r\n\t\t<li><a href=\"https:\/\/facebook.com\/sharer.php?u=https%3A%2F%2Fwww.ventimigliablog.it%2Fblog%2Flarte-di-allenare-e-un-mestiere-italiano-governare-no%2F&amp;t=L%26%238217%3Barte+di+allenare+e%26%238217%3B+un+mestiere+italiano%2C+governare+no+<+Ventimigliablog\" target=\"_blank\" title=\"Share on Facebook\"><span class=\"quickshare-facebook\">Facebook<\/span><\/a><\/li>\t\t<li><a href=\"https:\/\/twitter.com\/intent\/tweet?url=https%3A%2F%2Fwww.ventimigliablog.it%2Fblog%2Flarte-di-allenare-e-un-mestiere-italiano-governare-no%2F&amp;text=L%26%238217%3Barte+di+allenare+e%26%238217%3B+un+mestiere+italiano%2C+governare+no+<+Ventimigliablog\" target=\"_blank\" title=\"Share on Twitter\"><span class=\"quickshare-twitter\">Twitter<\/span><\/a><\/li>\t\t\t\t\t\t<li><a href=\"https:\/\/plus.google.com\/share?url=https%3A%2F%2Fwww.ventimigliablog.it%2Fblog%2Flarte-di-allenare-e-un-mestiere-italiano-governare-no%2F\" target=\"_blank\" title=\"Share on Google+\"><span class=\"quickshare-googleplus\">Google+<\/span><\/a><\/li>\t\t\t\t\t\t\t\t<li><a href=\"mailto:?subject=Ventimigliablog:+L%26%238217%3Barte+di+allenare+e%26%238217%3B+un+mestiere+italiano%2C+governare+no&amp;body=https%3A%2F%2Fwww.ventimigliablog.it%2Fblog%2Flarte-di-allenare-e-un-mestiere-italiano-governare-no%2F\" target=\"_blank\" title=\"Share via Email\"><span class=\"quickshare-email\">Email<\/span><\/a><\/li>\t<\/ul>\r\n\t<\/div>\r\n","protected":false},"excerpt":{"rendered":"<p>Sul&#8217;onda dei numerosi successi olimpici dei nostri atleti in quel di Rio 2016, pubblico questo divertente (sob!), pezzo di Salvatore Tramontano da Il Giornale di mercoled\u00ec 17 agosto scorso. Un&#8217;analisi dal taglio ferragostano ma pur sempre connotata da una certa &hellip; <a href=\"https:\/\/www.ventimigliablog.it\/blog\/larte-di-allenare-e-un-mestiere-italiano-governare-no\/\">Continua a leggere<span class=\"meta-nav\">&rarr;<\/span><\/a><\/p>\n","protected":false},"author":11,"featured_media":0,"comment_status":"open","ping_status":"closed","sticky":false,"template":"","format":"standard","meta":{"ngg_post_thumbnail":0,"footnotes":""},"categories":[3,1],"tags":[],"_links":{"self":[{"href":"https:\/\/www.ventimigliablog.it\/blog\/wp-json\/wp\/v2\/posts\/5426"}],"collection":[{"href":"https:\/\/www.ventimigliablog.it\/blog\/wp-json\/wp\/v2\/posts"}],"about":[{"href":"https:\/\/www.ventimigliablog.it\/blog\/wp-json\/wp\/v2\/types\/post"}],"author":[{"embeddable":true,"href":"https:\/\/www.ventimigliablog.it\/blog\/wp-json\/wp\/v2\/users\/11"}],"replies":[{"embeddable":true,"href":"https:\/\/www.ventimigliablog.it\/blog\/wp-json\/wp\/v2\/comments?post=5426"}],"version-history":[{"count":1,"href":"https:\/\/www.ventimigliablog.it\/blog\/wp-json\/wp\/v2\/posts\/5426\/revisions"}],"predecessor-version":[{"id":5554,"href":"https:\/\/www.ventimigliablog.it\/blog\/wp-json\/wp\/v2\/posts\/5426\/revisions\/5554"}],"wp:attachment":[{"href":"https:\/\/www.ventimigliablog.it\/blog\/wp-json\/wp\/v2\/media?parent=5426"}],"wp:term":[{"taxonomy":"category","embeddable":true,"href":"https:\/\/www.ventimigliablog.it\/blog\/wp-json\/wp\/v2\/categories?post=5426"},{"taxonomy":"post_tag","embeddable":true,"href":"https:\/\/www.ventimigliablog.it\/blog\/wp-json\/wp\/v2\/tags?post=5426"}],"curies":[{"name":"wp","href":"https:\/\/api.w.org\/{rel}","templated":true}]}}