{"id":5458,"date":"2016-09-24T11:11:10","date_gmt":"2016-09-24T09:11:10","guid":{"rendered":"http:\/\/www.ventimigliablog.it\/blog\/?p=5458"},"modified":"2017-09-30T09:19:48","modified_gmt":"2017-09-30T07:19:48","slug":"janet-yellen-e-le-presidenziali-usa","status":"publish","type":"post","link":"https:\/\/www.ventimigliablog.it\/blog\/janet-yellen-e-le-presidenziali-usa\/","title":{"rendered":"Janet Yellen e le presidenziali USA"},"content":{"rendered":"<p>Riceviamo e pubblichiamo la consueta analisi macroeconomica del nostro esperto.<\/p>\n<p>Buona lettura a tutti e buon fine settimana!<\/p>\n<p><!--more--><\/p>\n<p>&#8221; Janet Yellen ha dimostrato il suo\u00a0appoggio alla Clinton, in continuit\u00e0 di quello dato ad Obama, cos\u00ec chiaramente, che il Chief Global Strategist della JP Morgan David Kelly lo si \u00e9 sentito in dovere di censurarlo con asprezza. Indubbiamente i Quantitative Easing ed i tassi di interesse ridotti sono di aiuto all\u2019economia, ma come le droghe per funzionare devono essere usati in dosi crescenti e ripetuti con frequenza ( avete visto, che dopo il non-annuncio di mercoled\u00ec lo S&amp;P \u00e9 schizzato s\u00f9 per due giorni, ma ieri si \u00e9 ammosciato e non solo per prese di beneficio ). Soprattutto la disintossicazione \u00e9 meglio per l\u2019amministrazione uscente ( la Democratica nel caso presente ) non cominciarla in periodo pre-elettorale.<br \/>\nLa FED si \u00e9 mostrata disposta a mantenere l&#8217;appoggio allo status quo ante, senza curarsi della trappola di liquidit\u00e0 in cui siamo entrati. La trappola si sta aggravando, ma la FED pensa solo a mantenere \u201callegri\u201d i mercati finanziari e quindi gli elettori. Il vero motore dei consumi, come aveva intuito Keynes, risiede nella fiducia prima ancora, che nei tassi. Se la fiducia viene meno, nemmeno tassi di interesse nulli o l&#8217;aumento della base monetaria possono far ripartire i consumi. La principale causa della trappola della liquidit\u00e0 \u00e9 l\u2019attesa da parte degli attori economici di eventi negativi (come deflazione, conflitti internazionali, caduta della domanda aggregata) che li inducono ad una maggiore preferenza per la liquidit\u00e0. Uscire dalla Trappola di liquidit\u00e0 diviene ogni giorno pi\u00f9 difficile e prendere tempo per interessi di bottega non mi sembra un atteggiamento responsabile.<br \/>\nIl FOMC ha 12 membri, 7 dell&#8217;apparato centrale e 4 dalle strutture operative regionali ( a turno ). Il consiglio si \u00e9 spaccato: 3 dei 12 membri hanno votato contro il mantenimento dei tassi ( 3 dei 4 Direttori regionali: Kansas City, Boston, Cleveland, di cui due erano considerati Falchi ed uno Colomba ). Questo \u00e9 il segnale pi\u00f9 preoccupante, perch\u00e9 rispecchia le tensioni crescenti negli US e nel resto del mondo. Sempre pi\u00f9 si tende a risolvere le questioni importanti con lo scontro aperto di due fazioni. Pensate ancora alla Brexit. Nel Senato Romano le decisioni pi\u00f9 importanti erano prese col Senatus consultum, in cui si decideva per discessionem: i votanti si separavano, da una parte andavano i favorevoli e dall&#8217;altra i contrari alla proposta da votare, per cui si parlava di pedibus in sententiam ire&#8221;.<\/p>\n<p>24 settembre 2016 &#8211; Bea M. &#8211;<\/p>\n\t<div class=\"quickshare-container\">\r\n\t<ul class=\"quickshare-text qs-genericons quickshare-small\">\r\n\t\t<li class=\"quickshare-share\">Condividi :<\/li> \r\n\t\t<li><a href=\"https:\/\/facebook.com\/sharer.php?u=https%3A%2F%2Fwww.ventimigliablog.it%2Fblog%2Fjanet-yellen-e-le-presidenziali-usa%2F&amp;t=Janet+Yellen+e+le+presidenziali+USA+<+Ventimigliablog\" target=\"_blank\" title=\"Share on Facebook\"><span class=\"quickshare-facebook\">Facebook<\/span><\/a><\/li>\t\t<li><a href=\"https:\/\/twitter.com\/intent\/tweet?url=https%3A%2F%2Fwww.ventimigliablog.it%2Fblog%2Fjanet-yellen-e-le-presidenziali-usa%2F&amp;text=Janet+Yellen+e+le+presidenziali+USA+<+Ventimigliablog\" target=\"_blank\" title=\"Share on Twitter\"><span class=\"quickshare-twitter\">Twitter<\/span><\/a><\/li>\t\t\t\t\t\t<li><a href=\"https:\/\/plus.google.com\/share?url=https%3A%2F%2Fwww.ventimigliablog.it%2Fblog%2Fjanet-yellen-e-le-presidenziali-usa%2F\" target=\"_blank\" title=\"Share on Google+\"><span class=\"quickshare-googleplus\">Google+<\/span><\/a><\/li>\t\t\t\t\t\t\t\t<li><a href=\"mailto:?subject=Ventimigliablog:+Janet+Yellen+e+le+presidenziali+USA&amp;body=https%3A%2F%2Fwww.ventimigliablog.it%2Fblog%2Fjanet-yellen-e-le-presidenziali-usa%2F\" target=\"_blank\" title=\"Share via Email\"><span class=\"quickshare-email\">Email<\/span><\/a><\/li>\t<\/ul>\r\n\t<\/div>\r\n","protected":false},"excerpt":{"rendered":"<p>Riceviamo e pubblichiamo la consueta analisi macroeconomica del nostro esperto. Buona lettura a tutti e buon fine settimana!<\/p>\n","protected":false},"author":11,"featured_media":0,"comment_status":"open","ping_status":"closed","sticky":false,"template":"","format":"standard","meta":{"ngg_post_thumbnail":0,"footnotes":""},"categories":[3,1,7],"tags":[],"_links":{"self":[{"href":"https:\/\/www.ventimigliablog.it\/blog\/wp-json\/wp\/v2\/posts\/5458"}],"collection":[{"href":"https:\/\/www.ventimigliablog.it\/blog\/wp-json\/wp\/v2\/posts"}],"about":[{"href":"https:\/\/www.ventimigliablog.it\/blog\/wp-json\/wp\/v2\/types\/post"}],"author":[{"embeddable":true,"href":"https:\/\/www.ventimigliablog.it\/blog\/wp-json\/wp\/v2\/users\/11"}],"replies":[{"embeddable":true,"href":"https:\/\/www.ventimigliablog.it\/blog\/wp-json\/wp\/v2\/comments?post=5458"}],"version-history":[{"count":1,"href":"https:\/\/www.ventimigliablog.it\/blog\/wp-json\/wp\/v2\/posts\/5458\/revisions"}],"predecessor-version":[{"id":5559,"href":"https:\/\/www.ventimigliablog.it\/blog\/wp-json\/wp\/v2\/posts\/5458\/revisions\/5559"}],"wp:attachment":[{"href":"https:\/\/www.ventimigliablog.it\/blog\/wp-json\/wp\/v2\/media?parent=5458"}],"wp:term":[{"taxonomy":"category","embeddable":true,"href":"https:\/\/www.ventimigliablog.it\/blog\/wp-json\/wp\/v2\/categories?post=5458"},{"taxonomy":"post_tag","embeddable":true,"href":"https:\/\/www.ventimigliablog.it\/blog\/wp-json\/wp\/v2\/tags?post=5458"}],"curies":[{"name":"wp","href":"https:\/\/api.w.org\/{rel}","templated":true}]}}