{"id":5468,"date":"2016-09-30T17:09:33","date_gmt":"2016-09-30T15:09:33","guid":{"rendered":"http:\/\/www.ventimigliablog.it\/blog\/?p=5468"},"modified":"2017-09-30T09:20:01","modified_gmt":"2017-09-30T07:20:01","slug":"la-verita-e-come-lolio-viene-sempre-a-galla","status":"publish","type":"post","link":"https:\/\/www.ventimigliablog.it\/blog\/la-verita-e-come-lolio-viene-sempre-a-galla\/","title":{"rendered":"La verit\u00e0 \u00e8 come l&#8217;olio: viene sempre a galla!"},"content":{"rendered":"<p><a href=\"http:\/\/www.ventimigliablog.it\/blog\/?attachment_id=5302\" rel=\"attachment wp-att-5302\"><img loading=\"lazy\" decoding=\"async\" class=\"aligncenter size-medium wp-image-5302\" src=\"http:\/\/www.ventimigliablog.it\/blog\/wp-content\/uploads\/2016\/02\/image1-300x200.jpeg\" alt=\"image\" width=\"300\" height=\"200\" srcset=\"https:\/\/www.ventimigliablog.it\/blog\/wp-content\/uploads\/2016\/02\/image1-300x200.jpeg 300w, https:\/\/www.ventimigliablog.it\/blog\/wp-content\/uploads\/2016\/02\/image1-451x300.jpeg 451w, https:\/\/www.ventimigliablog.it\/blog\/wp-content\/uploads\/2016\/02\/image1.jpeg 800w\" sizes=\"(max-width: 300px) 100vw, 300px\" \/><\/a><\/p>\n<p>A seguito dell&#8217;ultimo pronunciamento ( datato 29 settembre 2016 ), della Corte dei Conti Centrale di Roma, in ordine alla vicenda degli incarichi dirigenziali , conferiti dall&#8217;Amministrazione Scullino ai funzionari comunali, Bosio e Grassano, che ha acclarato, per tale vicenda, in maniera definitiva , la piena correttezza amministrativa nell&#8217;operato della stessa, pubblichiamo le dichiarazioni dell&#8217;ex Sindaco Gaetano Antonio Scullino, in ordine a tale pronunciamento. Buona lettura.<\/p>\n<p><!--more--><\/p>\n<p>&#8221; Ieri pomeriggio a Roma presso la Corte dei Conti Centrale, la Sezione terza, delegata nel giudizio di appello, proposto dalla Procura Regionale di Genova, ha rigettato il ricorso trattato, dando totale ragione all&#8217;operato della Giunta dell&#8217; Amministrazione del sindaco Gaetano Scullino, che nel 2007 aveva assegnato l&#8217;incaricato fiduciario di Dirigenti a tempo determinato a due funzionari del Comune, il Dott. Armando Bosio e il Dott. Mauro Grassano, a seguito della ricezione del parere di fattibilit\u00e0 e conseguente approvazione , proposta dall&#8217;allora Segretario Comunale Achille Maccapani.<\/p>\n<p>A seguito del solito esposto &#8221; anonimo &#8220;, la Procura della Corte dei Conti Regionale aveva richiesto il rinvio a giudizio, con la richiesta di condanna del Sindaco e dell&#8217; intera Giunta Comunale, rei di aver provocato \u00a0un danno erariale alle casse comunali per Euro 179.913,00, richiedendo pertanto il risarcimento dell&#8217;intero importo oltre che al Sindaco anche agli assessori : Maccario, Spinella, Spinosi, Guglielmi, Nazzari.<\/p>\n<p>Finalmente dopo tre anni \u00e8 stata riconosciuta dalla Corte Centrale l&#8217;estrema correttezza degli atti e delle delibere da noi approvate, condannando la Procura Genovese della CdC al pagamento totale delle spese e dei danni da noi patiti .<\/p>\n<p>Questa importante e nuova sentenza riconosce e conferma che abbiamo sempre operato con correttezza e trasparenza, siamo stati gli amministratori della Citt\u00e0 di Ventimiglia dal 2007 al 2012, senza mai risparmiarci, a tempo pieno , mettendoci impegno e passione , come \u00e8 stato di fatto riconosciuto sia dal Tribunale di Imperia in primo grado, che dalla Corte di Appello di Genova , oltre che dal Supremo Consiglio di Stato in Roma.<\/p>\n<p>Adesso anche la Corte dei Conti Centrale giudica i nostri atti perfetti, evidenziando , in modo chiaro e inconfutabile, la nostra totale estraniet\u00e0 ai fatti contestati e la bont\u00e0 delle decisioni prese a suo tempo , concretizzatesi nelle numerosissime delibere assunte, sempre approvate nell&#8217;interesse dei cittadini.<\/p>\n<p>In cinque anni (meno due mesi) abbiamo investito a favore di Ventimiglia, circa Euro 200.000.000,00 tra interventi pubblici e privati, e tutti si sono resi conto o si stanno rendendo conto della situazione attuale e che, (come ci viene correttamente riconosciuto) ancora oggi vengono inaugurati o cantierati opere da noi pensate , progettate, finanziate.<\/p>\n<p>Le invidie, le scorrettezze , i colpi bassi e le contrapposizioni personali pi\u00f9 che politiche , le menzogne gratuite, rivelatesi prive di riscontri e fondamenti da parte di un pusillanime, amplificate ad arte da alcuni media, l&#8217;errata interpretazione della realta&#8217;, la distorsione della verit\u00e0 dei fatti da parte di alcuni uomini e donne delle istituzioni, ci hanno fermato&#8230;. Pazienza &#8230;&#8230; Ma ci\u00f2 che si \u00e8 palesato in tutta la sua cruda evidenza, rappresentando quindi il danno peggiore possibile, \u00e8 consistito sicuramente, nel brusco STOP, imposto alla Citt\u00e0, bloccandone irrimediabilmente lo sviluppo, i grandi progetti, l&#8217;immagine, l&#8217;ordine, la pulizia, la manutenzione.<\/p>\n<p>A seguito dello scioglimento della nostra amministrazione e dall&#8217; arrivo dei tre commissari in poi, si \u00e8 provocato un gravissimo danno a Ventimiglia, un danno comprovato e reale, sotto gli occhi di tutti&#8230;.. questo s\u00ec che&#8230;. lo pagheremo noi, i nostri figli e i nostri nipoti&#8230;.!!!!<\/p>\n<p>30 settembre 2016 &#8211; Gaetano Antonio Scullino &#8211;<\/p>\n\t<div class=\"quickshare-container\">\r\n\t<ul class=\"quickshare-text qs-genericons quickshare-small\">\r\n\t\t<li class=\"quickshare-share\">Condividi :<\/li> \r\n\t\t<li><a href=\"https:\/\/facebook.com\/sharer.php?u=https%3A%2F%2Fwww.ventimigliablog.it%2Fblog%2Fla-verita-e-come-lolio-viene-sempre-a-galla%2F&amp;t=La+verit%C3%A0+%C3%A8+come+l%26%238217%3Bolio%3A+viene+sempre+a+galla%21+<+Ventimigliablog\" target=\"_blank\" title=\"Share on Facebook\"><span class=\"quickshare-facebook\">Facebook<\/span><\/a><\/li>\t\t<li><a href=\"https:\/\/twitter.com\/intent\/tweet?url=https%3A%2F%2Fwww.ventimigliablog.it%2Fblog%2Fla-verita-e-come-lolio-viene-sempre-a-galla%2F&amp;text=La+verit%C3%A0+%C3%A8+come+l%26%238217%3Bolio%3A+viene+sempre+a+galla%21+<+Ventimigliablog\" target=\"_blank\" title=\"Share on Twitter\"><span class=\"quickshare-twitter\">Twitter<\/span><\/a><\/li>\t\t\t\t\t\t<li><a href=\"https:\/\/plus.google.com\/share?url=https%3A%2F%2Fwww.ventimigliablog.it%2Fblog%2Fla-verita-e-come-lolio-viene-sempre-a-galla%2F\" target=\"_blank\" title=\"Share on Google+\"><span class=\"quickshare-googleplus\">Google+<\/span><\/a><\/li>\t\t\t\t\t\t\t\t<li><a href=\"mailto:?subject=Ventimigliablog:+La+verit%C3%A0+%C3%A8+come+l%26%238217%3Bolio%3A+viene+sempre+a+galla%21&amp;body=https%3A%2F%2Fwww.ventimigliablog.it%2Fblog%2Fla-verita-e-come-lolio-viene-sempre-a-galla%2F\" target=\"_blank\" title=\"Share via Email\"><span class=\"quickshare-email\">Email<\/span><\/a><\/li>\t<\/ul>\r\n\t<\/div>\r\n","protected":false},"excerpt":{"rendered":"<p>A seguito dell&#8217;ultimo pronunciamento ( datato 29 settembre 2016 ), della Corte dei Conti Centrale di Roma, in ordine alla vicenda degli incarichi dirigenziali , conferiti dall&#8217;Amministrazione Scullino ai funzionari comunali, Bosio e Grassano, che ha acclarato, per tale vicenda, &hellip; <a href=\"https:\/\/www.ventimigliablog.it\/blog\/la-verita-e-come-lolio-viene-sempre-a-galla\/\">Continua a leggere<span class=\"meta-nav\">&rarr;<\/span><\/a><\/p>\n","protected":false},"author":11,"featured_media":0,"comment_status":"open","ping_status":"closed","sticky":false,"template":"","format":"standard","meta":{"ngg_post_thumbnail":0,"footnotes":""},"categories":[3,7,6,10],"tags":[],"_links":{"self":[{"href":"https:\/\/www.ventimigliablog.it\/blog\/wp-json\/wp\/v2\/posts\/5468"}],"collection":[{"href":"https:\/\/www.ventimigliablog.it\/blog\/wp-json\/wp\/v2\/posts"}],"about":[{"href":"https:\/\/www.ventimigliablog.it\/blog\/wp-json\/wp\/v2\/types\/post"}],"author":[{"embeddable":true,"href":"https:\/\/www.ventimigliablog.it\/blog\/wp-json\/wp\/v2\/users\/11"}],"replies":[{"embeddable":true,"href":"https:\/\/www.ventimigliablog.it\/blog\/wp-json\/wp\/v2\/comments?post=5468"}],"version-history":[{"count":1,"href":"https:\/\/www.ventimigliablog.it\/blog\/wp-json\/wp\/v2\/posts\/5468\/revisions"}],"predecessor-version":[{"id":5561,"href":"https:\/\/www.ventimigliablog.it\/blog\/wp-json\/wp\/v2\/posts\/5468\/revisions\/5561"}],"wp:attachment":[{"href":"https:\/\/www.ventimigliablog.it\/blog\/wp-json\/wp\/v2\/media?parent=5468"}],"wp:term":[{"taxonomy":"category","embeddable":true,"href":"https:\/\/www.ventimigliablog.it\/blog\/wp-json\/wp\/v2\/categories?post=5468"},{"taxonomy":"post_tag","embeddable":true,"href":"https:\/\/www.ventimigliablog.it\/blog\/wp-json\/wp\/v2\/tags?post=5468"}],"curies":[{"name":"wp","href":"https:\/\/api.w.org\/{rel}","templated":true}]}}