{"id":5482,"date":"2016-10-29T12:33:51","date_gmt":"2016-10-29T10:33:51","guid":{"rendered":"http:\/\/www.ventimigliablog.it\/blog\/?p=5482"},"modified":"2017-07-06T11:47:25","modified_gmt":"2017-07-06T09:47:25","slug":"gli-israeliani-ce-lo-dicono-da-due-anni","status":"publish","type":"post","link":"https:\/\/www.ventimigliablog.it\/blog\/gli-israeliani-ce-lo-dicono-da-due-anni\/","title":{"rendered":"Gli israeliani ce lo dicono da due anni"},"content":{"rendered":"<p><span style=\"-webkit-tap-highlight-color: rgba(0, 0, 0, 0);\">Riceviamo e molto volentieri pubblichiamo questa analisi di politica estera dal nostro esperto di macroeconomia.<\/span><\/p>\n<p>Buona lettura a tutti!<\/p>\n<p><!--more-->La Nato dice che l\u2019Italia rischia grosso<\/p>\n<p>Doveva essere una semplice passerella. Un semplice e innocuo incontro formale tra parlamentari chiamati da ogni parte del mondo a Roma per rappresentare i paesi membri della Nato, i paesi Mediterranei e i paesi del Golfo all\u2019interno di un seminario congiunto organizzato dal gruppo speciale sul Mediterraneo e il medio oriente dell\u2019assemblea parlamentare della Nato (Gsm). Doveva essere un semplice punto della situazione, un freddo focus sullo stato delle minacce terroristiche, e invece, ieri pomeriggio, i 140 parlamentari chiamati a Roma a discutere di Stato islamico e flussi migratori hanno approvato un documento \u2013 l\u2019assemblea ha potere consultivo e di indirizzo politico dell\u2019alleanza \u2013 che far\u00e0 rumore: in cui per la prima volta in modo ufficiale e senza giri di parole si sceglie di mettere in evidenza alcune verit\u00e0 politicamente scorrette che toccano da vicino il futuro e la sicurezza del nostro paese. La prima verit\u00e0 contenuta nella relazione riguarda una minaccia che oggi appare concreta e che misteriosamente \u00e8 stata finora tenuta sotto traccia nel dibattito pubblico. Il gruppo speciale sul Mediterraneo e il medio oriente lo dice senza nascondersi: \u201cNon \u00e8 possibile escludere che Daesh possa sfruttare il traffico migratorio al fine d\u2019infiltrare proprio personale verso l\u2019Europa. Anzi \u2013 prosegue la relazione firmata dal deputato del Pd Andrea Manciulli e approvata ieri all\u2019unanimit\u00e0 \u2013 il rischio di infiltrazioni tra i migranti di elementi legati a formazioni terroristiche e radicali cresce in maniera esponenziale e diventa sempre pi\u00f9 probabile a causa della facilit\u00e0 di attraversamento dei confini e dei labili controlli lungo le direttrici\u201d.<\/p>\n<p>La relazione non si limita ad ammettere che lo Stato islamico (Daesh) possa infiltrare il suo personale nel traffico migratorio ma riconosce che le rotte pi\u00f9 pericolose per l\u2019Europa sono le due che passano direttamente dall\u2019Italia: la rotta mediterranea centrale, percorsa da migranti provenienti dall\u2019intero continente africano, dal medio oriente e dall\u2019Asia, che convergono principalmente in Libia; la rotta mediterranea orientale, che vede nel territorio turco lo snodo principale dei flussi provenienti dal medio oriente, dall\u2019Asia e dal Corno d\u2019Africa in direzione dell\u2019area Schengen, attraverso la Grecia e la penisola balcanica. Attraverso la Libia, leggiamo dal rapporto, lo Stato islamico potrebbe aver gi\u00e0 dato vita a una \u201craffinata pianificazione che mira ad infiltrare personale estremista tramite il vettore navale in previsione di un futuro ed ipotetico impiego che dovr\u00e0 essere collegato ad una fase ulteriore di reclutamento, organizzazione ed attuazione\u201d. E non solo: \u201cNon pu\u00f2 essere escluso che gli stessi possano dedicarsi ad attivit\u00e0 di reclutamento\/radicalizzazione di altri soggetti in seno a comunit\u00e0 a rischio, ponendo le basi per la creazione di cellule terroristiche home-grown. Peraltro, tale rischio, \u00e8 ulteriormente alimentato dalla presenza, nei Balcani occidentali, di strutture radicali, criminali e nazionalistiche, che potrebbero agevolare o supportare il movimento di elementi riconducibili alla sfera del terrorismo\u201d.<\/p>\n<p>La minaccia a tenaglia che mette l\u2019Italia al centro di un potenziale flusso non solo di migranti ma anche di possibili islamisti radicali risulta pi\u00f9 preoccupante se si aggiunge un altro tassello al ragionamento: il problema non \u00e8 solo la Libia ma \u00e8 soprattutto la \u201ccentralit\u00e0 assunta dai Balcani nella galassia del terrorismo internazionale di matrice islamico-radicale\u201d (centralit\u00e0 che nasce dalla diretta partecipazione in operazioni belliche in Siria e Iraq di numerosi individui di origine balcanica, circa mille, e dal transito di migliaia di foreign fighters su questo territorio).<\/p>\n<p>Accanto a questo scenario vi \u00e8 poi un altro elemento importante che \u00e8 stato riconosciuto ieri e che \u00e8 destinato a far discutere. I 140 parlamentari \u2013 oltre a mostrare a sorpresa apprezzamento per \u201cl\u2019efficacia dei raid aerei della coalizione internazionale e, pi\u00f9 recentemente, dell\u2019aeronautica militare russa, che hanno significativamente ridotto gli introiti dell\u2019organizzazione derivanti dal contrabbando di petrolio causando una forte restrizione della liquidit\u00e0 a disposizione di Al Baghdadi\u201d \u2013 hanno riconosciuto che l\u2019attuale disastro del medio oriente, compresa la proliferazione del terrorismo, non \u00e8 figlio delle guerre combattute dall\u2019occidente. E\u2019 figlio piuttosto di un grande disimpegno dell\u2019occidente (lo stay behind obamiano) di cui le primavere arabe sono state espressione diretta. L\u2019ammissione \u00e8 sorprendente: \u201cLe nuove crisi derivanti dalle \u2018rivoluzioni\u2019 anti regimi in nord Africa e medio oriente hanno aggravato i profili di criticit\u00e0 gi\u00e0 esistenti, moltiplicandone gli effetti\u2026 In termini di proliferazione dell\u2019estremismo la primavera araba ha offerto ampi margini di opportunit\u00e0 prontamente raccolte, in prima istanza, dai gruppi estremisti endogeni alle singole realt\u00e0 regionali\u2026 Le organizzazioni terroristiche transnazionali meglio strutturate non hanno ignorato le potenzialit\u00e0 di espansione in tali paesi, investendo risorse e pianificando azioni che potessero garantire una progressiva e persistente presenza\u201d. Il processo alle primavere arabe \u00e8 senza appello e la conclusione del rapporto arriva persino a dimostrare che il fallimento delle \u201crivoluzioni\u201d ha contribuito non solo a far \u201cproliferare l\u2019estremismo\u201d ma a creare flussi migratori potenzialmente minacciosi. \u201cIl vaso di Pandora scoperchiato con le primavere arabe e la perdurante crisi siro-irachena ha alimentato un fenomeno migratorio, gi\u00e0 noto in passato ma che oggi ha assunto proporzioni inquietanti sotto molteplici aspetti, non ultimo quello legato alla proliferazione della minaccia terroristica e della possibile penetrazione in territorio Europeo di estremisti. Sebbene tale aspetto non possa essere sottovalutato come possibile opzione nelle capacit\u00e0 dei gruppi estremisti presenti in Libia, occorre razionalizzarne i contenuti per far emergere l\u2019effettiva minaccia che esso rappresenta\u201d. Come dire, pi\u00f9 chiaro di cos\u00ec.<\/p>\n<p>29 ottobre 2016 &#8211; Beatrice Manzini<\/p>\n\t<div class=\"quickshare-container\">\r\n\t<ul class=\"quickshare-text qs-genericons quickshare-small\">\r\n\t\t<li class=\"quickshare-share\">Condividi :<\/li> \r\n\t\t<li><a href=\"https:\/\/facebook.com\/sharer.php?u=https%3A%2F%2Fwww.ventimigliablog.it%2Fblog%2Fgli-israeliani-ce-lo-dicono-da-due-anni%2F&amp;t=Gli+israeliani+ce+lo+dicono+da+due+anni+<+Ventimigliablog\" target=\"_blank\" title=\"Share on Facebook\"><span class=\"quickshare-facebook\">Facebook<\/span><\/a><\/li>\t\t<li><a href=\"https:\/\/twitter.com\/intent\/tweet?url=https%3A%2F%2Fwww.ventimigliablog.it%2Fblog%2Fgli-israeliani-ce-lo-dicono-da-due-anni%2F&amp;text=Gli+israeliani+ce+lo+dicono+da+due+anni+<+Ventimigliablog\" target=\"_blank\" title=\"Share on Twitter\"><span class=\"quickshare-twitter\">Twitter<\/span><\/a><\/li>\t\t\t\t\t\t<li><a href=\"https:\/\/plus.google.com\/share?url=https%3A%2F%2Fwww.ventimigliablog.it%2Fblog%2Fgli-israeliani-ce-lo-dicono-da-due-anni%2F\" target=\"_blank\" title=\"Share on Google+\"><span class=\"quickshare-googleplus\">Google+<\/span><\/a><\/li>\t\t\t\t\t\t\t\t<li><a href=\"mailto:?subject=Ventimigliablog:+Gli+israeliani+ce+lo+dicono+da+due+anni&amp;body=https%3A%2F%2Fwww.ventimigliablog.it%2Fblog%2Fgli-israeliani-ce-lo-dicono-da-due-anni%2F\" target=\"_blank\" title=\"Share via Email\"><span class=\"quickshare-email\">Email<\/span><\/a><\/li>\t<\/ul>\r\n\t<\/div>\r\n","protected":false},"excerpt":{"rendered":"<p>Riceviamo e molto volentieri pubblichiamo questa analisi di politica estera dal nostro esperto di macroeconomia. Buona lettura a tutti!<\/p>\n","protected":false},"author":11,"featured_media":0,"comment_status":"open","ping_status":"closed","sticky":false,"template":"","format":"standard","meta":{"ngg_post_thumbnail":0,"footnotes":""},"categories":[3,1,7],"tags":[],"_links":{"self":[{"href":"https:\/\/www.ventimigliablog.it\/blog\/wp-json\/wp\/v2\/posts\/5482"}],"collection":[{"href":"https:\/\/www.ventimigliablog.it\/blog\/wp-json\/wp\/v2\/posts"}],"about":[{"href":"https:\/\/www.ventimigliablog.it\/blog\/wp-json\/wp\/v2\/types\/post"}],"author":[{"embeddable":true,"href":"https:\/\/www.ventimigliablog.it\/blog\/wp-json\/wp\/v2\/users\/11"}],"replies":[{"embeddable":true,"href":"https:\/\/www.ventimigliablog.it\/blog\/wp-json\/wp\/v2\/comments?post=5482"}],"version-history":[{"count":1,"href":"https:\/\/www.ventimigliablog.it\/blog\/wp-json\/wp\/v2\/posts\/5482\/revisions"}],"predecessor-version":[{"id":5503,"href":"https:\/\/www.ventimigliablog.it\/blog\/wp-json\/wp\/v2\/posts\/5482\/revisions\/5503"}],"wp:attachment":[{"href":"https:\/\/www.ventimigliablog.it\/blog\/wp-json\/wp\/v2\/media?parent=5482"}],"wp:term":[{"taxonomy":"category","embeddable":true,"href":"https:\/\/www.ventimigliablog.it\/blog\/wp-json\/wp\/v2\/categories?post=5482"},{"taxonomy":"post_tag","embeddable":true,"href":"https:\/\/www.ventimigliablog.it\/blog\/wp-json\/wp\/v2\/tags?post=5482"}],"curies":[{"name":"wp","href":"https:\/\/api.w.org\/{rel}","templated":true}]}}