{"id":5505,"date":"2017-07-16T16:37:30","date_gmt":"2017-07-16T14:37:30","guid":{"rendered":"http:\/\/www.ventimigliablog.it\/blog\/?p=5505"},"modified":"2017-09-30T09:20:42","modified_gmt":"2017-09-30T07:20:42","slug":"con-aidda-la-zona-franca-di-ventimiglia-torna-sulla-rampa-di-lancio","status":"publish","type":"post","link":"https:\/\/www.ventimigliablog.it\/blog\/con-aidda-la-zona-franca-di-ventimiglia-torna-sulla-rampa-di-lancio\/","title":{"rendered":"Con Aidda la Zona franca di Ventimiglia torna sulla rampa di lancio"},"content":{"rendered":"<p style=\"text-align: left;\"><a href=\"http:\/\/www.ventimigliablog.it\/blog\/wp-content\/uploads\/2015\/11\/zfu.png\"><img loading=\"lazy\" decoding=\"async\" class=\"alignnone size-medium wp-image-5223\" src=\"http:\/\/www.ventimigliablog.it\/blog\/wp-content\/uploads\/2015\/11\/zfu-300x55.png\" alt=\"zfu\" width=\"300\" height=\"55\" srcset=\"https:\/\/www.ventimigliablog.it\/blog\/wp-content\/uploads\/2015\/11\/zfu-300x55.png 300w, https:\/\/www.ventimigliablog.it\/blog\/wp-content\/uploads\/2015\/11\/zfu.png 368w\" sizes=\"(max-width: 300px) 100vw, 300px\" \/><\/a><\/p>\n<p style=\"text-align: left;\">La presidente Claudia Torlasco con le collaboratrici del ponente ligure ha ottenuto incontri tesi a risolvere gli ostacoli che bloccavano la procedura.<\/p>\n<p style=\"text-align: justify;\">Il Decreto ministeriale \u00e8 ora all\u2019esame della Corte dei Conti per la registrazione; successivamente alla pubblicazione sulla Gazzetta ufficiale verranno rese note modalit\u00e0 e termini per l\u2019accesso alle agevolazioni alle imprese e ai professionisti che intendono svolgere la loro attivit\u00e0 nella Zona franca.<\/p>\n<p style=\"text-align: justify;\"><!--more-->Fonte: per leggere l&#8217;articolo clicca su:\u00a0<a href=\"https:\/\/www.riviera24.it\/2017\/07\/con-aidda-la-zona-franca-di-ventimiglia-torna-sulla-rampa-di-lancio-260137\/\" target=\"_blank\">https:\/\/www.riviera24.it\/2017\/07\/con-aidda-la-zona-franca-di-ventimiglia-torna-sulla-rampa-di-lancio-260137\/<\/a><\/p>\n<p style=\"text-align: justify;\">Complimenti all&#8217;Aidda, alla Presidente Claudia Torlasco, alla ventimigliese Gigliola Coppo e a tutti coloro che si sono prodigati. La zona franca urbana di Ventimiglia non \u00e8 pi\u00f9 purtroppo\u00a0come era\u00a0da noi\u00a0stata pensata e fatta nascere, ma comunque pu\u00f2 portare ancora qualche aiuto all&#8217;economia di Ventimiglia, soprattutto se ci fosse un&#8217;amministrazione capace di coniugare questa opportunit\u00e0 con altre (da &#8220;inventarsi&#8221;).<\/p>\n<p style=\"text-align: justify;\">Sar\u00e0 molto importante leggere il decreto di attuazione per capire le opportunit\u00e0, anche se limitate, che dar\u00e0 la zona franca\u00a0urbana di Ventimiglia. Potrebbe essere simile a quella gi\u00e0 varata in Emilia, gi\u00e0 commentata su questo blog, clicca\u00a0<a href=\"http:\/\/www.ventimigliablog.it\/blog\/?p=5222\" target=\"_blank\">qui<\/a>.<\/p>\n<p style=\"text-align: justify;\">16 luglio 2017 &#8211; Marco Prestileo<\/p>\n<p>&nbsp;<\/p>\n<p>&nbsp;<\/p>\n\t<div class=\"quickshare-container\">\r\n\t<ul class=\"quickshare-text qs-genericons quickshare-small\">\r\n\t\t<li class=\"quickshare-share\">Condividi :<\/li> \r\n\t\t<li><a href=\"https:\/\/facebook.com\/sharer.php?u=https%3A%2F%2Fwww.ventimigliablog.it%2Fblog%2Fcon-aidda-la-zona-franca-di-ventimiglia-torna-sulla-rampa-di-lancio%2F&amp;t=Con+Aidda+la+Zona+franca+di+Ventimiglia+torna+sulla+rampa+di+lancio+<+Ventimigliablog\" target=\"_blank\" title=\"Share on Facebook\"><span class=\"quickshare-facebook\">Facebook<\/span><\/a><\/li>\t\t<li><a href=\"https:\/\/twitter.com\/intent\/tweet?url=https%3A%2F%2Fwww.ventimigliablog.it%2Fblog%2Fcon-aidda-la-zona-franca-di-ventimiglia-torna-sulla-rampa-di-lancio%2F&amp;text=Con+Aidda+la+Zona+franca+di+Ventimiglia+torna+sulla+rampa+di+lancio+<+Ventimigliablog\" target=\"_blank\" title=\"Share on Twitter\"><span class=\"quickshare-twitter\">Twitter<\/span><\/a><\/li>\t\t\t\t\t\t<li><a href=\"https:\/\/plus.google.com\/share?url=https%3A%2F%2Fwww.ventimigliablog.it%2Fblog%2Fcon-aidda-la-zona-franca-di-ventimiglia-torna-sulla-rampa-di-lancio%2F\" target=\"_blank\" title=\"Share on Google+\"><span class=\"quickshare-googleplus\">Google+<\/span><\/a><\/li>\t\t\t\t\t\t\t\t<li><a href=\"mailto:?subject=Ventimigliablog:+Con+Aidda+la+Zona+franca+di+Ventimiglia+torna+sulla+rampa+di+lancio&amp;body=https%3A%2F%2Fwww.ventimigliablog.it%2Fblog%2Fcon-aidda-la-zona-franca-di-ventimiglia-torna-sulla-rampa-di-lancio%2F\" target=\"_blank\" title=\"Share via Email\"><span class=\"quickshare-email\">Email<\/span><\/a><\/li>\t<\/ul>\r\n\t<\/div>\r\n","protected":false},"excerpt":{"rendered":"<p>La presidente Claudia Torlasco con le collaboratrici del ponente ligure ha ottenuto incontri tesi a risolvere gli ostacoli che bloccavano la procedura. Il Decreto ministeriale \u00e8 ora all\u2019esame della Corte dei Conti per la registrazione; successivamente alla pubblicazione sulla Gazzetta &hellip; <a href=\"https:\/\/www.ventimigliablog.it\/blog\/con-aidda-la-zona-franca-di-ventimiglia-torna-sulla-rampa-di-lancio\/\">Continua a leggere<span class=\"meta-nav\">&rarr;<\/span><\/a><\/p>\n","protected":false},"author":10,"featured_media":0,"comment_status":"open","ping_status":"closed","sticky":false,"template":"","format":"standard","meta":{"ngg_post_thumbnail":0,"footnotes":""},"categories":[3,9,1,7,6],"tags":[258,81,35,252],"_links":{"self":[{"href":"https:\/\/www.ventimigliablog.it\/blog\/wp-json\/wp\/v2\/posts\/5505"}],"collection":[{"href":"https:\/\/www.ventimigliablog.it\/blog\/wp-json\/wp\/v2\/posts"}],"about":[{"href":"https:\/\/www.ventimigliablog.it\/blog\/wp-json\/wp\/v2\/types\/post"}],"author":[{"embeddable":true,"href":"https:\/\/www.ventimigliablog.it\/blog\/wp-json\/wp\/v2\/users\/10"}],"replies":[{"embeddable":true,"href":"https:\/\/www.ventimigliablog.it\/blog\/wp-json\/wp\/v2\/comments?post=5505"}],"version-history":[{"count":3,"href":"https:\/\/www.ventimigliablog.it\/blog\/wp-json\/wp\/v2\/posts\/5505\/revisions"}],"predecessor-version":[{"id":5508,"href":"https:\/\/www.ventimigliablog.it\/blog\/wp-json\/wp\/v2\/posts\/5505\/revisions\/5508"}],"wp:attachment":[{"href":"https:\/\/www.ventimigliablog.it\/blog\/wp-json\/wp\/v2\/media?parent=5505"}],"wp:term":[{"taxonomy":"category","embeddable":true,"href":"https:\/\/www.ventimigliablog.it\/blog\/wp-json\/wp\/v2\/categories?post=5505"},{"taxonomy":"post_tag","embeddable":true,"href":"https:\/\/www.ventimigliablog.it\/blog\/wp-json\/wp\/v2\/tags?post=5505"}],"curies":[{"name":"wp","href":"https:\/\/api.w.org\/{rel}","templated":true}]}}