{"id":5511,"date":"2017-07-20T14:31:29","date_gmt":"2017-07-20T12:31:29","guid":{"rendered":"http:\/\/www.ventimigliablog.it\/blog\/?p=5511"},"modified":"2017-09-30T09:20:47","modified_gmt":"2017-09-30T07:20:47","slug":"rigettato-il-ricorso-della-casa-della-legalita-dal-consiglio-di-stato-la-soddisfazione-dellex-sindaco-scullino","status":"publish","type":"post","link":"https:\/\/www.ventimigliablog.it\/blog\/rigettato-il-ricorso-della-casa-della-legalita-dal-consiglio-di-stato-la-soddisfazione-dellex-sindaco-scullino\/","title":{"rendered":"Rigettato il ricorso della Casa della Legalit\u00e0 dal Consiglio di Stato: la soddisfazione dell&#8217;ex Sindaco Scullino"},"content":{"rendered":"<p><a href=\"http:\/\/www.ventimigliablog.it\/blog\/?attachment_id=5512\" rel=\"attachment wp-att-5512\"><img loading=\"lazy\" decoding=\"async\" class=\"aligncenter size-medium wp-image-5512\" src=\"http:\/\/www.ventimigliablog.it\/blog\/wp-content\/uploads\/2017\/07\/IMG_0933-300x200.jpg\" alt=\"IMG_0933\" width=\"300\" height=\"200\" srcset=\"https:\/\/www.ventimigliablog.it\/blog\/wp-content\/uploads\/2017\/07\/IMG_0933-300x200.jpg 300w, https:\/\/www.ventimigliablog.it\/blog\/wp-content\/uploads\/2017\/07\/IMG_0933-451x300.jpg 451w, https:\/\/www.ventimigliablog.it\/blog\/wp-content\/uploads\/2017\/07\/IMG_0933.jpg 800w\" sizes=\"(max-width: 300px) 100vw, 300px\" \/><\/a><\/p>\n<p>Rigettato il ricorso della Casa della Legalit\u00e0 dal Consiglio di Stato. La dichiarazione di Scullino : \u201cConfermata la grave ingiustizia e riabilitato il nostro lavoro\u201d.<\/p>\n<p>Il consiglio di stato rigetta l&#8217;ultimo ricorso e dichiara l&#8217;illegittimit\u00e0 dell&#8217;allora scioglimento del comune di Ventimiglia, avvenuto ormai pi\u00f9 di cinque anni fa ( era il 6 febbraio 2012).<\/p>\n<p>Ventimiglia. Questa mattina \u00e8 uscita la sentenza definitiva del Consiglio di Stato dove \u00e8 stato rigettato il ricorso della Casa della Legalit\u00e0 sulla revocazione della sentenza, 24 febbraio 2016, n. 748, con la quale la Sezione ha annullato, in riforma della sentenza del Tar Lazio, lo scioglimento per mafia del comune di Ventimiglia, disposto con dPR 6 febbraio 2012 e condannati al pagamento delle spese processuali.<br \/>\nSoddisfatto l\u2019ex sindaco di Ventimiglia Gaetano Scullino che chiude un ingiusto calvario iniziato pi\u00f9 di 5 anni fa: \u201cIl consiglio di stato ha definitivamente sancito che il ricorso presentato ribadiva la revocazione della sentenza dell\u201911\/2\/2016 e stamattina hanno definitivamente rigettato questa ultima istanza sancendo, qualora ce ne fosse stato il bisogno, che lo scioglimento dell\u2019amministrazione Scullino avvenuto il 26\/2\/2012 \u00e8 stato un atto illegittimo, in quanto non solo non c\u2019erano le prove del coinvolgimento della mia amministrazione ma neanche il minimo indizio.<br \/>\nDi conseguenza \u2013 prosegue Scullino \u2013 il consiglio di stato rigetta l\u2019ultimo ricorso e dichiara l\u2019illegittimit\u00e0 dell\u2019allora scioglimento. In qualit\u00e0 di ex sindaco sono contento del giudizio che conferma la grave ingiustizia subita e riabilita totalmente il nostro grande lavoro politico amministrativo di 5 anni di attivit\u00e0 portata avanti nel rispetto di leggi e regolamenti con provata passione e riconosciuto impegno.\u201d<\/p>\n<p>20 luglio 2017 &#8211; Bea M. &#8211;<\/p>\n\t<div class=\"quickshare-container\">\r\n\t<ul class=\"quickshare-text qs-genericons quickshare-small\">\r\n\t\t<li class=\"quickshare-share\">Condividi :<\/li> \r\n\t\t<li><a href=\"https:\/\/facebook.com\/sharer.php?u=https%3A%2F%2Fwww.ventimigliablog.it%2Fblog%2Frigettato-il-ricorso-della-casa-della-legalita-dal-consiglio-di-stato-la-soddisfazione-dellex-sindaco-scullino%2F&amp;t=Rigettato+il+ricorso+della+Casa+della+Legalit%C3%A0+dal+Consiglio+di+Stato%3A+la+soddisfazione+dell%26%238217%3Bex+Sindaco+Scullino+<+Ventimigliablog\" target=\"_blank\" title=\"Share on Facebook\"><span class=\"quickshare-facebook\">Facebook<\/span><\/a><\/li>\t\t<li><a href=\"https:\/\/twitter.com\/intent\/tweet?url=https%3A%2F%2Fwww.ventimigliablog.it%2Fblog%2Frigettato-il-ricorso-della-casa-della-legalita-dal-consiglio-di-stato-la-soddisfazione-dellex-sindaco-scullino%2F&amp;text=Rigettato+il+ricorso+della+Casa+della+Legalit%C3%A0+dal+Consiglio+di+Stato%3A+la+soddisfazione+dell%26%238217%3Bex+Sindaco+Scullino+<+Ventimigliablog\" target=\"_blank\" title=\"Share on Twitter\"><span class=\"quickshare-twitter\">Twitter<\/span><\/a><\/li>\t\t\t\t\t\t<li><a href=\"https:\/\/plus.google.com\/share?url=https%3A%2F%2Fwww.ventimigliablog.it%2Fblog%2Frigettato-il-ricorso-della-casa-della-legalita-dal-consiglio-di-stato-la-soddisfazione-dellex-sindaco-scullino%2F\" target=\"_blank\" title=\"Share on Google+\"><span class=\"quickshare-googleplus\">Google+<\/span><\/a><\/li>\t\t\t\t\t\t\t\t<li><a href=\"mailto:?subject=Ventimigliablog:+Rigettato+il+ricorso+della+Casa+della+Legalit%C3%A0+dal+Consiglio+di+Stato%3A+la+soddisfazione+dell%26%238217%3Bex+Sindaco+Scullino&amp;body=https%3A%2F%2Fwww.ventimigliablog.it%2Fblog%2Frigettato-il-ricorso-della-casa-della-legalita-dal-consiglio-di-stato-la-soddisfazione-dellex-sindaco-scullino%2F\" target=\"_blank\" title=\"Share via Email\"><span class=\"quickshare-email\">Email<\/span><\/a><\/li>\t<\/ul>\r\n\t<\/div>\r\n","protected":false},"excerpt":{"rendered":"<p>Rigettato il ricorso della Casa della Legalit\u00e0 dal Consiglio di Stato. La dichiarazione di Scullino : \u201cConfermata la grave ingiustizia e riabilitato il nostro lavoro\u201d. Il consiglio di stato rigetta l&#8217;ultimo ricorso e dichiara l&#8217;illegittimit\u00e0 dell&#8217;allora scioglimento del comune di &hellip; <a href=\"https:\/\/www.ventimigliablog.it\/blog\/rigettato-il-ricorso-della-casa-della-legalita-dal-consiglio-di-stato-la-soddisfazione-dellex-sindaco-scullino\/\">Continua a leggere<span class=\"meta-nav\">&rarr;<\/span><\/a><\/p>\n","protected":false},"author":11,"featured_media":0,"comment_status":"open","ping_status":"closed","sticky":false,"template":"","format":"standard","meta":{"ngg_post_thumbnail":0,"footnotes":""},"categories":[3,6],"tags":[],"_links":{"self":[{"href":"https:\/\/www.ventimigliablog.it\/blog\/wp-json\/wp\/v2\/posts\/5511"}],"collection":[{"href":"https:\/\/www.ventimigliablog.it\/blog\/wp-json\/wp\/v2\/posts"}],"about":[{"href":"https:\/\/www.ventimigliablog.it\/blog\/wp-json\/wp\/v2\/types\/post"}],"author":[{"embeddable":true,"href":"https:\/\/www.ventimigliablog.it\/blog\/wp-json\/wp\/v2\/users\/11"}],"replies":[{"embeddable":true,"href":"https:\/\/www.ventimigliablog.it\/blog\/wp-json\/wp\/v2\/comments?post=5511"}],"version-history":[{"count":2,"href":"https:\/\/www.ventimigliablog.it\/blog\/wp-json\/wp\/v2\/posts\/5511\/revisions"}],"predecessor-version":[{"id":5514,"href":"https:\/\/www.ventimigliablog.it\/blog\/wp-json\/wp\/v2\/posts\/5511\/revisions\/5514"}],"wp:attachment":[{"href":"https:\/\/www.ventimigliablog.it\/blog\/wp-json\/wp\/v2\/media?parent=5511"}],"wp:term":[{"taxonomy":"category","embeddable":true,"href":"https:\/\/www.ventimigliablog.it\/blog\/wp-json\/wp\/v2\/categories?post=5511"},{"taxonomy":"post_tag","embeddable":true,"href":"https:\/\/www.ventimigliablog.it\/blog\/wp-json\/wp\/v2\/tags?post=5511"}],"curies":[{"name":"wp","href":"https:\/\/api.w.org\/{rel}","templated":true}]}}