{"id":5528,"date":"2017-09-29T19:14:56","date_gmt":"2017-09-29T17:14:56","guid":{"rendered":"http:\/\/www.ventimigliablog.it\/blog\/?p=5528"},"modified":"2017-09-30T09:21:08","modified_gmt":"2017-09-30T07:21:08","slug":"la-zona-franca-urbana-di-ventimiglia-e-nata-sotto-lamministrazione-scullino","status":"publish","type":"post","link":"https:\/\/www.ventimigliablog.it\/blog\/la-zona-franca-urbana-di-ventimiglia-e-nata-sotto-lamministrazione-scullino\/","title":{"rendered":"La zona franca urbana di Ventimiglia \u00e8 nata sotto l&#8217;amministrazione Scullino"},"content":{"rendered":"<p style=\"text-align: left;\"><a href=\"http:\/\/www.ventimigliablog.it\/blog\/wp-content\/uploads\/2015\/11\/zfu.png\"><img loading=\"lazy\" decoding=\"async\" class=\"alignnone size-medium wp-image-5223\" src=\"http:\/\/www.ventimigliablog.it\/blog\/wp-content\/uploads\/2015\/11\/zfu-300x55.png\" alt=\"zfu\" width=\"300\" height=\"55\" srcset=\"https:\/\/www.ventimigliablog.it\/blog\/wp-content\/uploads\/2015\/11\/zfu-300x55.png 300w, https:\/\/www.ventimigliablog.it\/blog\/wp-content\/uploads\/2015\/11\/zfu.png 368w\" sizes=\"(max-width: 300px) 100vw, 300px\" \/><\/a>\u00a0La zona franca urbana di Ventimiglia \u00e8 una realt\u00e0 che da anni aspetta di essere lanciata con un semplice decreto e una circolare ministeriale. In questi anni sono realmente partite molte zone franche urbane, le ultime sono quelle delle zone colpite dall\u2019alluvione del gennaio 2014 e dai recenti terremoti. Siamo in attesa di conoscere come funzioner\u00e0 quella di Ventimiglia.<\/p>\n<p>In alcune zone franche, ad esempio, le agevolazioni sono solo fiscali e rivolte alle microimprese esistenti ad un a certa data che operano con determinati requisiti all\u2019interno del perimetro della zona. Per Ventimiglia la perimetrazione \u00e8 quella varata, sulla base dei rigidi requisiti ministeriali per le zone sottosviluppate, dall\u2019Amministrazione Scullino, nel lontano 2009, che aveva subito intuito la grande opportunit\u00e0 di una zona franca urbana a Ventimiglia.<!--more--><\/p>\n<p>Evidenzio che, ai sensi della normativa comunitaria, sono considerate \u201cmicroimprese\u201d le imprese che hanno meno di 10 occupati e un fatturato, oppure un totale di bilancio annuo, inferiore ai 2 milioni di euro. Per Ventimiglia si prevedeva (e si spera che sia ancora cos\u00ec) l\u2019estensione anche alle \u201cpiccole imprese\u201d e non solo alle microimprese nel tentativo di aprire a nuove realt\u00e0 imprenditoriali. Vedremo il decreto di attuazione cosa dir\u00e0, i soldi che saranno messi a disposizione sono determinanti, insieme alla volont\u00e0 dell\u2019amministrazione cittadina, per individuare esattamente eventuali requisiti dimensionali che l\u2019impresa dovr\u00e0 avere.<\/p>\n<p>Vedremo se la zona franca ventimigliese limiter\u00e0 le agevolazioni fiscali alle imprese gi\u00e0 costituite entro una certa data oppure se, come era originariamente nata la zona franca urbana di Ventimiglia, le agevolazioni saranno dirette alle nuove imprese per stimolare l\u2019afflusso di nuove realt\u00e0 imprenditoriali nella zona, penso alle aree del Parco Roja e ad altre. Non \u00e8 neanche errato pensare alle imprese esistenti ma allora occorrerebbe dare il tempo anche a nuove realt\u00e0 di insediarsi, ad esempio entro il 31 dicembre 2018.. Lo scopo originario della zona franca urbana non era solo quello di aiutare le imprese ma anche di consentire lo sviluppo di zone depresse e rilanciare l\u2019economia cittadina e l\u2019occupazione.<\/p>\n<p>E\u2019 molto importante capire se verr\u00e0 consentito all\u2019amministrazione comunale di individuare il codice di attivit\u00e0 ammissibile alle agevolazioni, primario o secondario, ritenendosi tale quello dell\u2019attivit\u00e0 svolta nella sede principale o nell\u2019unit\u00e0 locale ubicata nella zona franca che dovr\u00e0 risultare dal certificato camerale dell\u2019impresa istante e da un\u2019attestazione comunale. Il genere di attivit\u00e0 agevolabile dovrebbe essere pensato unitamente alle possibilit\u00e0 di sviluppo della zona franca.<\/p>\n<p>Nei limiti delle risorse disponibili, le imprese potranno beneficiare delle seguenti agevolazioni fiscali:<\/p>\n<ol>\n<li>a) esenzione dalle imposte sui redditi;<\/li>\n<li>b) esenzione dall\u2019imposta regionale sulle attivit\u00e0 produttive;<\/li>\n<li>c) esenzione dall\u2019imposta municipale propria.<\/li>\n<\/ol>\n<p>In molte zone franche non \u00e8 pi\u00f9 stata inserita l\u2019agevolazione contributiva per le nuove assunzioni che nell\u2019originaria normativa invece erano previste.<\/p>\n<p>L\u2019agevolazione principale, quella dalle imposte sui redditi, sar\u00e0 limitato naturalmente al solo reddito derivante dall\u2019attivit\u00e0 svolta dall\u2019impresa all\u2019interno del territorio della zona franca, fino a concorrenza di un determinato importo (probabilmente euro 100.000,00), fatto salvo quanto previsto in termini di maggiorazioni. Per incentivare nuove assunzioni, anche in assenza di agevolazioni contributive, si potrebbe dire che detto importo sia maggiorato, ad esempio, di euro 5.000 per ogni nuovo dipendente assunto.<\/p>\n<p>Certo molte questione sarebbe stato meglio discuterle tecnicamente in via preventiva con i ministeri competenti, comunque accogliamo con grande soddisfazione qualunque agevolazioni arriver\u00e0, meglio che niente.<\/p>\n<p>Le agevolazioni saranno probabilmente ripartire, sempre a differenza dell\u2019originaria zona franca del 2009, sulla base della somma stanziata, in base alla richieste pervenute entro un certo termine da stabilirsi e ripartite pro quota, sotto forma di credito d\u2019imposta, tra le imprese richiedenti e aventi titolo. Non saranno quindi previsti, molto probabilmente, contributi economici in denaro ma crediti d\u2019imposta che potranno essere utilizzati per pagare, compensando, le imposte.<\/p>\n<p>Le agevolazioni sono pertanto fruite dalle imprese beneficiarie fino al raggiungimento dell\u2019importo dell\u2019agevolazione concessa, cos\u00ec come determinato dal Ministero a seguito del riparto effettuato sulla base delle valide domande pervenute, in compensazione sul modello F24 con il quale si pagano appunto le imposte e tasse.<\/p>\n<p>28 settembre 2017 \u2013 Marco Prestileo<\/p>\n\t<div class=\"quickshare-container\">\r\n\t<ul class=\"quickshare-text qs-genericons quickshare-small\">\r\n\t\t<li class=\"quickshare-share\">Condividi :<\/li> \r\n\t\t<li><a href=\"https:\/\/facebook.com\/sharer.php?u=https%3A%2F%2Fwww.ventimigliablog.it%2Fblog%2Fla-zona-franca-urbana-di-ventimiglia-e-nata-sotto-lamministrazione-scullino%2F&amp;t=La+zona+franca+urbana+di+Ventimiglia+%C3%A8+nata+sotto+l%26%238217%3Bamministrazione+Scullino+<+Ventimigliablog\" target=\"_blank\" title=\"Share on Facebook\"><span class=\"quickshare-facebook\">Facebook<\/span><\/a><\/li>\t\t<li><a href=\"https:\/\/twitter.com\/intent\/tweet?url=https%3A%2F%2Fwww.ventimigliablog.it%2Fblog%2Fla-zona-franca-urbana-di-ventimiglia-e-nata-sotto-lamministrazione-scullino%2F&amp;text=La+zona+franca+urbana+di+Ventimiglia+%C3%A8+nata+sotto+l%26%238217%3Bamministrazione+Scullino+<+Ventimigliablog\" target=\"_blank\" title=\"Share on Twitter\"><span class=\"quickshare-twitter\">Twitter<\/span><\/a><\/li>\t\t\t\t\t\t<li><a href=\"https:\/\/plus.google.com\/share?url=https%3A%2F%2Fwww.ventimigliablog.it%2Fblog%2Fla-zona-franca-urbana-di-ventimiglia-e-nata-sotto-lamministrazione-scullino%2F\" target=\"_blank\" title=\"Share on Google+\"><span class=\"quickshare-googleplus\">Google+<\/span><\/a><\/li>\t\t\t\t\t\t\t\t<li><a href=\"mailto:?subject=Ventimigliablog:+La+zona+franca+urbana+di+Ventimiglia+%C3%A8+nata+sotto+l%26%238217%3Bamministrazione+Scullino&amp;body=https%3A%2F%2Fwww.ventimigliablog.it%2Fblog%2Fla-zona-franca-urbana-di-ventimiglia-e-nata-sotto-lamministrazione-scullino%2F\" target=\"_blank\" title=\"Share via Email\"><span class=\"quickshare-email\">Email<\/span><\/a><\/li>\t<\/ul>\r\n\t<\/div>\r\n","protected":false},"excerpt":{"rendered":"<p>\u00a0La zona franca urbana di Ventimiglia \u00e8 una realt\u00e0 che da anni aspetta di essere lanciata con un semplice decreto e una circolare ministeriale. In questi anni sono realmente partite molte zone franche urbane, le ultime sono quelle delle zone &hellip; <a href=\"https:\/\/www.ventimigliablog.it\/blog\/la-zona-franca-urbana-di-ventimiglia-e-nata-sotto-lamministrazione-scullino\/\">Continua a leggere<span class=\"meta-nav\">&rarr;<\/span><\/a><\/p>\n","protected":false},"author":3,"featured_media":3063,"comment_status":"open","ping_status":"closed","sticky":false,"template":"","format":"standard","meta":{"ngg_post_thumbnail":0,"footnotes":""},"categories":[3,1,7,6],"tags":[258,290,291,35,12,289],"_links":{"self":[{"href":"https:\/\/www.ventimigliablog.it\/blog\/wp-json\/wp\/v2\/posts\/5528"}],"collection":[{"href":"https:\/\/www.ventimigliablog.it\/blog\/wp-json\/wp\/v2\/posts"}],"about":[{"href":"https:\/\/www.ventimigliablog.it\/blog\/wp-json\/wp\/v2\/types\/post"}],"author":[{"embeddable":true,"href":"https:\/\/www.ventimigliablog.it\/blog\/wp-json\/wp\/v2\/users\/3"}],"replies":[{"embeddable":true,"href":"https:\/\/www.ventimigliablog.it\/blog\/wp-json\/wp\/v2\/comments?post=5528"}],"version-history":[{"count":5,"href":"https:\/\/www.ventimigliablog.it\/blog\/wp-json\/wp\/v2\/posts\/5528\/revisions"}],"predecessor-version":[{"id":5534,"href":"https:\/\/www.ventimigliablog.it\/blog\/wp-json\/wp\/v2\/posts\/5528\/revisions\/5534"}],"wp:featuredmedia":[{"embeddable":true,"href":"https:\/\/www.ventimigliablog.it\/blog\/wp-json\/wp\/v2\/media\/3063"}],"wp:attachment":[{"href":"https:\/\/www.ventimigliablog.it\/blog\/wp-json\/wp\/v2\/media?parent=5528"}],"wp:term":[{"taxonomy":"category","embeddable":true,"href":"https:\/\/www.ventimigliablog.it\/blog\/wp-json\/wp\/v2\/categories?post=5528"},{"taxonomy":"post_tag","embeddable":true,"href":"https:\/\/www.ventimigliablog.it\/blog\/wp-json\/wp\/v2\/tags?post=5528"}],"curies":[{"name":"wp","href":"https:\/\/api.w.org\/{rel}","templated":true}]}}