{"id":5569,"date":"2017-10-13T11:07:57","date_gmt":"2017-10-13T09:07:57","guid":{"rendered":"http:\/\/www.ventimigliablog.it\/blog\/?p=5569"},"modified":"2017-10-13T11:07:57","modified_gmt":"2017-10-13T09:07:57","slug":"imposta-di-soggiorno","status":"publish","type":"post","link":"https:\/\/www.ventimigliablog.it\/blog\/imposta-di-soggiorno\/","title":{"rendered":"Imposta di soggiorno"},"content":{"rendered":"<p>Io credo che il problema non sia &#8220;imposta di soggiorno si&#8221; o &#8220;imposta di soggiorno no&#8221;. Intanto, chiariamo che si tratta di una tassa e non di una imposta: la tassa \u00e8 il prezzo che si paga per ottenere un servizio ed quindi correttamente applicata ai <em>mangiamerluzzi foresti<\/em> per risarcire i cittadini di un determinato posto del danno che subiscono dal sovraffollamento derivante dai loro SUV da 46 metri. <!--more-->Quindi, la logica vorrebbe che un&#8217;amministrazione comunale decidesse &#8220;si alla tassa di soggiorno&#8221; spiegando anche a cosa verr\u00e0 destinata. Un imposta di soggiorno utilizzata per migliorare la situazione dei parcheggi o promuovere il territorio sarebbe una bella cosa. Un imposta di soggiorno applicata &#8220;perch\u00e9 ce l&#8217;hanno tutti&#8221; \u00e8 un fastidioso prelievo sintomo di chi non sa pi\u00f9 come raccattare spiccioli.<\/p>\n<p>Suggerisco all&#8217;amministrazione di valutare molte altre tasse: tasse a chi gira col camion nel centro cittadino (destinate a migliorare la viabilit\u00e0), tasse a chi si muove in macchina il venerd\u00ec (destinate ai parcheggi). Naturalmente, man mano che aumentano le tasse (che colpiscono giustamente, chi crea un disagio o chi usa un servizio) bisogna ridurre le imposte (applicate a tutti, buoni e cattivi). Con la sostituzione di imposte con tasse si premiano i cittadini che si comportano in modo virtuoso e si migliora l&#8217;uso delle risorse di tutti. E&#8217; possibile? Molto meglio applicare le une e le altre e mettere tutto nello stesso borsellino&#8230;..bucato&#8230;.<\/p>\n<p>13 ottobre 2017 &#8211; Albino Dicerto<\/p>\n\t<div class=\"quickshare-container\">\r\n\t<ul class=\"quickshare-text qs-genericons quickshare-small\">\r\n\t\t<li class=\"quickshare-share\">Condividi :<\/li> \r\n\t\t<li><a href=\"https:\/\/facebook.com\/sharer.php?u=https%3A%2F%2Fwww.ventimigliablog.it%2Fblog%2Fimposta-di-soggiorno%2F&amp;t=Imposta+di+soggiorno+<+Ventimigliablog\" target=\"_blank\" title=\"Share on Facebook\"><span class=\"quickshare-facebook\">Facebook<\/span><\/a><\/li>\t\t<li><a href=\"https:\/\/twitter.com\/intent\/tweet?url=https%3A%2F%2Fwww.ventimigliablog.it%2Fblog%2Fimposta-di-soggiorno%2F&amp;text=Imposta+di+soggiorno+<+Ventimigliablog\" target=\"_blank\" title=\"Share on Twitter\"><span class=\"quickshare-twitter\">Twitter<\/span><\/a><\/li>\t\t\t\t\t\t<li><a href=\"https:\/\/plus.google.com\/share?url=https%3A%2F%2Fwww.ventimigliablog.it%2Fblog%2Fimposta-di-soggiorno%2F\" target=\"_blank\" title=\"Share on Google+\"><span class=\"quickshare-googleplus\">Google+<\/span><\/a><\/li>\t\t\t\t\t\t\t\t<li><a href=\"mailto:?subject=Ventimigliablog:+Imposta+di+soggiorno&amp;body=https%3A%2F%2Fwww.ventimigliablog.it%2Fblog%2Fimposta-di-soggiorno%2F\" target=\"_blank\" title=\"Share via Email\"><span class=\"quickshare-email\">Email<\/span><\/a><\/li>\t<\/ul>\r\n\t<\/div>\r\n","protected":false},"excerpt":{"rendered":"<p>Io credo che il problema non sia &#8220;imposta di soggiorno si&#8221; o &#8220;imposta di soggiorno no&#8221;. Intanto, chiariamo che si tratta di una tassa e non di una imposta: la tassa \u00e8 il prezzo che si paga per ottenere un &hellip; <a href=\"https:\/\/www.ventimigliablog.it\/blog\/imposta-di-soggiorno\/\">Continua a leggere<span class=\"meta-nav\">&rarr;<\/span><\/a><\/p>\n","protected":false},"author":12,"featured_media":0,"comment_status":"open","ping_status":"closed","sticky":false,"template":"","format":"standard","meta":{"ngg_post_thumbnail":0,"footnotes":""},"categories":[1],"tags":[],"_links":{"self":[{"href":"https:\/\/www.ventimigliablog.it\/blog\/wp-json\/wp\/v2\/posts\/5569"}],"collection":[{"href":"https:\/\/www.ventimigliablog.it\/blog\/wp-json\/wp\/v2\/posts"}],"about":[{"href":"https:\/\/www.ventimigliablog.it\/blog\/wp-json\/wp\/v2\/types\/post"}],"author":[{"embeddable":true,"href":"https:\/\/www.ventimigliablog.it\/blog\/wp-json\/wp\/v2\/users\/12"}],"replies":[{"embeddable":true,"href":"https:\/\/www.ventimigliablog.it\/blog\/wp-json\/wp\/v2\/comments?post=5569"}],"version-history":[{"count":2,"href":"https:\/\/www.ventimigliablog.it\/blog\/wp-json\/wp\/v2\/posts\/5569\/revisions"}],"predecessor-version":[{"id":5572,"href":"https:\/\/www.ventimigliablog.it\/blog\/wp-json\/wp\/v2\/posts\/5569\/revisions\/5572"}],"wp:attachment":[{"href":"https:\/\/www.ventimigliablog.it\/blog\/wp-json\/wp\/v2\/media?parent=5569"}],"wp:term":[{"taxonomy":"category","embeddable":true,"href":"https:\/\/www.ventimigliablog.it\/blog\/wp-json\/wp\/v2\/categories?post=5569"},{"taxonomy":"post_tag","embeddable":true,"href":"https:\/\/www.ventimigliablog.it\/blog\/wp-json\/wp\/v2\/tags?post=5569"}],"curies":[{"name":"wp","href":"https:\/\/api.w.org\/{rel}","templated":true}]}}