{"id":5573,"date":"2017-10-15T10:46:27","date_gmt":"2017-10-15T08:46:27","guid":{"rendered":"http:\/\/www.ventimigliablog.it\/blog\/?p=5573"},"modified":"2017-10-15T10:46:27","modified_gmt":"2017-10-15T08:46:27","slug":"la-zona-franca-urbana-di-ventimiglia-comunque-unopportunita-marco-prestileo","status":"publish","type":"post","link":"https:\/\/www.ventimigliablog.it\/blog\/la-zona-franca-urbana-di-ventimiglia-comunque-unopportunita-marco-prestileo\/","title":{"rendered":"La zona franca urbana di Ventimiglia, comunque un&#8217;opportunit\u00e0 &#8211; Marco Prestileo"},"content":{"rendered":"<p style=\"text-align: left\"><a href=\"http:\/\/www.ventimigliablog.it\/blog\/wp-content\/uploads\/2013\/10\/zfu.jpg\"><img loading=\"lazy\" decoding=\"async\" class=\"size-full wp-image-3063 alignright\" src=\"http:\/\/www.ventimigliablog.it\/blog\/wp-content\/uploads\/2013\/10\/zfu.jpg\" alt=\"zfu\" width=\"190\" height=\"265\" \/><\/a>La zona franca urbana di Ventimiglia, nata sotto l\u2019amministrazione Scullino nel 2009, \u00e8 stata gravemente penalizzata sotto la gestione commissariale nel 2013, quando la zona franca urbana di Ventimiglia non \u00e8 stata finanziata perch\u00e9 i soldi sono stati destinati solo alle zone franche urbana, istituite insieme a Ventimiglia, del meridione d\u2019Italia.<\/p>\n<p>La zona franca di Ventimiglia \u00e8 comunque una risorsa importante, anche se inizialmente saranno stanziati per essa non molti soldi. Non bisogna mollare, bene quindi agisce il Sindaco Ioculano quando insiste sull\u2019importanza di questa iniziativa. Sulla zona franca come su altri grandi progetti le forze politiche dovrebbero convergere nell\u2019interesse della Citt\u00e0. Arrivati i primi finanziamenti, anche se modesti, si avr\u00e0 tempo negli anni successivi per ottenerne di nuovi, come \u00e8 gi\u00e0 accaduto nel resto d\u2019Italia. Certo bisogna dimostrare che siamo in grado di far funzionare bene la zona franca e che all\u2019interno di essa si avvii un rilancio economico. Intorno alla zona franca dovranno essere realizzati altri progetti di sviluppo sostenibile.<!--more--><\/p>\n<p>Vediamo per\u00f2 alcune novit\u00e0 pubblicate in questa settimana in Gazzetta Ufficiale, a seguito della recente pubblicazione del decreto del Ministero dello Sviluppo Economico (MiSE) del giugno 2017, che modifica i termini delle agevolazioni fiscali e contributive in favore di micro e piccole imprese localizzate nelle ZFU (zone franche urbane) delle regioni dell\u2019obiettivo Convergenza, sostanzialmente per le sole regioni del Sud Italia.<\/p>\n<p>I vantaggi fiscali derivanti dalla zona franca sono noti: aiuti sulle imposte sui redditi, IRAP, IMU per immobili posseduti e utilizzati per attivit\u00e0 d\u2019impresa e, speriamo siano confermati, i contributi su lavoro dipendente. Oggi, con il recente decreto ministeriale 2017, le agevolazioni per le zone franche meridionali sono state estese anche ai professionisti.<\/p>\n<p><strong><strong>Aspettiamo di leggere il decreto ministeriale per Ventimiglia,<\/strong><\/strong> ma non dovrebbe discostarsi di molto da quello delle zone meridionali, salvo che per gli stanziamenti. Quindi \u00e8 probabile, questa \u00e8 una novit\u00e0, che fra i beneficiari delle agevolazioni siano compresi i professionisti, per\u00f2 solo quelli iscritti agli ordini o aderenti alle associazioni professionali nell\u2019elenco tenuto dal MiSE.<\/p>\n<p>Anche i professionisti interessati, come le micro e piccole imprese, \u00a0devono avere la sede in cui viene svolta l\u2019attivit\u00e0 nel territorio della ZFU. La sede deve essere quella comunicata all\u2019Agenzia delle Entrate. Personalmente escludo che sia sufficiente avere in ZFU solo la sede legale, ma deve esserci un centro effettivo in cui viene svolta l\u2019attivit\u00e0 principale o secondaria e sar\u00e0 agevolabile solo l\u2019utile fiscale prodotto in ZFU e non anche quello prodotto da altre sedi o unit\u00e0 locali fuori dalla zona franca.<\/p>\n<p>Quindi se l\u2019impresa o il professionista svolge un\u2019attivit\u00e0 anche fuori dalle ZFU, deve tenere una contabilit\u00e0 separata. L\u2019obbligo della contabilit\u00e0 separata sar\u00e0 quindi obbligatorio tranne che per l\u2019anno di imposta in corso nel momento in cui il ministero dello Sviluppo Economico pubblica gli importi massimi dell\u2019agevolazione; in questo unico caso sar\u00e0 certamente consigliabile comunque predisporre un prospetto riepilogativo di tutti gli elementi utili ai fini della determinazione del reddito prodotto nella ZFU, differenziandolo dall\u2019utile prodotto fuori dalla ZFU che non sar\u00e0 quindi agevolabile.<\/p>\n<p>Queste sono solo alcune delle problematiche tecniche da risolvere, aspettiamo per\u00f2 il decreto e poi vedremo.<\/p>\n<p>Tra le notizie lette ravviso alcune imprecisioni, ad esempio quando si richiama come limite dimensionale massimo per le imprese il numero di dipendenti pari a 25.<\/p>\n<p>In realt\u00e0 occorre vedere se il decreto Zona franca di Ventimiglia sar\u00e0 rivolto solo alle micro imprese, come a volte letto, oppure anche alle piccole imprese. I limiti dimensionali per rientrare nella prima o nella seconda categoria sono fissati dal regolamento dell\u2019Unione Europea che ci dice:<\/p>\n<p>\u00d8\u00a0 <strong><strong>\u00a0\u00a0 microimpresa<\/strong><\/strong> &#8211; <u>a)<\/u> meno di 10 occupati e, <u>b)<\/u> un fatturato annuo (corrispondente alla voce A.1 del conto economico redatto secondo la vigente norma del codice civile) oppure, un totale di bilancio annuo (corrispondente al totale dell&#8217;attivo patrimoniale) non superiore a 2 milioni di euro;<\/p>\n<p>\u00d8\u00a0 <strong><strong>\u00a0\u00a0 piccola impresa<\/strong><\/strong> &#8211; <u>a)<\/u> meno di 50 occupati e, <u>b<\/u>) un fatturato annuo, oppure, un totale di bilancio annuo non superiore a 10 milioni di euro;<\/p>\n<p>Nelle due tipologie sopra indicate i due requisiti sub a) e b) sono cumulativi, nel senso che entrambi devono sussistere. naturalmente per <em>occupati<\/em> si intendono i dipendenti delle imprese a tempo determinato e indeterminato iscritti nel libro matricola dell&#8217;impresa e legati all\u2019impresa da forme contrattuali che prevedono il vincolo di dipendenza. Il loro numero corrisponde al numero di unit\u00e0-lavorative-anno (ULA), quindi, al numero medio mensile di dipendenti occupati a tempo pieno durante un anno, mentre quelli a tempo parziale e quelli stagionali costituiscono frazioni di ULA. Il periodo da considerare ai fini del calcolo delle ULA \u00e8 &#8211; di norma &#8211; quello relativo all&#8217;ultimo esercizio contabile chiuso e approvato precedentemente alla data di presentazione della domanda di agevolazione.<\/p>\n<p>13 ottobre 2017 &#8211; Marco Prestileo<\/p>\n<p>&nbsp;<\/p>\n\t<div class=\"quickshare-container\">\r\n\t<ul class=\"quickshare-text qs-genericons quickshare-small\">\r\n\t\t<li class=\"quickshare-share\">Condividi :<\/li> \r\n\t\t<li><a href=\"https:\/\/facebook.com\/sharer.php?u=https%3A%2F%2Fwww.ventimigliablog.it%2Fblog%2Fla-zona-franca-urbana-di-ventimiglia-comunque-unopportunita-marco-prestileo%2F&amp;t=La+zona+franca+urbana+di+Ventimiglia%2C+comunque+un%26%238217%3Bopportunit%C3%A0+%26%238211%3B+Marco+Prestileo+<+Ventimigliablog\" target=\"_blank\" title=\"Share on Facebook\"><span class=\"quickshare-facebook\">Facebook<\/span><\/a><\/li>\t\t<li><a href=\"https:\/\/twitter.com\/intent\/tweet?url=https%3A%2F%2Fwww.ventimigliablog.it%2Fblog%2Fla-zona-franca-urbana-di-ventimiglia-comunque-unopportunita-marco-prestileo%2F&amp;text=La+zona+franca+urbana+di+Ventimiglia%2C+comunque+un%26%238217%3Bopportunit%C3%A0+%26%238211%3B+Marco+Prestileo+<+Ventimigliablog\" target=\"_blank\" title=\"Share on Twitter\"><span class=\"quickshare-twitter\">Twitter<\/span><\/a><\/li>\t\t\t\t\t\t<li><a href=\"https:\/\/plus.google.com\/share?url=https%3A%2F%2Fwww.ventimigliablog.it%2Fblog%2Fla-zona-franca-urbana-di-ventimiglia-comunque-unopportunita-marco-prestileo%2F\" target=\"_blank\" title=\"Share on Google+\"><span class=\"quickshare-googleplus\">Google+<\/span><\/a><\/li>\t\t\t\t\t\t\t\t<li><a href=\"mailto:?subject=Ventimigliablog:+La+zona+franca+urbana+di+Ventimiglia%2C+comunque+un%26%238217%3Bopportunit%C3%A0+%26%238211%3B+Marco+Prestileo&amp;body=https%3A%2F%2Fwww.ventimigliablog.it%2Fblog%2Fla-zona-franca-urbana-di-ventimiglia-comunque-unopportunita-marco-prestileo%2F\" target=\"_blank\" title=\"Share via Email\"><span class=\"quickshare-email\">Email<\/span><\/a><\/li>\t<\/ul>\r\n\t<\/div>\r\n","protected":false},"excerpt":{"rendered":"<p>La zona franca urbana di Ventimiglia, nata sotto l\u2019amministrazione Scullino nel 2009, \u00e8 stata gravemente penalizzata sotto la gestione commissariale nel 2013, quando la zona franca urbana di Ventimiglia non \u00e8 stata finanziata perch\u00e9 i soldi sono stati destinati solo &hellip; <a href=\"https:\/\/www.ventimigliablog.it\/blog\/la-zona-franca-urbana-di-ventimiglia-comunque-unopportunita-marco-prestileo\/\">Continua a leggere<span class=\"meta-nav\">&rarr;<\/span><\/a><\/p>\n","protected":false},"author":3,"featured_media":0,"comment_status":"open","ping_status":"closed","sticky":false,"template":"","format":"standard","meta":{"ngg_post_thumbnail":0,"footnotes":""},"categories":[3,1,7,6,10],"tags":[258,290,81,70,23,14,252],"_links":{"self":[{"href":"https:\/\/www.ventimigliablog.it\/blog\/wp-json\/wp\/v2\/posts\/5573"}],"collection":[{"href":"https:\/\/www.ventimigliablog.it\/blog\/wp-json\/wp\/v2\/posts"}],"about":[{"href":"https:\/\/www.ventimigliablog.it\/blog\/wp-json\/wp\/v2\/types\/post"}],"author":[{"embeddable":true,"href":"https:\/\/www.ventimigliablog.it\/blog\/wp-json\/wp\/v2\/users\/3"}],"replies":[{"embeddable":true,"href":"https:\/\/www.ventimigliablog.it\/blog\/wp-json\/wp\/v2\/comments?post=5573"}],"version-history":[{"count":2,"href":"https:\/\/www.ventimigliablog.it\/blog\/wp-json\/wp\/v2\/posts\/5573\/revisions"}],"predecessor-version":[{"id":5575,"href":"https:\/\/www.ventimigliablog.it\/blog\/wp-json\/wp\/v2\/posts\/5573\/revisions\/5575"}],"wp:attachment":[{"href":"https:\/\/www.ventimigliablog.it\/blog\/wp-json\/wp\/v2\/media?parent=5573"}],"wp:term":[{"taxonomy":"category","embeddable":true,"href":"https:\/\/www.ventimigliablog.it\/blog\/wp-json\/wp\/v2\/categories?post=5573"},{"taxonomy":"post_tag","embeddable":true,"href":"https:\/\/www.ventimigliablog.it\/blog\/wp-json\/wp\/v2\/tags?post=5573"}],"curies":[{"name":"wp","href":"https:\/\/api.w.org\/{rel}","templated":true}]}}