{"id":561,"date":"2012-11-22T23:49:08","date_gmt":"2012-11-22T22:49:08","guid":{"rendered":"http:\/\/www.ventimigliablog.it\/blog\/?p=561"},"modified":"2013-07-11T12:24:11","modified_gmt":"2013-07-11T10:24:11","slug":"dopo-le-stragi-lombra-della-trattativa-tra-stato-e-mafia","status":"publish","type":"post","link":"https:\/\/www.ventimigliablog.it\/blog\/dopo-le-stragi-lombra-della-trattativa-tra-stato-e-mafia\/","title":{"rendered":"DOPO LE STRAGI, L\u2019OMBRA DELLA TRATTATIVA TRA STATO E MAFIA"},"content":{"rendered":"<div><span style=\"font-family: 'Helvetica Neue', Helvetica, Arial, 'Nimbus Sans L', sans-serif;\">CRONACHE\u00a0<\/span><\/div>\n<div>La Stampa<\/div>\n<div><span style=\"font-family: 'Helvetica Neue', Helvetica, Arial, 'Nimbus Sans L', sans-serif;\">22\/05\/2012\u00a0&#8211;\u00a01992-2012 SPECIALE FALCONE E BORSELLINO<\/span><\/div>\n<div>\n<h3><span style=\"font-family: 'Helvetica Neue', Helvetica, Arial, 'Nimbus Sans L', sans-serif;\">Dopo le stragi, l\u2019ombra della trattativa tra Stato e mafia<\/span><\/h3>\n<\/div>\n<div>\n<div><span style=\"font-family: 'Helvetica Neue', Helvetica, Arial, 'Nimbus Sans L', sans-serif;\"><img decoding=\"async\" title=\"\" alt=\"\" src=\"http:\/\/www.lastampa.it\/rw\/Pub\/p3\/2012\/05\/22\/Italia\/Foto\/TYP-455230-4734068-1_2.jpg\" width=\"330\" border=\"0\" \/><\/span><span style=\"font-family: 'Helvetica Neue', Helvetica, Arial, 'Nimbus Sans L', sans-serif;\">Tot\u00f2 Riina Il capo dei capi, il padrino dei Corleonesi e stratega della stagione delle stragi, viene arrestato il 15 gennaio del 1993<!--more--><\/span><\/div>\n<div><\/div>\n<\/div>\n<div><span style=\"font-family: 'Helvetica Neue', Helvetica, Arial, 'Nimbus Sans L', sans-serif;\">Dopo le condanne, i nuovi scenari aperti dai pentiti<\/span><\/div>\n<div>\n<div>\n<div><span style=\"font-family: 'Helvetica Neue', Helvetica, Arial, 'Nimbus Sans L', sans-serif;\">RICCARDO ARENA<\/span><\/div>\n<\/div>\n<\/div>\n<div><\/div>\n<div>\n<p><span style=\"font-family: 'Helvetica Neue', Helvetica, Arial, 'Nimbus Sans L', sans-serif;\">In fondo \u00e8 una storia tipicamente italiana. Di una mafia quasi onnipotente, di uno Stato incerto. Una storia di trame, depistaggi e sbandamenti investigativi. \u00c8 una storia infinita, in gran parte ancora da scrivere. Del resto, sono passati \u00absolo\u00bb vent&#8217;anni. La storia giudiziaria delle stragi del \u201892 in Sicilia appare strettamente collegata a quella delle stragi del \u201893 a Roma, Firenze e Milano. E, secondo una lettura che non ha trovato riscontro in pronunce giudiziarie, \u00e8 legata anche alla nascita di nuovi soggetti politici e della Seconda Repubblica. Le stragi intrecciano i fili delle trame che le hanno ispirate con quelli della cosiddetta trattativa fra Stato e mafia, toccando i fili dell\u2019alta tensione istituzionale. Il pool del procuratore aggiunto di Palermo Antonio Ingroia si appresta a chiedere un processo contro ex ministri, ex alti burocrati, investigatori, imprenditori e politici. La Procura di Caltanissetta, guidata da Sergio Lari, ha gi\u00e0 riscritto la storia del depistaggio di via D\u2019Amelio e ha tirato fuori dalle celle sei mafiosi, ingiustamente accusati della strage in cui fu ucciso il giudice Paolo Borsellino.<\/span><\/p>\n<p>Il 23 maggio 1992, a Capaci, Giovanni Falcone, la moglie, Francesca Morvillo e tre agenti di scorta vengono uccisi con il classico attentato perfetto, che colpisce tre auto lanciate a 160 chilometri orari, in autostrada. C\u2019\u00e8 solo la mafia, dietro? Solo Giovanni Brusca, che, fra mille mezze verit\u00e0 e reticenze sulle complicit\u00e0 \u00abesterne\u00bb, si autoaccusa di avere premuto il tasto del telecomando che scatena l\u2019inferno? Solo Pietro Rampulla, l\u2019artificiere del commando, uno dei primi 24 condannati all\u2019ergastolo, nei processi celebrati a Caltanissetta? C\u2019\u00e8 solamente la meticolosit\u00e0 artigianale di un gruppo di bombaroli improvvisati?\u00a0 Sono domande che i magistrati di Caltanissetta non hanno mai smesso di porsi. Ma un livello diverso da quello dei mandanti e degli esecutori mafiosi non \u00e8 mai emerso nei processi: e cos\u00ec una sfilza di ergastoli, 30 in tutto, colpir\u00e0 la Commissione di Cosa nostra, con Tot\u00f2 Riina e Bernardo Provenzano in testa; e poi, fra gli altri, Pippo Cal\u00f2, Bernardo Brusca, Raffaele Ganci, Francesco Madonia, il catanese Nitto Santapaola, il nisseno Giuseppe \u00abPiddu\u00bb Madonia. I processi vanno e vengono dalla Cassazione: solo nel 2008 arriver\u00e0 l\u2019ultima parola, quella definitiva.<\/p>\n<p>Cinquantasette giorni dopo Capaci, via D\u2019Amelio. Mentre la politica esita sulla conversione in legge di un decreto che istituisce il carcere duro, i mafiosi danno prova di una spocchia senza eguali. Si scatena la protesta della societ\u00e0 civile, ci sono disordini ai funerali dei cinque agenti di scorta morti con Borsellino. Pochi giorni dopo quel tragico 19 luglio, il 13 agosto, il Sisde mette la polizia sulle tracce di un gruppetto da corte dei miracoli, ladruncoli e piccoli spacciatori, fra cui spicca Vincenzo Scarantino, un picciotto del quartiere della Guadagna. Convinto a suon di botte dal gruppo investigativo Falcone-Borsellino, guidato da Arnaldo La Barbera, diventer\u00e0 in breve tempo l\u2019uomo-chiave dell\u2019inchiesta: si autoaccuser\u00e0, ritratter\u00e0, torner\u00e0 ad accusare e di nuovo si rimanger\u00e0 tutto. Gli altri pentiti, Salvatore Cancemi, Giovanni Brusca, Santino Di Matteo, Gioacchino La Barbera, lo smentiranno. Ma il guazzabuglio giudiziario produce comunque condanne, che arrivano in primo grado gi\u00e0 il 27 gennaio 1996. Verranno poi altri processi, il bis e il ter, fondati su altri presupposti: le condanne alla fine saranno 32. Verr\u00e0 infine il pentito Gaspare Spatuzza, ritenuto molto pi\u00f9 attendibile: racconta la vera storia dell\u2019attentato, scagiona il clan della Guadagna e coinvolge i boss di Brancaccio, i Graviano. Spatuzza parler\u00e0 di un livello pi\u00f9 elevato, rilancer\u00e0 i sospetti (gi\u00e0 archiviati, a Caltanissetta e a Firenze) contro Silvio Berlusconi e Marcello Dell\u2019Utri, ancora una volta indicati come \u00abmandanti occulti\u00bb. Non verr\u00e0 creduto.<\/p>\n<p>Cosa ci fu, allora, dietro il \u00abcolossale depistaggio\u00bb individuato da Lari? Il dolo dei Servizi deviati? E perch\u00e9? Una ragione c\u2019\u00e8, secondo i magistrati. Nei 57 giorni che separano le due stragi i carabinieri del Ros prendono contatti con Vito Ciancimino, attraverso il figlio Massimo. L\u2019ex sindaco mafioso di Palermo, secondo la versione del capitano Giuseppe De Donno e del generale Mario Mori, accetta di dare indicazioni sulla ricerca dei latitanti, Riina in testa. Ma il canale, secondo Mori e De Donno, rimarr\u00e0 dormiente fino ad agosto, dopo la strage di via D\u2019Amelio. Diversa la versione di Ciancimino jr, che dal 2008, dopo essere stato condannato per avere fatto sparire il tesoro delle tangenti del padre, avvia una controversa collaborazione con la Procura di Palermo: i contatti col Ros, racconta, ben prima di via D\u2019Amelio avrebbero prodotto abboccamenti. La mafia avrebbe posto allo Stato le condizioni per interrompere l\u2019attacco a suon di bombe, scrivendole nel cosiddetto papello.<\/p>\n<p>La versione di Ciancimino coincide, in parte, con quella di Brusca, il primo a parlare di quei presunti approcci e a tirare in ballo l\u2019ex ministro dell\u2019Interno, Nicola Mancino. Il figlio dell\u2019ex sindaco mafioso risveglia le memorie: Claudio Martelli, Liliana Ferraro, gli ex pm Massimo Russo Alessandra Camassa aggiungeranno tasselli che portano oggi i pm di Palermo e di Caltanissetta a parlare di un Borsellino assassinato per avere scoperto la trattativa e per avere cercato di fermarla. Ciancimino poi far\u00e0 carte false per dimostrarsi inattaccabile, ottenendo l\u2019effetto diametralmente opposto. Ma restano le indagini sulla trattativa e il processo in cui Mori \u00e8 accusato di avere favorito Bernardo Provenzano, che sarebbe stato \u00abringraziato\u00bb con una specie di protezione di Stato per avere consentito, alla fine dell\u2019annus horribilis delle stragi siciliane, la cattura di Tot\u00f2 Riina.<\/p>\n<p>Poi ci sono i dubbi e i veleni sulla seconda parte della trattativa, nel \u201893, l\u2019anno in cui le bombe sarebbero state piazzate per eliminare o ammorbidire il carcere duro, il 41 bis. Una storia che secondo i pm di Caltanissetta \u00e8 solo una vergogna di Stato, non punibile, e per i magistrati di Palermo merita invece un processo per un concorso nell\u2019assalto alle Istituzioni e, in qualche caso, anche solo per le dimenticanze e le reticenze istituzionali di chi lo Stato assediato avrebbe dovuto difenderlo.<\/p>\n<\/div>\n<div>Fonte: La Stampa.it<\/div>\n<div><\/div>\n<div>\n<div id=\"fwnetblocco\">\n<div id=\"fwnetintestazione\"><span style=\"color: #333333; font-family: 'Helvetica Neue', Helvetica, Arial, 'Nimbus Sans L', sans-serif;\"><a href=\"http:\/\/www.4wmarketplace.com\/landing_page.php\" target=\"_blank\">Annunci PPN<\/a>\u00a0<\/span><\/div>\n<div id=\"fwnetcont\"><\/div>\n<\/div>\n<\/div>\n\t<div class=\"quickshare-container\">\r\n\t<ul class=\"quickshare-text qs-genericons quickshare-small\">\r\n\t\t<li class=\"quickshare-share\">Condividi :<\/li> \r\n\t\t<li><a href=\"https:\/\/facebook.com\/sharer.php?u=https%3A%2F%2Fwww.ventimigliablog.it%2Fblog%2Fdopo-le-stragi-lombra-della-trattativa-tra-stato-e-mafia%2F&amp;t=DOPO+LE+STRAGI%2C+L%E2%80%99OMBRA+DELLA+TRATTATIVA+TRA+STATO+E+MAFIA+<+Ventimigliablog\" target=\"_blank\" title=\"Share on Facebook\"><span class=\"quickshare-facebook\">Facebook<\/span><\/a><\/li>\t\t<li><a href=\"https:\/\/twitter.com\/intent\/tweet?url=https%3A%2F%2Fwww.ventimigliablog.it%2Fblog%2Fdopo-le-stragi-lombra-della-trattativa-tra-stato-e-mafia%2F&amp;text=DOPO+LE+STRAGI%2C+L%E2%80%99OMBRA+DELLA+TRATTATIVA+TRA+STATO+E+MAFIA+<+Ventimigliablog\" target=\"_blank\" title=\"Share on Twitter\"><span class=\"quickshare-twitter\">Twitter<\/span><\/a><\/li>\t\t\t\t\t\t<li><a href=\"https:\/\/plus.google.com\/share?url=https%3A%2F%2Fwww.ventimigliablog.it%2Fblog%2Fdopo-le-stragi-lombra-della-trattativa-tra-stato-e-mafia%2F\" target=\"_blank\" title=\"Share on Google+\"><span class=\"quickshare-googleplus\">Google+<\/span><\/a><\/li>\t\t\t\t\t\t\t\t<li><a href=\"mailto:?subject=Ventimigliablog:+DOPO+LE+STRAGI%2C+L%E2%80%99OMBRA+DELLA+TRATTATIVA+TRA+STATO+E+MAFIA&amp;body=https%3A%2F%2Fwww.ventimigliablog.it%2Fblog%2Fdopo-le-stragi-lombra-della-trattativa-tra-stato-e-mafia%2F\" target=\"_blank\" title=\"Share via Email\"><span class=\"quickshare-email\">Email<\/span><\/a><\/li>\t<\/ul>\r\n\t<\/div>\r\n","protected":false},"excerpt":{"rendered":"<p>CRONACHE\u00a0 La Stampa 22\/05\/2012\u00a0&#8211;\u00a01992-2012 SPECIALE FALCONE E BORSELLINO Dopo le stragi, l\u2019ombra della trattativa tra Stato e mafia Tot\u00f2 Riina Il capo dei capi, il padrino dei Corleonesi e stratega della stagione delle stragi, viene arrestato il 15 gennaio del &hellip; <a href=\"https:\/\/www.ventimigliablog.it\/blog\/dopo-le-stragi-lombra-della-trattativa-tra-stato-e-mafia\/\">Continua a leggere<span class=\"meta-nav\">&rarr;<\/span><\/a><\/p>\n","protected":false},"author":10,"featured_media":0,"comment_status":"open","ping_status":"closed","sticky":false,"template":"","format":"standard","meta":{"ngg_post_thumbnail":0,"footnotes":""},"categories":[3,1,6,10],"tags":[],"_links":{"self":[{"href":"https:\/\/www.ventimigliablog.it\/blog\/wp-json\/wp\/v2\/posts\/561"}],"collection":[{"href":"https:\/\/www.ventimigliablog.it\/blog\/wp-json\/wp\/v2\/posts"}],"about":[{"href":"https:\/\/www.ventimigliablog.it\/blog\/wp-json\/wp\/v2\/types\/post"}],"author":[{"embeddable":true,"href":"https:\/\/www.ventimigliablog.it\/blog\/wp-json\/wp\/v2\/users\/10"}],"replies":[{"embeddable":true,"href":"https:\/\/www.ventimigliablog.it\/blog\/wp-json\/wp\/v2\/comments?post=561"}],"version-history":[{"count":0,"href":"https:\/\/www.ventimigliablog.it\/blog\/wp-json\/wp\/v2\/posts\/561\/revisions"}],"wp:attachment":[{"href":"https:\/\/www.ventimigliablog.it\/blog\/wp-json\/wp\/v2\/media?parent=561"}],"wp:term":[{"taxonomy":"category","embeddable":true,"href":"https:\/\/www.ventimigliablog.it\/blog\/wp-json\/wp\/v2\/categories?post=561"},{"taxonomy":"post_tag","embeddable":true,"href":"https:\/\/www.ventimigliablog.it\/blog\/wp-json\/wp\/v2\/tags?post=561"}],"curies":[{"name":"wp","href":"https:\/\/api.w.org\/{rel}","templated":true}]}}