{"id":5650,"date":"2017-11-21T15:37:31","date_gmt":"2017-11-21T14:37:31","guid":{"rendered":"http:\/\/www.ventimigliablog.it\/blog\/?p=5650"},"modified":"2018-09-05T17:30:43","modified_gmt":"2018-09-05T15:30:43","slug":"gaetano-scullino-non-escludo-una-candidatura-alle-prossime-elezioni","status":"publish","type":"post","link":"https:\/\/www.ventimigliablog.it\/blog\/gaetano-scullino-non-escludo-una-candidatura-alle-prossime-elezioni\/","title":{"rendered":"Gaetano Scullino: &#8220;Non escludo una candidatura alle prossime elezioni&#8221;"},"content":{"rendered":"<p><a href=\"http:\/\/www.ventimigliablog.it\/blog\/?attachment_id=5651\" rel=\"attachment wp-att-5651\"><img loading=\"lazy\" decoding=\"async\" class=\"aligncenter size-medium wp-image-5651\" src=\"http:\/\/www.ventimigliablog.it\/blog\/wp-content\/uploads\/2017\/11\/gaetano-scullino-800x450-300x169.jpg\" alt=\"gaetano-scullino-800x450\" width=\"300\" height=\"169\" srcset=\"https:\/\/www.ventimigliablog.it\/blog\/wp-content\/uploads\/2017\/11\/gaetano-scullino-800x450-300x169.jpg 300w, https:\/\/www.ventimigliablog.it\/blog\/wp-content\/uploads\/2017\/11\/gaetano-scullino-800x450-500x281.jpg 500w, https:\/\/www.ventimigliablog.it\/blog\/wp-content\/uploads\/2017\/11\/gaetano-scullino-800x450.jpg 800w\" sizes=\"(max-width: 300px) 100vw, 300px\" \/><\/a><\/p>\n<p>( da La Riviera24ore.it ) &#8211;<\/p>\n<p>Gaetano Scullino, ex sindaco di Ventimiglia, in vista delle amministrative del 2019 non avrebbe ancora deciso se tornare in campo o meno.<\/p>\n<p><!--more--><\/p>\n<p>\u201cOggi non posso dire se mi candider\u00f2, \u00e8 davvero prematuro esprimersi. I dubbi sono tanti e poi una decisione del genere la devo condividere con i miei cari e con gli amici che mi sono sempre stati vicini anche nei momenti difficili e sono tanti\u201d.<\/p>\n<h2>Scullino non esclude la candidatura, \u201cMa non sara&#8217; per vendetta\u201d<\/h2>\n<p>\u201cVoglio per\u00f2 essere sincero non posso oggi escluderlo. In ogni caso sar\u00e0 per me importante sentire la gente, io sono sempre stato un amministratore che ha vissuto a stretto contatto con i cittadini e i problemi della Citt\u00e0. Non riuscirei mai a candidarmi per una mia rivincita personale, ho bisogno di sentire l\u2019appoggio e il volere degli elettori. Sono contro i soliti giochi della politica, sono un politico che vive gli umori, i problemi e le necessit\u00e0 dei cittadini.<\/p>\n<h2>\u201cMi presento alle elezioni solo se ho la vicinanza degli elettori\u201d<\/h2>\n<p>Incontrare, parlare e ascoltare gli elettori \u00e8 per me un piacere e un dovere, non mi candider\u00f2 mai se non sentir\u00f2 la loro vicinanza. Oggi manca troppo tempo alle elezioni del 2019. \u00c8 compito di chi amministra oggi tentare di recuperare il tempo perso oppure deve iniziare a muoversi con grande anticipo chi ha necessit\u00e0 di farsi conoscere o apprezzare, facciano pure.<\/p>\n<p>21 novembre 2017 &#8211; La Redazione di Ventimigliablog &#8211;<\/p>\n<p>&nbsp;<\/p>\n\t<div class=\"quickshare-container\">\r\n\t<ul class=\"quickshare-text qs-genericons quickshare-small\">\r\n\t\t<li class=\"quickshare-share\">Condividi :<\/li> \r\n\t\t<li><a href=\"https:\/\/facebook.com\/sharer.php?u=https%3A%2F%2Fwww.ventimigliablog.it%2Fblog%2Fgaetano-scullino-non-escludo-una-candidatura-alle-prossime-elezioni%2F&amp;t=Gaetano+Scullino%3A+%26%238220%3BNon+escludo+una+candidatura+alle+prossime+elezioni%26%238221%3B+<+Ventimigliablog\" target=\"_blank\" title=\"Share on Facebook\"><span class=\"quickshare-facebook\">Facebook<\/span><\/a><\/li>\t\t<li><a href=\"https:\/\/twitter.com\/intent\/tweet?url=https%3A%2F%2Fwww.ventimigliablog.it%2Fblog%2Fgaetano-scullino-non-escludo-una-candidatura-alle-prossime-elezioni%2F&amp;text=Gaetano+Scullino%3A+%26%238220%3BNon+escludo+una+candidatura+alle+prossime+elezioni%26%238221%3B+<+Ventimigliablog\" target=\"_blank\" title=\"Share on Twitter\"><span class=\"quickshare-twitter\">Twitter<\/span><\/a><\/li>\t\t\t\t\t\t<li><a href=\"https:\/\/plus.google.com\/share?url=https%3A%2F%2Fwww.ventimigliablog.it%2Fblog%2Fgaetano-scullino-non-escludo-una-candidatura-alle-prossime-elezioni%2F\" target=\"_blank\" title=\"Share on Google+\"><span class=\"quickshare-googleplus\">Google+<\/span><\/a><\/li>\t\t\t\t\t\t\t\t<li><a href=\"mailto:?subject=Ventimigliablog:+Gaetano+Scullino%3A+%26%238220%3BNon+escludo+una+candidatura+alle+prossime+elezioni%26%238221%3B&amp;body=https%3A%2F%2Fwww.ventimigliablog.it%2Fblog%2Fgaetano-scullino-non-escludo-una-candidatura-alle-prossime-elezioni%2F\" target=\"_blank\" title=\"Share via Email\"><span class=\"quickshare-email\">Email<\/span><\/a><\/li>\t<\/ul>\r\n\t<\/div>\r\n","protected":false},"excerpt":{"rendered":"<p>( da La Riviera24ore.it ) &#8211; Gaetano Scullino, ex sindaco di Ventimiglia, in vista delle amministrative del 2019 non avrebbe ancora deciso se tornare in campo o meno.<\/p>\n","protected":false},"author":11,"featured_media":0,"comment_status":"open","ping_status":"closed","sticky":false,"template":"","format":"standard","meta":{"ngg_post_thumbnail":0,"footnotes":""},"categories":[3,1,6,10],"tags":[],"_links":{"self":[{"href":"https:\/\/www.ventimigliablog.it\/blog\/wp-json\/wp\/v2\/posts\/5650"}],"collection":[{"href":"https:\/\/www.ventimigliablog.it\/blog\/wp-json\/wp\/v2\/posts"}],"about":[{"href":"https:\/\/www.ventimigliablog.it\/blog\/wp-json\/wp\/v2\/types\/post"}],"author":[{"embeddable":true,"href":"https:\/\/www.ventimigliablog.it\/blog\/wp-json\/wp\/v2\/users\/11"}],"replies":[{"embeddable":true,"href":"https:\/\/www.ventimigliablog.it\/blog\/wp-json\/wp\/v2\/comments?post=5650"}],"version-history":[{"count":2,"href":"https:\/\/www.ventimigliablog.it\/blog\/wp-json\/wp\/v2\/posts\/5650\/revisions"}],"predecessor-version":[{"id":5653,"href":"https:\/\/www.ventimigliablog.it\/blog\/wp-json\/wp\/v2\/posts\/5650\/revisions\/5653"}],"wp:attachment":[{"href":"https:\/\/www.ventimigliablog.it\/blog\/wp-json\/wp\/v2\/media?parent=5650"}],"wp:term":[{"taxonomy":"category","embeddable":true,"href":"https:\/\/www.ventimigliablog.it\/blog\/wp-json\/wp\/v2\/categories?post=5650"},{"taxonomy":"post_tag","embeddable":true,"href":"https:\/\/www.ventimigliablog.it\/blog\/wp-json\/wp\/v2\/tags?post=5650"}],"curies":[{"name":"wp","href":"https:\/\/api.w.org\/{rel}","templated":true}]}}