{"id":5734,"date":"2018-09-14T14:27:21","date_gmt":"2018-09-14T12:27:21","guid":{"rendered":"http:\/\/www.ventimigliablog.it\/blog\/?p=5734"},"modified":"2018-09-14T14:58:59","modified_gmt":"2018-09-14T12:58:59","slug":"ahiga-ahime","status":"publish","type":"post","link":"https:\/\/www.ventimigliablog.it\/blog\/ahiga-ahime\/","title":{"rendered":"Ahig\u00e0, Ahim\u00e8."},"content":{"rendered":"<p>Ahig\u00e0, Ahim\u00e8. Quanti dolori sta dando l&#8217;acqua pubblica alla nostra giunta. Prima abbiamo quelli l\u00e0 che r<a href=\"http:\/\/www.ventimigliablog.it\/blog\/?p=5729\">ischiano di fallire<\/a>, poi esce la bega delle fontane vuote. Io consiglierei ai ventimigliesi di smetterla di sollecitare l&#8217;amministrazione all&#8217;attenta gestione delle fontane&#8230; che l&#8217;ultima volta Jocca si \u00e8 girato male e, in quattro e quattro otto, dello stagno dei giardini ha fatto un prato.<!--more--> Lasciando il ponticello, che ora unisce il prato al prato, a futura memoria dei cittadini lamentosi. Se proprio dovete lamentarvi, dunque, cominciate a piangere. Magari a turno, di fronte alle fontane, sino a loro totale riempimento. Ahig\u00e0, Ahim\u00e8.<\/p>\n<p>14 settembre 2018 &#8211; Albino Dicerto<\/p>\n\t<div class=\"quickshare-container\">\r\n\t<ul class=\"quickshare-text qs-genericons quickshare-small\">\r\n\t\t<li class=\"quickshare-share\">Condividi :<\/li> \r\n\t\t<li><a href=\"https:\/\/facebook.com\/sharer.php?u=https%3A%2F%2Fwww.ventimigliablog.it%2Fblog%2Fahiga-ahime%2F&amp;t=Ahig%C3%A0%2C+Ahim%C3%A8.+<+Ventimigliablog\" target=\"_blank\" title=\"Share on Facebook\"><span class=\"quickshare-facebook\">Facebook<\/span><\/a><\/li>\t\t<li><a href=\"https:\/\/twitter.com\/intent\/tweet?url=https%3A%2F%2Fwww.ventimigliablog.it%2Fblog%2Fahiga-ahime%2F&amp;text=Ahig%C3%A0%2C+Ahim%C3%A8.+<+Ventimigliablog\" target=\"_blank\" title=\"Share on Twitter\"><span class=\"quickshare-twitter\">Twitter<\/span><\/a><\/li>\t\t\t\t\t\t<li><a href=\"https:\/\/plus.google.com\/share?url=https%3A%2F%2Fwww.ventimigliablog.it%2Fblog%2Fahiga-ahime%2F\" target=\"_blank\" title=\"Share on Google+\"><span class=\"quickshare-googleplus\">Google+<\/span><\/a><\/li>\t\t\t\t\t\t\t\t<li><a href=\"mailto:?subject=Ventimigliablog:+Ahig%C3%A0%2C+Ahim%C3%A8.&amp;body=https%3A%2F%2Fwww.ventimigliablog.it%2Fblog%2Fahiga-ahime%2F\" target=\"_blank\" title=\"Share via Email\"><span class=\"quickshare-email\">Email<\/span><\/a><\/li>\t<\/ul>\r\n\t<\/div>\r\n","protected":false},"excerpt":{"rendered":"<p>Ahig\u00e0, Ahim\u00e8. Quanti dolori sta dando l&#8217;acqua pubblica alla nostra giunta. Prima abbiamo quelli l\u00e0 che rischiano di fallire, poi esce la bega delle fontane vuote. Io consiglierei ai ventimigliesi di smetterla di sollecitare l&#8217;amministrazione all&#8217;attenta gestione delle fontane&#8230; che &hellip; <a href=\"https:\/\/www.ventimigliablog.it\/blog\/ahiga-ahime\/\">Continua a leggere<span class=\"meta-nav\">&rarr;<\/span><\/a><\/p>\n","protected":false},"author":12,"featured_media":0,"comment_status":"open","ping_status":"closed","sticky":false,"template":"","format":"standard","meta":{"ngg_post_thumbnail":0,"footnotes":""},"categories":[1],"tags":[],"_links":{"self":[{"href":"https:\/\/www.ventimigliablog.it\/blog\/wp-json\/wp\/v2\/posts\/5734"}],"collection":[{"href":"https:\/\/www.ventimigliablog.it\/blog\/wp-json\/wp\/v2\/posts"}],"about":[{"href":"https:\/\/www.ventimigliablog.it\/blog\/wp-json\/wp\/v2\/types\/post"}],"author":[{"embeddable":true,"href":"https:\/\/www.ventimigliablog.it\/blog\/wp-json\/wp\/v2\/users\/12"}],"replies":[{"embeddable":true,"href":"https:\/\/www.ventimigliablog.it\/blog\/wp-json\/wp\/v2\/comments?post=5734"}],"version-history":[{"count":2,"href":"https:\/\/www.ventimigliablog.it\/blog\/wp-json\/wp\/v2\/posts\/5734\/revisions"}],"predecessor-version":[{"id":5737,"href":"https:\/\/www.ventimigliablog.it\/blog\/wp-json\/wp\/v2\/posts\/5734\/revisions\/5737"}],"wp:attachment":[{"href":"https:\/\/www.ventimigliablog.it\/blog\/wp-json\/wp\/v2\/media?parent=5734"}],"wp:term":[{"taxonomy":"category","embeddable":true,"href":"https:\/\/www.ventimigliablog.it\/blog\/wp-json\/wp\/v2\/categories?post=5734"},{"taxonomy":"post_tag","embeddable":true,"href":"https:\/\/www.ventimigliablog.it\/blog\/wp-json\/wp\/v2\/tags?post=5734"}],"curies":[{"name":"wp","href":"https:\/\/api.w.org\/{rel}","templated":true}]}}