{"id":5750,"date":"2018-09-22T18:05:13","date_gmt":"2018-09-22T16:05:13","guid":{"rendered":"http:\/\/www.ventimigliablog.it\/blog\/?p=5750"},"modified":"2018-09-22T18:08:35","modified_gmt":"2018-09-22T16:08:35","slug":"una-poltrona-per-due-o-3-4-5","status":"publish","type":"post","link":"https:\/\/www.ventimigliablog.it\/blog\/una-poltrona-per-due-o-3-4-5\/","title":{"rendered":"Una poltrona per due (o 3, 4, 5&#8230;)"},"content":{"rendered":"<p>Il Secolo XIX fa una breve intro alle elezioni 2019. Il primo a parlare \u00e8 Di Muro. Il candidato sindaco &#8211; dice &#8211; non sar\u00e0 necessariamente con &#8220;il marchio della Lega in fronte&#8221; ma dovr\u00e0 essere persona in grado di parlare (e gi\u00e0 qui, mi sembra un bel passo avanti rispetto all&#8217;attualit\u00e0) con Regione e Governo.<!--more--><\/p>\n<p>Giovanni Ballestra &#8220;ha gi\u00e0 fatto degli incontri ed \u00e8 stato contattato da diverse persone&#8221;. Messa cos\u00ec suona di incappucciati intorno al tavolo in un rudere di Torri.<\/p>\n<p>Tano \u00e8 stato gi\u00e0 investito da Toti e Marco Scajola (deve essere successo di recente, io l&#8217;ho visto camminare senza alcun tipo di problema).<\/p>\n<p>22 settembre 2018 &#8211; Albino Dicerto<\/p>\n<p>&nbsp;<\/p>\n\t<div class=\"quickshare-container\">\r\n\t<ul class=\"quickshare-text qs-genericons quickshare-small\">\r\n\t\t<li class=\"quickshare-share\">Condividi :<\/li> \r\n\t\t<li><a href=\"https:\/\/facebook.com\/sharer.php?u=https%3A%2F%2Fwww.ventimigliablog.it%2Fblog%2Funa-poltrona-per-due-o-3-4-5%2F&amp;t=Una+poltrona+per+due+%28o+3%2C+4%2C+5%26%238230%3B%29+<+Ventimigliablog\" target=\"_blank\" title=\"Share on Facebook\"><span class=\"quickshare-facebook\">Facebook<\/span><\/a><\/li>\t\t<li><a href=\"https:\/\/twitter.com\/intent\/tweet?url=https%3A%2F%2Fwww.ventimigliablog.it%2Fblog%2Funa-poltrona-per-due-o-3-4-5%2F&amp;text=Una+poltrona+per+due+%28o+3%2C+4%2C+5%26%238230%3B%29+<+Ventimigliablog\" target=\"_blank\" title=\"Share on Twitter\"><span class=\"quickshare-twitter\">Twitter<\/span><\/a><\/li>\t\t\t\t\t\t<li><a href=\"https:\/\/plus.google.com\/share?url=https%3A%2F%2Fwww.ventimigliablog.it%2Fblog%2Funa-poltrona-per-due-o-3-4-5%2F\" target=\"_blank\" title=\"Share on Google+\"><span class=\"quickshare-googleplus\">Google+<\/span><\/a><\/li>\t\t\t\t\t\t\t\t<li><a href=\"mailto:?subject=Ventimigliablog:+Una+poltrona+per+due+%28o+3%2C+4%2C+5%26%238230%3B%29&amp;body=https%3A%2F%2Fwww.ventimigliablog.it%2Fblog%2Funa-poltrona-per-due-o-3-4-5%2F\" target=\"_blank\" title=\"Share via Email\"><span class=\"quickshare-email\">Email<\/span><\/a><\/li>\t<\/ul>\r\n\t<\/div>\r\n","protected":false},"excerpt":{"rendered":"<p>Il Secolo XIX fa una breve intro alle elezioni 2019. Il primo a parlare \u00e8 Di Muro. Il candidato sindaco &#8211; dice &#8211; non sar\u00e0 necessariamente con &#8220;il marchio della Lega in fronte&#8221; ma dovr\u00e0 essere persona in grado di &hellip; <a href=\"https:\/\/www.ventimigliablog.it\/blog\/una-poltrona-per-due-o-3-4-5\/\">Continua a leggere<span class=\"meta-nav\">&rarr;<\/span><\/a><\/p>\n","protected":false},"author":12,"featured_media":0,"comment_status":"open","ping_status":"closed","sticky":false,"template":"","format":"standard","meta":{"ngg_post_thumbnail":0,"footnotes":""},"categories":[1],"tags":[],"_links":{"self":[{"href":"https:\/\/www.ventimigliablog.it\/blog\/wp-json\/wp\/v2\/posts\/5750"}],"collection":[{"href":"https:\/\/www.ventimigliablog.it\/blog\/wp-json\/wp\/v2\/posts"}],"about":[{"href":"https:\/\/www.ventimigliablog.it\/blog\/wp-json\/wp\/v2\/types\/post"}],"author":[{"embeddable":true,"href":"https:\/\/www.ventimigliablog.it\/blog\/wp-json\/wp\/v2\/users\/12"}],"replies":[{"embeddable":true,"href":"https:\/\/www.ventimigliablog.it\/blog\/wp-json\/wp\/v2\/comments?post=5750"}],"version-history":[{"count":5,"href":"https:\/\/www.ventimigliablog.it\/blog\/wp-json\/wp\/v2\/posts\/5750\/revisions"}],"predecessor-version":[{"id":5755,"href":"https:\/\/www.ventimigliablog.it\/blog\/wp-json\/wp\/v2\/posts\/5750\/revisions\/5755"}],"wp:attachment":[{"href":"https:\/\/www.ventimigliablog.it\/blog\/wp-json\/wp\/v2\/media?parent=5750"}],"wp:term":[{"taxonomy":"category","embeddable":true,"href":"https:\/\/www.ventimigliablog.it\/blog\/wp-json\/wp\/v2\/categories?post=5750"},{"taxonomy":"post_tag","embeddable":true,"href":"https:\/\/www.ventimigliablog.it\/blog\/wp-json\/wp\/v2\/tags?post=5750"}],"curies":[{"name":"wp","href":"https:\/\/api.w.org\/{rel}","templated":true}]}}