{"id":5772,"date":"2018-10-04T08:41:35","date_gmt":"2018-10-04T06:41:35","guid":{"rendered":"http:\/\/www.ventimigliablog.it\/blog\/?p=5772"},"modified":"2018-10-09T17:56:17","modified_gmt":"2018-10-09T15:56:17","slug":"monaco-isola-artificiale-e-g5-il-principato-e-gia-nel-futuro","status":"publish","type":"post","link":"https:\/\/www.ventimigliablog.it\/blog\/monaco-isola-artificiale-e-g5-il-principato-e-gia-nel-futuro\/","title":{"rendered":"Monaco, isola artificiale e G5: il Principato \u00e8 gi\u00e0 nel futuro"},"content":{"rendered":"<p><span class=\"s2\">MONTECARLO<\/span><\/p>\n<p><span class=\"s2\">Un&#8217;isola artificiale \u201cgriffata\u201d Renzo Piano e la copertura della tecnologia G5. Con queste due iniziative, entrambe al via nell&#8217;estate appena conclusa, il Principato di Monaco \u00e8 gi\u00e0 entrato nel futuro.<\/span><\/p>\n<p><!--more--><\/p>\n<p><span class=\"s2\">Due iniziative di grande spessore, destinate a fare del piccolo stato di Alberto II (cittadino onorario di Ventimiglia) una guida sia sul campo delle infrastrutture che della tecnologia. Certo, fare un paragone tra la nostra citt\u00e0 e Monaco \u00e8 improprio (quello \u00e8 uno Stato, il nostro un Comune e quanto alla capacit\u00e0 finanziaria c&#8217;\u00e8 un abisso), detto ci\u00f2 per\u00f2 qualche idea potrebbe anche aguzzare l&#8217;ingegno,<\/span><\/p>\n<p><span class=\"s2\">Intanto, grazie al progetto firmato dall&#8217;archistar genovese ed ai lavori avviati lo scorso fine luglio, entro il 2025 il Principato dei Grimaldi, sulla scia di Dubai, avr\u00e0 un nuovo quartiere costruito in mare. &nbsp;Questo in virt\u00f9 di una grande camera stagna (\u201ccassone\u201d) posta come base dell&#8217;isola artificiale che aumenter\u00e0 le dimensioni del principato del 3%. Il nuovo quartiere galleggiante includer\u00e0 120 appartamenti di lusso, 10 ville enormi, una passeggiata sul mare che si estender\u00e0 da MonteCarlo e un porto ispirato a Portofino.<\/span><\/p>\n<p><span class=\"s2\">E&#8217; questa la risposta scelta dal sovrano monegasco per dare un<\/span><span class=\"s2\">&#8216;<\/span><span class=\"s2\">efficace risposta alla crisi abitativa di lusso del paradiso fiscale che non ha abbastanza terra per i 2700 miliardari che si prevede si stabiliranno nel prossimo decennio nel Principato. Il nuovo quartiere galleggiante che nascer\u00e0 in mare, esteso per sei ettari, sar\u00e0 attento allo sviluppo sostenibile e alla protezione ambientale. A realizzarlo, dopo la gara d&#8217;appalto promossa, sar\u00e0 il gruppo Bouygues Travaux Publics che include imprese monegasche, come J.-B. Pastor &amp; Fils e i famosi studi di architettura Valode &amp; Pistre, Renzo Piano e Alexandre Giraldi.<\/span><\/p>\n<p><span class=\"s2\">Isola, ma non solo: Monaco <\/span><span class=\"s2\">sar\u00e0 il primo paese al mondo ad essere coperto dalla tecnologia 5G. Presentato nel corso del Montecarlo Yacht Show appena conclusosi, il progetto <\/span><span class=\"s2\">vede Monaco affiancata da Telecom e dal colosso cinese Huawei per un investimento che sfiora i tre milioni di euro. Con gli smartphone di nuova generazione, questa nuova tecnologia consentir\u00e0 una velocit\u00e0 decuplicata.<\/span><\/p>\n<p><span class=\"s2\">4 ottobre 2018- LA REDAZIONE-<\/span><\/p>\n\t<div class=\"quickshare-container\">\r\n\t<ul class=\"quickshare-text qs-genericons quickshare-small\">\r\n\t\t<li class=\"quickshare-share\">Condividi :<\/li> \r\n\t\t<li><a href=\"https:\/\/facebook.com\/sharer.php?u=https%3A%2F%2Fwww.ventimigliablog.it%2Fblog%2Fmonaco-isola-artificiale-e-g5-il-principato-e-gia-nel-futuro%2F&amp;t=Monaco%2C+isola+artificiale+e+G5%3A+il+Principato+%C3%A8+gi%C3%A0+nel+futuro+<+Ventimigliablog\" target=\"_blank\" title=\"Share on Facebook\"><span class=\"quickshare-facebook\">Facebook<\/span><\/a><\/li>\t\t<li><a href=\"https:\/\/twitter.com\/intent\/tweet?url=https%3A%2F%2Fwww.ventimigliablog.it%2Fblog%2Fmonaco-isola-artificiale-e-g5-il-principato-e-gia-nel-futuro%2F&amp;text=Monaco%2C+isola+artificiale+e+G5%3A+il+Principato+%C3%A8+gi%C3%A0+nel+futuro+<+Ventimigliablog\" target=\"_blank\" title=\"Share on Twitter\"><span class=\"quickshare-twitter\">Twitter<\/span><\/a><\/li>\t\t\t\t\t\t<li><a href=\"https:\/\/plus.google.com\/share?url=https%3A%2F%2Fwww.ventimigliablog.it%2Fblog%2Fmonaco-isola-artificiale-e-g5-il-principato-e-gia-nel-futuro%2F\" target=\"_blank\" title=\"Share on Google+\"><span class=\"quickshare-googleplus\">Google+<\/span><\/a><\/li>\t\t\t\t\t\t\t\t<li><a href=\"mailto:?subject=Ventimigliablog:+Monaco%2C+isola+artificiale+e+G5%3A+il+Principato+%C3%A8+gi%C3%A0+nel+futuro&amp;body=https%3A%2F%2Fwww.ventimigliablog.it%2Fblog%2Fmonaco-isola-artificiale-e-g5-il-principato-e-gia-nel-futuro%2F\" target=\"_blank\" title=\"Share via Email\"><span class=\"quickshare-email\">Email<\/span><\/a><\/li>\t<\/ul>\r\n\t<\/div>\r\n","protected":false},"excerpt":{"rendered":"<p>MONTECARLO Un&#8217;isola artificiale \u201cgriffata\u201d Renzo Piano e la copertura della tecnologia G5. Con queste due iniziative, entrambe al via nell&#8217;estate appena conclusa, il Principato di Monaco \u00e8 gi\u00e0 entrato nel futuro.<\/p>\n","protected":false},"author":11,"featured_media":0,"comment_status":"open","ping_status":"closed","sticky":false,"template":"","format":"standard","meta":{"ngg_post_thumbnail":0,"footnotes":""},"categories":[9,1,10],"tags":[],"_links":{"self":[{"href":"https:\/\/www.ventimigliablog.it\/blog\/wp-json\/wp\/v2\/posts\/5772"}],"collection":[{"href":"https:\/\/www.ventimigliablog.it\/blog\/wp-json\/wp\/v2\/posts"}],"about":[{"href":"https:\/\/www.ventimigliablog.it\/blog\/wp-json\/wp\/v2\/types\/post"}],"author":[{"embeddable":true,"href":"https:\/\/www.ventimigliablog.it\/blog\/wp-json\/wp\/v2\/users\/11"}],"replies":[{"embeddable":true,"href":"https:\/\/www.ventimigliablog.it\/blog\/wp-json\/wp\/v2\/comments?post=5772"}],"version-history":[{"count":1,"href":"https:\/\/www.ventimigliablog.it\/blog\/wp-json\/wp\/v2\/posts\/5772\/revisions"}],"predecessor-version":[{"id":5773,"href":"https:\/\/www.ventimigliablog.it\/blog\/wp-json\/wp\/v2\/posts\/5772\/revisions\/5773"}],"wp:attachment":[{"href":"https:\/\/www.ventimigliablog.it\/blog\/wp-json\/wp\/v2\/media?parent=5772"}],"wp:term":[{"taxonomy":"category","embeddable":true,"href":"https:\/\/www.ventimigliablog.it\/blog\/wp-json\/wp\/v2\/categories?post=5772"},{"taxonomy":"post_tag","embeddable":true,"href":"https:\/\/www.ventimigliablog.it\/blog\/wp-json\/wp\/v2\/tags?post=5772"}],"curies":[{"name":"wp","href":"https:\/\/api.w.org\/{rel}","templated":true}]}}