{"id":5778,"date":"2018-10-09T18:00:56","date_gmt":"2018-10-09T16:00:56","guid":{"rendered":"http:\/\/www.ventimigliablog.it\/blog\/?p=5778"},"modified":"2018-10-09T18:01:28","modified_gmt":"2018-10-09T16:01:28","slug":"5778","status":"publish","type":"post","link":"https:\/\/www.ventimigliablog.it\/blog\/5778\/","title":{"rendered":"La bellezza"},"content":{"rendered":"<p>Stare una settimana in Algarve ha rafforzato in me la convinzione che &#8220;<em>se si insegnasse la\u00a0bellezza\u00a0alla gente, la si fornirebbe di\u00a0un\u2019arma contro la\u00a0rassegnazione, la\u00a0paura\u00a0e l\u2019omert\u00e0. <\/em><!--more--><\/p>\n<p><em>All&#8217;esistenza\u00a0di orrendi palazzi sorti all&#8217;improvviso, con tutto il loro squallore, da operazioni speculative, ci si abitua con pronta facilit\u00e0, si mettono le tendine alle finestre, le piante sul davanzale, e presto\u00a0ci si dimentica\u00a0di come erano quei luoghi prima, ed ogni cosa, per il solo fatto che \u00e8 cos\u00ec, pare dover essere cos\u00ec da sempre e per sempre. \u00c8 per questo che bisognerebbe\u00a0educare la gente alla bellezza: perch\u00e9 in uomini e donne non si insinui pi\u00f9 l\u2019abitudine e la rassegnazione ma rimangano sempre vivi la\u00a0curiosit\u00e0\u00a0e lo\u00a0stupore&#8221; (P. Impastato). <\/em>Voter\u00f2 quel sindaco che, senza troppi giri di parole o promesse da pescivendolo, ispirer\u00e0 il suo mandato a questo.<\/p>\n<p>Ventimiglia ne ha diritto.<\/p>\n<p>9 ottobre 2018 &#8211; Albino Dicerto<\/p>\n<p>&nbsp;<\/p>\n<p>&nbsp;<\/p>\n<p>&nbsp;<\/p>\n<p>&nbsp;<\/p>\n\t<div class=\"quickshare-container\">\r\n\t<ul class=\"quickshare-text qs-genericons quickshare-small\">\r\n\t\t<li class=\"quickshare-share\">Condividi :<\/li> \r\n\t\t<li><a href=\"https:\/\/facebook.com\/sharer.php?u=https%3A%2F%2Fwww.ventimigliablog.it%2Fblog%2F5778%2F&amp;t=La+bellezza+<+Ventimigliablog\" target=\"_blank\" title=\"Share on Facebook\"><span class=\"quickshare-facebook\">Facebook<\/span><\/a><\/li>\t\t<li><a href=\"https:\/\/twitter.com\/intent\/tweet?url=https%3A%2F%2Fwww.ventimigliablog.it%2Fblog%2F5778%2F&amp;text=La+bellezza+<+Ventimigliablog\" target=\"_blank\" title=\"Share on Twitter\"><span class=\"quickshare-twitter\">Twitter<\/span><\/a><\/li>\t\t\t\t\t\t<li><a href=\"https:\/\/plus.google.com\/share?url=https%3A%2F%2Fwww.ventimigliablog.it%2Fblog%2F5778%2F\" target=\"_blank\" title=\"Share on Google+\"><span class=\"quickshare-googleplus\">Google+<\/span><\/a><\/li>\t\t\t\t\t\t\t\t<li><a href=\"mailto:?subject=Ventimigliablog:+La+bellezza&amp;body=https%3A%2F%2Fwww.ventimigliablog.it%2Fblog%2F5778%2F\" target=\"_blank\" title=\"Share via Email\"><span class=\"quickshare-email\">Email<\/span><\/a><\/li>\t<\/ul>\r\n\t<\/div>\r\n","protected":false},"excerpt":{"rendered":"<p>Stare una settimana in Algarve ha rafforzato in me la convinzione che &#8220;se si insegnasse la\u00a0bellezza\u00a0alla gente, la si fornirebbe di\u00a0un\u2019arma contro la\u00a0rassegnazione, la\u00a0paura\u00a0e l\u2019omert\u00e0.<\/p>\n","protected":false},"author":12,"featured_media":0,"comment_status":"open","ping_status":"closed","sticky":false,"template":"","format":"standard","meta":{"ngg_post_thumbnail":0,"footnotes":""},"categories":[1],"tags":[],"_links":{"self":[{"href":"https:\/\/www.ventimigliablog.it\/blog\/wp-json\/wp\/v2\/posts\/5778"}],"collection":[{"href":"https:\/\/www.ventimigliablog.it\/blog\/wp-json\/wp\/v2\/posts"}],"about":[{"href":"https:\/\/www.ventimigliablog.it\/blog\/wp-json\/wp\/v2\/types\/post"}],"author":[{"embeddable":true,"href":"https:\/\/www.ventimigliablog.it\/blog\/wp-json\/wp\/v2\/users\/12"}],"replies":[{"embeddable":true,"href":"https:\/\/www.ventimigliablog.it\/blog\/wp-json\/wp\/v2\/comments?post=5778"}],"version-history":[{"count":2,"href":"https:\/\/www.ventimigliablog.it\/blog\/wp-json\/wp\/v2\/posts\/5778\/revisions"}],"predecessor-version":[{"id":5780,"href":"https:\/\/www.ventimigliablog.it\/blog\/wp-json\/wp\/v2\/posts\/5778\/revisions\/5780"}],"wp:attachment":[{"href":"https:\/\/www.ventimigliablog.it\/blog\/wp-json\/wp\/v2\/media?parent=5778"}],"wp:term":[{"taxonomy":"category","embeddable":true,"href":"https:\/\/www.ventimigliablog.it\/blog\/wp-json\/wp\/v2\/categories?post=5778"},{"taxonomy":"post_tag","embeddable":true,"href":"https:\/\/www.ventimigliablog.it\/blog\/wp-json\/wp\/v2\/tags?post=5778"}],"curies":[{"name":"wp","href":"https:\/\/api.w.org\/{rel}","templated":true}]}}