{"id":5788,"date":"2018-10-15T12:11:33","date_gmt":"2018-10-15T10:11:33","guid":{"rendered":"http:\/\/www.ventimigliablog.it\/blog\/?p=5788"},"modified":"2018-10-15T12:13:29","modified_gmt":"2018-10-15T10:13:29","slug":"sgarabottolo-candidato-sindaco-pd","status":"publish","type":"post","link":"https:\/\/www.ventimigliablog.it\/blog\/sgarabottolo-candidato-sindaco-pd\/","title":{"rendered":"Sgarabottolo candidato sindaco PD"},"content":{"rendered":"<p>Mentre Di Muro &amp; C. decidono cosa fare, mi \u00e8 venuta un&#8217;idea: e se fosse la Sgarabottolo a candidarsi per il PD?<!--more--> La sua professionalit\u00e0 comunicativa \u00e8 riconosciuta bi-partisan e, male che vada, continuer\u00e0 a comunicare lavori non fatti e successi non conseguiti per altri 5 anni. Il tutto mantenendo lo stipendio agli stessi livelli attuali (o al massimo con un altro +500) ma permettendo a Ventimiglia di risparmiare gli emolumenti del portavoce. Oggettivamente, mi sembra una soluzione ottimale rispetto ad un improponibile Ioculano-bis. Forza Sgarabottolo.<\/p>\n<p>15 ottobre 2018 &#8211; Albino Dicerto<\/p>\n\t<div class=\"quickshare-container\">\r\n\t<ul class=\"quickshare-text qs-genericons quickshare-small\">\r\n\t\t<li class=\"quickshare-share\">Condividi :<\/li> \r\n\t\t<li><a href=\"https:\/\/facebook.com\/sharer.php?u=https%3A%2F%2Fwww.ventimigliablog.it%2Fblog%2Fsgarabottolo-candidato-sindaco-pd%2F&amp;t=Sgarabottolo+candidato+sindaco+PD+<+Ventimigliablog\" target=\"_blank\" title=\"Share on Facebook\"><span class=\"quickshare-facebook\">Facebook<\/span><\/a><\/li>\t\t<li><a href=\"https:\/\/twitter.com\/intent\/tweet?url=https%3A%2F%2Fwww.ventimigliablog.it%2Fblog%2Fsgarabottolo-candidato-sindaco-pd%2F&amp;text=Sgarabottolo+candidato+sindaco+PD+<+Ventimigliablog\" target=\"_blank\" title=\"Share on Twitter\"><span class=\"quickshare-twitter\">Twitter<\/span><\/a><\/li>\t\t\t\t\t\t<li><a href=\"https:\/\/plus.google.com\/share?url=https%3A%2F%2Fwww.ventimigliablog.it%2Fblog%2Fsgarabottolo-candidato-sindaco-pd%2F\" target=\"_blank\" title=\"Share on Google+\"><span class=\"quickshare-googleplus\">Google+<\/span><\/a><\/li>\t\t\t\t\t\t\t\t<li><a href=\"mailto:?subject=Ventimigliablog:+Sgarabottolo+candidato+sindaco+PD&amp;body=https%3A%2F%2Fwww.ventimigliablog.it%2Fblog%2Fsgarabottolo-candidato-sindaco-pd%2F\" target=\"_blank\" title=\"Share via Email\"><span class=\"quickshare-email\">Email<\/span><\/a><\/li>\t<\/ul>\r\n\t<\/div>\r\n","protected":false},"excerpt":{"rendered":"<p>Mentre Di Muro &amp; C. decidono cosa fare, mi \u00e8 venuta un&#8217;idea: e se fosse la Sgarabottolo a candidarsi per il PD?<\/p>\n","protected":false},"author":12,"featured_media":0,"comment_status":"open","ping_status":"closed","sticky":false,"template":"","format":"standard","meta":{"ngg_post_thumbnail":0,"footnotes":""},"categories":[1],"tags":[],"_links":{"self":[{"href":"https:\/\/www.ventimigliablog.it\/blog\/wp-json\/wp\/v2\/posts\/5788"}],"collection":[{"href":"https:\/\/www.ventimigliablog.it\/blog\/wp-json\/wp\/v2\/posts"}],"about":[{"href":"https:\/\/www.ventimigliablog.it\/blog\/wp-json\/wp\/v2\/types\/post"}],"author":[{"embeddable":true,"href":"https:\/\/www.ventimigliablog.it\/blog\/wp-json\/wp\/v2\/users\/12"}],"replies":[{"embeddable":true,"href":"https:\/\/www.ventimigliablog.it\/blog\/wp-json\/wp\/v2\/comments?post=5788"}],"version-history":[{"count":3,"href":"https:\/\/www.ventimigliablog.it\/blog\/wp-json\/wp\/v2\/posts\/5788\/revisions"}],"predecessor-version":[{"id":5791,"href":"https:\/\/www.ventimigliablog.it\/blog\/wp-json\/wp\/v2\/posts\/5788\/revisions\/5791"}],"wp:attachment":[{"href":"https:\/\/www.ventimigliablog.it\/blog\/wp-json\/wp\/v2\/media?parent=5788"}],"wp:term":[{"taxonomy":"category","embeddable":true,"href":"https:\/\/www.ventimigliablog.it\/blog\/wp-json\/wp\/v2\/categories?post=5788"},{"taxonomy":"post_tag","embeddable":true,"href":"https:\/\/www.ventimigliablog.it\/blog\/wp-json\/wp\/v2\/tags?post=5788"}],"curies":[{"name":"wp","href":"https:\/\/api.w.org\/{rel}","templated":true}]}}