{"id":5794,"date":"2018-10-16T16:33:46","date_gmt":"2018-10-16T14:33:46","guid":{"rendered":"http:\/\/www.ventimigliablog.it\/blog\/?p=5794"},"modified":"2018-10-16T16:33:46","modified_gmt":"2018-10-16T14:33:46","slug":"bevera-capitale","status":"publish","type":"post","link":"https:\/\/www.ventimigliablog.it\/blog\/bevera-capitale\/","title":{"rendered":"Bevera capitale"},"content":{"rendered":"<p>Buone notizie per gli abitanti di Bevera: dopo 4 anni di attesa devono attendere solo altri 2 anni per riavere il ponte. Ma ci sar\u00e0 la doppia corsia, la ciclopedonale. Sar\u00e0, insomma, un posto dove vivere, giocare, mangiare, incontrarsi&#8230;\u00a0<!--more--><\/p>\n<p>Bene cos\u00ec, comunque. Bevera, anche se poco conosciuta e inesistente nell&#8217;immaginario del Ventimigliese medio \u00e8 in realt\u00e0 una zona piuttosto produttiva, che in passato ha sicuramente avuto tempi migliori ma che pu\u00f2, se adeguatamente connessa al territorio e stimolata, ritornare al vecchio splendore. Forse in pochi sanno che Bevera ospita una delle imprese<strong> leader mondiali<\/strong>\u00a0nel campo della ricerca, ibridazione, selezione e commercializzazione di nuove variet\u00e0 di rose (di cui mi piacerebbe raccontare la storia, prima o poi), la cava Bergamasca e&#8230;..di sicuro altre imprese fenomenali che io non conosco ma delle quali sarei felice di fare la conoscenza (e di raccontarne la storia attraverso queste pagine).<\/p>\n<p>16 ottobre 2018 &#8211; Albino Dicerto<\/p>\n<p>&nbsp;<\/p>\n\t<div class=\"quickshare-container\">\r\n\t<ul class=\"quickshare-text qs-genericons quickshare-small\">\r\n\t\t<li class=\"quickshare-share\">Condividi :<\/li> \r\n\t\t<li><a href=\"https:\/\/facebook.com\/sharer.php?u=https%3A%2F%2Fwww.ventimigliablog.it%2Fblog%2Fbevera-capitale%2F&amp;t=Bevera+capitale+<+Ventimigliablog\" target=\"_blank\" title=\"Share on Facebook\"><span class=\"quickshare-facebook\">Facebook<\/span><\/a><\/li>\t\t<li><a href=\"https:\/\/twitter.com\/intent\/tweet?url=https%3A%2F%2Fwww.ventimigliablog.it%2Fblog%2Fbevera-capitale%2F&amp;text=Bevera+capitale+<+Ventimigliablog\" target=\"_blank\" title=\"Share on Twitter\"><span class=\"quickshare-twitter\">Twitter<\/span><\/a><\/li>\t\t\t\t\t\t<li><a href=\"https:\/\/plus.google.com\/share?url=https%3A%2F%2Fwww.ventimigliablog.it%2Fblog%2Fbevera-capitale%2F\" target=\"_blank\" title=\"Share on Google+\"><span class=\"quickshare-googleplus\">Google+<\/span><\/a><\/li>\t\t\t\t\t\t\t\t<li><a href=\"mailto:?subject=Ventimigliablog:+Bevera+capitale&amp;body=https%3A%2F%2Fwww.ventimigliablog.it%2Fblog%2Fbevera-capitale%2F\" target=\"_blank\" title=\"Share via Email\"><span class=\"quickshare-email\">Email<\/span><\/a><\/li>\t<\/ul>\r\n\t<\/div>\r\n","protected":false},"excerpt":{"rendered":"<p>Buone notizie per gli abitanti di Bevera: dopo 4 anni di attesa devono attendere solo altri 2 anni per riavere il ponte. Ma ci sar\u00e0 la doppia corsia, la ciclopedonale. Sar\u00e0, insomma, un posto dove vivere, giocare, mangiare, incontrarsi&#8230;\u00a0<\/p>\n","protected":false},"author":12,"featured_media":0,"comment_status":"open","ping_status":"closed","sticky":false,"template":"","format":"standard","meta":{"ngg_post_thumbnail":0,"footnotes":""},"categories":[1],"tags":[],"_links":{"self":[{"href":"https:\/\/www.ventimigliablog.it\/blog\/wp-json\/wp\/v2\/posts\/5794"}],"collection":[{"href":"https:\/\/www.ventimigliablog.it\/blog\/wp-json\/wp\/v2\/posts"}],"about":[{"href":"https:\/\/www.ventimigliablog.it\/blog\/wp-json\/wp\/v2\/types\/post"}],"author":[{"embeddable":true,"href":"https:\/\/www.ventimigliablog.it\/blog\/wp-json\/wp\/v2\/users\/12"}],"replies":[{"embeddable":true,"href":"https:\/\/www.ventimigliablog.it\/blog\/wp-json\/wp\/v2\/comments?post=5794"}],"version-history":[{"count":1,"href":"https:\/\/www.ventimigliablog.it\/blog\/wp-json\/wp\/v2\/posts\/5794\/revisions"}],"predecessor-version":[{"id":5795,"href":"https:\/\/www.ventimigliablog.it\/blog\/wp-json\/wp\/v2\/posts\/5794\/revisions\/5795"}],"wp:attachment":[{"href":"https:\/\/www.ventimigliablog.it\/blog\/wp-json\/wp\/v2\/media?parent=5794"}],"wp:term":[{"taxonomy":"category","embeddable":true,"href":"https:\/\/www.ventimigliablog.it\/blog\/wp-json\/wp\/v2\/categories?post=5794"},{"taxonomy":"post_tag","embeddable":true,"href":"https:\/\/www.ventimigliablog.it\/blog\/wp-json\/wp\/v2\/tags?post=5794"}],"curies":[{"name":"wp","href":"https:\/\/api.w.org\/{rel}","templated":true}]}}