{"id":5800,"date":"2018-10-19T17:49:00","date_gmt":"2018-10-19T15:49:00","guid":{"rendered":"http:\/\/www.ventimigliablog.it\/blog\/?p=5800"},"modified":"2018-10-19T17:50:58","modified_gmt":"2018-10-19T15:50:58","slug":"5-per-mille-a-genova","status":"publish","type":"post","link":"https:\/\/www.ventimigliablog.it\/blog\/5-per-mille-a-genova\/","title":{"rendered":"5 per mille a Genova"},"content":{"rendered":"<p>Per chi \u00e8 ancora in tempo (magari il vostro commercialista non ha ancora mandato l&#8217;UNICO, chi invece invia il 730 \u00e8 gi\u00e0 senza speranza) segnalo che mi \u00e8 capitata per le mani la pubblicit\u00e0 di una associazione, la Communication ONLUS (http:\/\/www.communitasonlus.it\/) che raccoglie fondi a favore delle vittime del crollo del Ponte Morandi. <!--more-->Non li conosco personalmente ma l&#8217;iniziativa \u00e8 sponsorizzata dall&#8217;Ordine dei Commercialisti, quindi, non ho troppi dubbi sulla bont\u00e0 dell&#8217;operazione (soprattutto perch\u00e8 saranno anche loro un p\u00f2 vittime, a dovervi di nuovo ricevere per modificare l&#8217;UNICO, dopo avervi gi\u00e0 malsopportato tutta l&#8217;estate).<\/p>\n<p>I dati da inserire in dichiarazione sono:<\/p>\n<p>Communication ONLUS &#8211;\u00a0 97636370583<\/p>\n<p>19 ottobre 2018 &#8211; Albino Dicerto<\/p>\n<p>&nbsp;<\/p>\n<p>&nbsp;<\/p>\n\t<div class=\"quickshare-container\">\r\n\t<ul class=\"quickshare-text qs-genericons quickshare-small\">\r\n\t\t<li class=\"quickshare-share\">Condividi :<\/li> \r\n\t\t<li><a href=\"https:\/\/facebook.com\/sharer.php?u=https%3A%2F%2Fwww.ventimigliablog.it%2Fblog%2F5-per-mille-a-genova%2F&amp;t=5+per+mille+a+Genova+<+Ventimigliablog\" target=\"_blank\" title=\"Share on Facebook\"><span class=\"quickshare-facebook\">Facebook<\/span><\/a><\/li>\t\t<li><a href=\"https:\/\/twitter.com\/intent\/tweet?url=https%3A%2F%2Fwww.ventimigliablog.it%2Fblog%2F5-per-mille-a-genova%2F&amp;text=5+per+mille+a+Genova+<+Ventimigliablog\" target=\"_blank\" title=\"Share on Twitter\"><span class=\"quickshare-twitter\">Twitter<\/span><\/a><\/li>\t\t\t\t\t\t<li><a href=\"https:\/\/plus.google.com\/share?url=https%3A%2F%2Fwww.ventimigliablog.it%2Fblog%2F5-per-mille-a-genova%2F\" target=\"_blank\" title=\"Share on Google+\"><span class=\"quickshare-googleplus\">Google+<\/span><\/a><\/li>\t\t\t\t\t\t\t\t<li><a href=\"mailto:?subject=Ventimigliablog:+5+per+mille+a+Genova&amp;body=https%3A%2F%2Fwww.ventimigliablog.it%2Fblog%2F5-per-mille-a-genova%2F\" target=\"_blank\" title=\"Share via Email\"><span class=\"quickshare-email\">Email<\/span><\/a><\/li>\t<\/ul>\r\n\t<\/div>\r\n","protected":false},"excerpt":{"rendered":"<p>Per chi \u00e8 ancora in tempo (magari il vostro commercialista non ha ancora mandato l&#8217;UNICO, chi invece invia il 730 \u00e8 gi\u00e0 senza speranza) segnalo che mi \u00e8 capitata per le mani la pubblicit\u00e0 di una associazione, la Communication ONLUS &hellip; <a href=\"https:\/\/www.ventimigliablog.it\/blog\/5-per-mille-a-genova\/\">Continua a leggere<span class=\"meta-nav\">&rarr;<\/span><\/a><\/p>\n","protected":false},"author":12,"featured_media":0,"comment_status":"open","ping_status":"closed","sticky":false,"template":"","format":"standard","meta":{"ngg_post_thumbnail":0,"footnotes":""},"categories":[1],"tags":[],"_links":{"self":[{"href":"https:\/\/www.ventimigliablog.it\/blog\/wp-json\/wp\/v2\/posts\/5800"}],"collection":[{"href":"https:\/\/www.ventimigliablog.it\/blog\/wp-json\/wp\/v2\/posts"}],"about":[{"href":"https:\/\/www.ventimigliablog.it\/blog\/wp-json\/wp\/v2\/types\/post"}],"author":[{"embeddable":true,"href":"https:\/\/www.ventimigliablog.it\/blog\/wp-json\/wp\/v2\/users\/12"}],"replies":[{"embeddable":true,"href":"https:\/\/www.ventimigliablog.it\/blog\/wp-json\/wp\/v2\/comments?post=5800"}],"version-history":[{"count":2,"href":"https:\/\/www.ventimigliablog.it\/blog\/wp-json\/wp\/v2\/posts\/5800\/revisions"}],"predecessor-version":[{"id":5802,"href":"https:\/\/www.ventimigliablog.it\/blog\/wp-json\/wp\/v2\/posts\/5800\/revisions\/5802"}],"wp:attachment":[{"href":"https:\/\/www.ventimigliablog.it\/blog\/wp-json\/wp\/v2\/media?parent=5800"}],"wp:term":[{"taxonomy":"category","embeddable":true,"href":"https:\/\/www.ventimigliablog.it\/blog\/wp-json\/wp\/v2\/categories?post=5800"},{"taxonomy":"post_tag","embeddable":true,"href":"https:\/\/www.ventimigliablog.it\/blog\/wp-json\/wp\/v2\/tags?post=5800"}],"curies":[{"name":"wp","href":"https:\/\/api.w.org\/{rel}","templated":true}]}}