{"id":5805,"date":"2018-10-23T14:13:47","date_gmt":"2018-10-23T12:13:47","guid":{"rendered":"http:\/\/www.ventimigliablog.it\/blog\/?p=5805"},"modified":"2018-10-23T14:13:47","modified_gmt":"2018-10-23T12:13:47","slug":"il-prossimo-sindaco-sara-una-colf","status":"publish","type":"post","link":"https:\/\/www.ventimigliablog.it\/blog\/il-prossimo-sindaco-sara-una-colf\/","title":{"rendered":"Il prossimo sindaco sar\u00e0 una colf"},"content":{"rendered":"<p>L\u2019ultima volta che ho incontrato Tano, non l\u2019ho visto troppo preoccupato del chi candidare o da chi farsi accompagnare nel suo possibile (ma non certo) ritorno in campo, quanto piuttosto del cosa fare nei 5 anni di governo. Una delle prime cose che mi ha detto, tra una bottiglia di birra e l\u2019altra, \u00e8 <em>\u201cche quando le cose si promettono poi bisogna anche farle, non si scherza con i cittadini. E fare le cose non \u00e8 semplice<\/em>\u201d.<!--more--> Naturalmente, mentre con eleganza Tano non ha aggiunto nulla sul lavoro di questa amministrazione (addirittura, mi faceva notare che nonostante la totale assenza di idee, Jocca \u00e8 riuscito ad inaugurare alcune opere gi\u00e0 progettate e finanziate da lui), la mia mente \u00e8 corsa immediatamente al programma elettorale del 2014 dell\u2019attuale amministrazione e, subito dopo, al dispiacere di trovare una birra calda mentre Tano me ne aveva promessa una fresca di frigo. Ecco. Se nelle piccole cose (senza mancare di rispetto alla sacralit\u00e0 della birra) una mancata promessa ci genera disappunto, quando si tratta della vita di tutti i giorni, il disappunto si trasforma in rabbia sociale, in povert\u00e0, in abbandono (delle case e delle vite dei cittadini). Il nuovo sindaco e la nuova giunta, come prima qualit\u00e0, dovranno essere in grado di immaginare un programma che vada oltre il nome di questo e quel personaggio. Dovr\u00e0 essere un programma realizzabile e da realizzarsi, fatto di tutte quelle cose semplici che sono mancate alla citt\u00e0 negli ultimi 7 anni.\u00a0 Come mi disse Tano al termine della famosa birra, non ci sarebbe nemmeno da farlo un programma elettorale: il nuovo sindaco sar\u00e0 come <em>una colf che non sa da dove iniziare a rimettere in ordine la stanza dei giochi dei bambini e che, pian piano, sistema questo e quello<\/em>.<\/p>\n<p>23 ottobre 2018 &#8211; Albino Dicerto<\/p>\n\t<div class=\"quickshare-container\">\r\n\t<ul class=\"quickshare-text qs-genericons quickshare-small\">\r\n\t\t<li class=\"quickshare-share\">Condividi :<\/li> \r\n\t\t<li><a href=\"https:\/\/facebook.com\/sharer.php?u=https%3A%2F%2Fwww.ventimigliablog.it%2Fblog%2Fil-prossimo-sindaco-sara-una-colf%2F&amp;t=Il+prossimo+sindaco+sar%C3%A0+una+colf+<+Ventimigliablog\" target=\"_blank\" title=\"Share on Facebook\"><span class=\"quickshare-facebook\">Facebook<\/span><\/a><\/li>\t\t<li><a href=\"https:\/\/twitter.com\/intent\/tweet?url=https%3A%2F%2Fwww.ventimigliablog.it%2Fblog%2Fil-prossimo-sindaco-sara-una-colf%2F&amp;text=Il+prossimo+sindaco+sar%C3%A0+una+colf+<+Ventimigliablog\" target=\"_blank\" title=\"Share on Twitter\"><span class=\"quickshare-twitter\">Twitter<\/span><\/a><\/li>\t\t\t\t\t\t<li><a href=\"https:\/\/plus.google.com\/share?url=https%3A%2F%2Fwww.ventimigliablog.it%2Fblog%2Fil-prossimo-sindaco-sara-una-colf%2F\" target=\"_blank\" title=\"Share on Google+\"><span class=\"quickshare-googleplus\">Google+<\/span><\/a><\/li>\t\t\t\t\t\t\t\t<li><a href=\"mailto:?subject=Ventimigliablog:+Il+prossimo+sindaco+sar%C3%A0+una+colf&amp;body=https%3A%2F%2Fwww.ventimigliablog.it%2Fblog%2Fil-prossimo-sindaco-sara-una-colf%2F\" target=\"_blank\" title=\"Share via Email\"><span class=\"quickshare-email\">Email<\/span><\/a><\/li>\t<\/ul>\r\n\t<\/div>\r\n","protected":false},"excerpt":{"rendered":"<p>L\u2019ultima volta che ho incontrato Tano, non l\u2019ho visto troppo preoccupato del chi candidare o da chi farsi accompagnare nel suo possibile (ma non certo) ritorno in campo, quanto piuttosto del cosa fare nei 5 anni di governo. Una delle &hellip; <a href=\"https:\/\/www.ventimigliablog.it\/blog\/il-prossimo-sindaco-sara-una-colf\/\">Continua a leggere<span class=\"meta-nav\">&rarr;<\/span><\/a><\/p>\n","protected":false},"author":12,"featured_media":0,"comment_status":"open","ping_status":"closed","sticky":false,"template":"","format":"standard","meta":{"ngg_post_thumbnail":0,"footnotes":""},"categories":[1],"tags":[],"_links":{"self":[{"href":"https:\/\/www.ventimigliablog.it\/blog\/wp-json\/wp\/v2\/posts\/5805"}],"collection":[{"href":"https:\/\/www.ventimigliablog.it\/blog\/wp-json\/wp\/v2\/posts"}],"about":[{"href":"https:\/\/www.ventimigliablog.it\/blog\/wp-json\/wp\/v2\/types\/post"}],"author":[{"embeddable":true,"href":"https:\/\/www.ventimigliablog.it\/blog\/wp-json\/wp\/v2\/users\/12"}],"replies":[{"embeddable":true,"href":"https:\/\/www.ventimigliablog.it\/blog\/wp-json\/wp\/v2\/comments?post=5805"}],"version-history":[{"count":1,"href":"https:\/\/www.ventimigliablog.it\/blog\/wp-json\/wp\/v2\/posts\/5805\/revisions"}],"predecessor-version":[{"id":5806,"href":"https:\/\/www.ventimigliablog.it\/blog\/wp-json\/wp\/v2\/posts\/5805\/revisions\/5806"}],"wp:attachment":[{"href":"https:\/\/www.ventimigliablog.it\/blog\/wp-json\/wp\/v2\/media?parent=5805"}],"wp:term":[{"taxonomy":"category","embeddable":true,"href":"https:\/\/www.ventimigliablog.it\/blog\/wp-json\/wp\/v2\/categories?post=5805"},{"taxonomy":"post_tag","embeddable":true,"href":"https:\/\/www.ventimigliablog.it\/blog\/wp-json\/wp\/v2\/tags?post=5805"}],"curies":[{"name":"wp","href":"https:\/\/api.w.org\/{rel}","templated":true}]}}