{"id":5814,"date":"2018-10-26T09:06:24","date_gmt":"2018-10-26T07:06:24","guid":{"rendered":"http:\/\/www.ventimigliablog.it\/blog\/?p=5814"},"modified":"2018-10-26T09:11:05","modified_gmt":"2018-10-26T07:11:05","slug":"tribu-contro-tribu","status":"publish","type":"post","link":"https:\/\/www.ventimigliablog.it\/blog\/tribu-contro-tribu\/","title":{"rendered":"Trib\u00f9 contro trib\u00f9"},"content":{"rendered":"<p>In tanti mi hanno girato l&#8217;ultimo posto di alzalatesta.net in cui Balestra chiede scusa a Tano. Avevo deciso di non parlarne pi\u00f9, delle sentenze, di come si \u00e8 chiuso il mandato della precedente amministrazione che oggi tutti, compresa Balestra, rimpiangono amaramente. A me Balestra stava pure simpatico, talvolta gli ho pure invidiato la sua capacit\u00e0 di scrivere (ammesso che fosse lui). Non ho mai realmente capito quale fosse lo spirito che lo animasse o chi fossero i mandati (se ce n&#8217;erano). Se lotti contro la mafia hai tutto il mio sostegno: la mafia \u00e8 una montagna di merda. Ma chi lotta contro la mafia per scopi politici \u00e8 uno che, su quella montagna, ci va a fare i picnic.<!--more--><\/p>\n<p>A oggi, per\u00f2, tre gradi di giudizio danno torto a Balestra, ai prefetti, danno torto allo Stato e i suoi elicotteri. Gli stessi 3 gradi di giudizio non riescono, per\u00f2, a restituire a Ventimiglia la dignit\u00e0 e la ricchezza persi negli ultimi 7 anni. Davvero la lotta politica condotta in quegli anni, con\u00a0 una devastazione di proporzioni apocalittiche su tutta la provincia, \u00e8 stata un bene per qualcuno, per qualche gruppo? Davvero la gloria personale pu\u00f2 spingere una trib\u00f9 di esseri umani a distruggere un altra trib\u00f9, sino alla devastazione delle nostre citt\u00e0? Ce n&#8217;era davvero bisogno? I Ventimigliesi, i Bordigotti, i Vallecrosini, gli Imperiesi, davvero meritavano questo?<\/p>\n<p>26 ottobre 2018 &#8211; Albino Dicerto<\/p>\n\t<div class=\"quickshare-container\">\r\n\t<ul class=\"quickshare-text qs-genericons quickshare-small\">\r\n\t\t<li class=\"quickshare-share\">Condividi :<\/li> \r\n\t\t<li><a href=\"https:\/\/facebook.com\/sharer.php?u=https%3A%2F%2Fwww.ventimigliablog.it%2Fblog%2Ftribu-contro-tribu%2F&amp;t=Trib%C3%B9+contro+trib%C3%B9+<+Ventimigliablog\" target=\"_blank\" title=\"Share on Facebook\"><span class=\"quickshare-facebook\">Facebook<\/span><\/a><\/li>\t\t<li><a href=\"https:\/\/twitter.com\/intent\/tweet?url=https%3A%2F%2Fwww.ventimigliablog.it%2Fblog%2Ftribu-contro-tribu%2F&amp;text=Trib%C3%B9+contro+trib%C3%B9+<+Ventimigliablog\" target=\"_blank\" title=\"Share on Twitter\"><span class=\"quickshare-twitter\">Twitter<\/span><\/a><\/li>\t\t\t\t\t\t<li><a href=\"https:\/\/plus.google.com\/share?url=https%3A%2F%2Fwww.ventimigliablog.it%2Fblog%2Ftribu-contro-tribu%2F\" target=\"_blank\" title=\"Share on Google+\"><span class=\"quickshare-googleplus\">Google+<\/span><\/a><\/li>\t\t\t\t\t\t\t\t<li><a href=\"mailto:?subject=Ventimigliablog:+Trib%C3%B9+contro+trib%C3%B9&amp;body=https%3A%2F%2Fwww.ventimigliablog.it%2Fblog%2Ftribu-contro-tribu%2F\" target=\"_blank\" title=\"Share via Email\"><span class=\"quickshare-email\">Email<\/span><\/a><\/li>\t<\/ul>\r\n\t<\/div>\r\n","protected":false},"excerpt":{"rendered":"<p>In tanti mi hanno girato l&#8217;ultimo posto di alzalatesta.net in cui Balestra chiede scusa a Tano. Avevo deciso di non parlarne pi\u00f9, delle sentenze, di come si \u00e8 chiuso il mandato della precedente amministrazione che oggi tutti, compresa Balestra, rimpiangono &hellip; <a href=\"https:\/\/www.ventimigliablog.it\/blog\/tribu-contro-tribu\/\">Continua a leggere<span class=\"meta-nav\">&rarr;<\/span><\/a><\/p>\n","protected":false},"author":12,"featured_media":0,"comment_status":"open","ping_status":"closed","sticky":false,"template":"","format":"standard","meta":{"ngg_post_thumbnail":0,"footnotes":""},"categories":[1],"tags":[],"_links":{"self":[{"href":"https:\/\/www.ventimigliablog.it\/blog\/wp-json\/wp\/v2\/posts\/5814"}],"collection":[{"href":"https:\/\/www.ventimigliablog.it\/blog\/wp-json\/wp\/v2\/posts"}],"about":[{"href":"https:\/\/www.ventimigliablog.it\/blog\/wp-json\/wp\/v2\/types\/post"}],"author":[{"embeddable":true,"href":"https:\/\/www.ventimigliablog.it\/blog\/wp-json\/wp\/v2\/users\/12"}],"replies":[{"embeddable":true,"href":"https:\/\/www.ventimigliablog.it\/blog\/wp-json\/wp\/v2\/comments?post=5814"}],"version-history":[{"count":3,"href":"https:\/\/www.ventimigliablog.it\/blog\/wp-json\/wp\/v2\/posts\/5814\/revisions"}],"predecessor-version":[{"id":5818,"href":"https:\/\/www.ventimigliablog.it\/blog\/wp-json\/wp\/v2\/posts\/5814\/revisions\/5818"}],"wp:attachment":[{"href":"https:\/\/www.ventimigliablog.it\/blog\/wp-json\/wp\/v2\/media?parent=5814"}],"wp:term":[{"taxonomy":"category","embeddable":true,"href":"https:\/\/www.ventimigliablog.it\/blog\/wp-json\/wp\/v2\/categories?post=5814"},{"taxonomy":"post_tag","embeddable":true,"href":"https:\/\/www.ventimigliablog.it\/blog\/wp-json\/wp\/v2\/tags?post=5814"}],"curies":[{"name":"wp","href":"https:\/\/api.w.org\/{rel}","templated":true}]}}