{"id":5819,"date":"2018-10-30T09:04:47","date_gmt":"2018-10-30T08:04:47","guid":{"rendered":"http:\/\/www.ventimigliablog.it\/blog\/?p=5819"},"modified":"2018-10-30T09:05:05","modified_gmt":"2018-10-30T08:05:05","slug":"crisi-di-nervi","status":"publish","type":"post","link":"https:\/\/www.ventimigliablog.it\/blog\/crisi-di-nervi\/","title":{"rendered":"Crisi di nervi"},"content":{"rendered":"<p>Passati indenni alla prima vera prova della stagione. La penisola \u00e8 semidistrutta dalla crisi di nervi del nostro ecosistema che, evidentemente, non ci sopporta pi\u00f9. Guardo con stupore al continuo adattarsi dell&#8217;uomo alla degenerazione dell&#8217;ambiente, a questo continuo preoccuparsi di come tamponare la situazione oggi, senza pensare che domani sar\u00e0 peggio.<!--more--> Alla continua mancata presa di coscienza che qualcosa, la fuori, sta accadendo e che, con ogni probabilit\u00e0, \u00e8 colpa nostra. E&#8217; colpa delle lunghe colonne di auto, \u00e8 colpa dei nostri modelli di vita esagerati, \u00e8 colpa dei nostri governi nazionali e locali che o non fanno assolutamente nulla o, quando fanno qualcosa, lo fanno guardando al breve periodo, al consenso immediato. Se cade un ponte lo ricostruiremo (prima o poi), se si ammalano gli alberi li taglieremo, se arrivano i migranti ce li terremo. Se fallisce un sindaco, lo cambieremo. E la vita va avanti, ancora per un p\u00f2. Forse.<\/p>\n<p>30 ottobre 2018 &#8211; Albino Dicerto<\/p>\n\t<div class=\"quickshare-container\">\r\n\t<ul class=\"quickshare-text qs-genericons quickshare-small\">\r\n\t\t<li class=\"quickshare-share\">Condividi :<\/li> \r\n\t\t<li><a href=\"https:\/\/facebook.com\/sharer.php?u=https%3A%2F%2Fwww.ventimigliablog.it%2Fblog%2Fcrisi-di-nervi%2F&amp;t=Crisi+di+nervi+<+Ventimigliablog\" target=\"_blank\" title=\"Share on Facebook\"><span class=\"quickshare-facebook\">Facebook<\/span><\/a><\/li>\t\t<li><a href=\"https:\/\/twitter.com\/intent\/tweet?url=https%3A%2F%2Fwww.ventimigliablog.it%2Fblog%2Fcrisi-di-nervi%2F&amp;text=Crisi+di+nervi+<+Ventimigliablog\" target=\"_blank\" title=\"Share on Twitter\"><span class=\"quickshare-twitter\">Twitter<\/span><\/a><\/li>\t\t\t\t\t\t<li><a href=\"https:\/\/plus.google.com\/share?url=https%3A%2F%2Fwww.ventimigliablog.it%2Fblog%2Fcrisi-di-nervi%2F\" target=\"_blank\" title=\"Share on Google+\"><span class=\"quickshare-googleplus\">Google+<\/span><\/a><\/li>\t\t\t\t\t\t\t\t<li><a href=\"mailto:?subject=Ventimigliablog:+Crisi+di+nervi&amp;body=https%3A%2F%2Fwww.ventimigliablog.it%2Fblog%2Fcrisi-di-nervi%2F\" target=\"_blank\" title=\"Share via Email\"><span class=\"quickshare-email\">Email<\/span><\/a><\/li>\t<\/ul>\r\n\t<\/div>\r\n","protected":false},"excerpt":{"rendered":"<p>Passati indenni alla prima vera prova della stagione. La penisola \u00e8 semidistrutta dalla crisi di nervi del nostro ecosistema che, evidentemente, non ci sopporta pi\u00f9. Guardo con stupore al continuo adattarsi dell&#8217;uomo alla degenerazione dell&#8217;ambiente, a questo continuo preoccuparsi di &hellip; <a href=\"https:\/\/www.ventimigliablog.it\/blog\/crisi-di-nervi\/\">Continua a leggere<span class=\"meta-nav\">&rarr;<\/span><\/a><\/p>\n","protected":false},"author":12,"featured_media":0,"comment_status":"open","ping_status":"closed","sticky":false,"template":"","format":"standard","meta":{"ngg_post_thumbnail":0,"footnotes":""},"categories":[1],"tags":[],"_links":{"self":[{"href":"https:\/\/www.ventimigliablog.it\/blog\/wp-json\/wp\/v2\/posts\/5819"}],"collection":[{"href":"https:\/\/www.ventimigliablog.it\/blog\/wp-json\/wp\/v2\/posts"}],"about":[{"href":"https:\/\/www.ventimigliablog.it\/blog\/wp-json\/wp\/v2\/types\/post"}],"author":[{"embeddable":true,"href":"https:\/\/www.ventimigliablog.it\/blog\/wp-json\/wp\/v2\/users\/12"}],"replies":[{"embeddable":true,"href":"https:\/\/www.ventimigliablog.it\/blog\/wp-json\/wp\/v2\/comments?post=5819"}],"version-history":[{"count":2,"href":"https:\/\/www.ventimigliablog.it\/blog\/wp-json\/wp\/v2\/posts\/5819\/revisions"}],"predecessor-version":[{"id":5821,"href":"https:\/\/www.ventimigliablog.it\/blog\/wp-json\/wp\/v2\/posts\/5819\/revisions\/5821"}],"wp:attachment":[{"href":"https:\/\/www.ventimigliablog.it\/blog\/wp-json\/wp\/v2\/media?parent=5819"}],"wp:term":[{"taxonomy":"category","embeddable":true,"href":"https:\/\/www.ventimigliablog.it\/blog\/wp-json\/wp\/v2\/categories?post=5819"},{"taxonomy":"post_tag","embeddable":true,"href":"https:\/\/www.ventimigliablog.it\/blog\/wp-json\/wp\/v2\/tags?post=5819"}],"curies":[{"name":"wp","href":"https:\/\/api.w.org\/{rel}","templated":true}]}}