{"id":5824,"date":"2018-11-05T10:02:12","date_gmt":"2018-11-05T09:02:12","guid":{"rendered":"http:\/\/www.ventimigliablog.it\/blog\/?p=5824"},"modified":"2018-11-05T10:12:02","modified_gmt":"2018-11-05T09:12:02","slug":"sicurezza-e-prevenzione-sul-territorio","status":"publish","type":"post","link":"https:\/\/www.ventimigliablog.it\/blog\/sicurezza-e-prevenzione-sul-territorio\/","title":{"rendered":"Sicurezza e prevenzione sul territorio"},"content":{"rendered":"<p>La settimana appena trascorsa ha portato pioggia, vento, catastrofe in tutta la liguria. Ventimiglia \u00e8 stata graziata, non mi risultano grossi disagi. Gli alberi li aveva gi\u00e0 tirati gi\u00f9 lo Tsunami Comunale e quindi non c&#8217;era nient&#8217;altro che potesse cadere. <!--more-->Quel che \u00e8 certo, \u00e8 che sar\u00e0 necessario prendere coscienza, quanto prima, delle nuove condizioni climatiche e cambiare il nostro modo di vivere e di gestire i budget per la sicurezza del territorio, la prevenzione e la mobilit\u00e0 urbana. Non si tratta solo di pulire i fiumi ma di ripensare al territorio e alla gestione delle emergenze.<\/p>\n<p>5 novembre 2018 &#8211; Albino Dicerto<\/p>\n\t<div class=\"quickshare-container\">\r\n\t<ul class=\"quickshare-text qs-genericons quickshare-small\">\r\n\t\t<li class=\"quickshare-share\">Condividi :<\/li> \r\n\t\t<li><a href=\"https:\/\/facebook.com\/sharer.php?u=https%3A%2F%2Fwww.ventimigliablog.it%2Fblog%2Fsicurezza-e-prevenzione-sul-territorio%2F&amp;t=Sicurezza+e+prevenzione+sul+territorio+<+Ventimigliablog\" target=\"_blank\" title=\"Share on Facebook\"><span class=\"quickshare-facebook\">Facebook<\/span><\/a><\/li>\t\t<li><a href=\"https:\/\/twitter.com\/intent\/tweet?url=https%3A%2F%2Fwww.ventimigliablog.it%2Fblog%2Fsicurezza-e-prevenzione-sul-territorio%2F&amp;text=Sicurezza+e+prevenzione+sul+territorio+<+Ventimigliablog\" target=\"_blank\" title=\"Share on Twitter\"><span class=\"quickshare-twitter\">Twitter<\/span><\/a><\/li>\t\t\t\t\t\t<li><a href=\"https:\/\/plus.google.com\/share?url=https%3A%2F%2Fwww.ventimigliablog.it%2Fblog%2Fsicurezza-e-prevenzione-sul-territorio%2F\" target=\"_blank\" title=\"Share on Google+\"><span class=\"quickshare-googleplus\">Google+<\/span><\/a><\/li>\t\t\t\t\t\t\t\t<li><a href=\"mailto:?subject=Ventimigliablog:+Sicurezza+e+prevenzione+sul+territorio&amp;body=https%3A%2F%2Fwww.ventimigliablog.it%2Fblog%2Fsicurezza-e-prevenzione-sul-territorio%2F\" target=\"_blank\" title=\"Share via Email\"><span class=\"quickshare-email\">Email<\/span><\/a><\/li>\t<\/ul>\r\n\t<\/div>\r\n","protected":false},"excerpt":{"rendered":"<p>La settimana appena trascorsa ha portato pioggia, vento, catastrofe in tutta la liguria. Ventimiglia \u00e8 stata graziata, non mi risultano grossi disagi. Gli alberi li aveva gi\u00e0 tirati gi\u00f9 lo Tsunami Comunale e quindi non c&#8217;era nient&#8217;altro che potesse cadere.<\/p>\n","protected":false},"author":12,"featured_media":0,"comment_status":"open","ping_status":"closed","sticky":false,"template":"","format":"standard","meta":{"ngg_post_thumbnail":0,"footnotes":""},"categories":[1],"tags":[],"_links":{"self":[{"href":"https:\/\/www.ventimigliablog.it\/blog\/wp-json\/wp\/v2\/posts\/5824"}],"collection":[{"href":"https:\/\/www.ventimigliablog.it\/blog\/wp-json\/wp\/v2\/posts"}],"about":[{"href":"https:\/\/www.ventimigliablog.it\/blog\/wp-json\/wp\/v2\/types\/post"}],"author":[{"embeddable":true,"href":"https:\/\/www.ventimigliablog.it\/blog\/wp-json\/wp\/v2\/users\/12"}],"replies":[{"embeddable":true,"href":"https:\/\/www.ventimigliablog.it\/blog\/wp-json\/wp\/v2\/comments?post=5824"}],"version-history":[{"count":4,"href":"https:\/\/www.ventimigliablog.it\/blog\/wp-json\/wp\/v2\/posts\/5824\/revisions"}],"predecessor-version":[{"id":5828,"href":"https:\/\/www.ventimigliablog.it\/blog\/wp-json\/wp\/v2\/posts\/5824\/revisions\/5828"}],"wp:attachment":[{"href":"https:\/\/www.ventimigliablog.it\/blog\/wp-json\/wp\/v2\/media?parent=5824"}],"wp:term":[{"taxonomy":"category","embeddable":true,"href":"https:\/\/www.ventimigliablog.it\/blog\/wp-json\/wp\/v2\/categories?post=5824"},{"taxonomy":"post_tag","embeddable":true,"href":"https:\/\/www.ventimigliablog.it\/blog\/wp-json\/wp\/v2\/tags?post=5824"}],"curies":[{"name":"wp","href":"https:\/\/api.w.org\/{rel}","templated":true}]}}