{"id":5829,"date":"2018-11-07T07:32:05","date_gmt":"2018-11-07T06:32:05","guid":{"rendered":"http:\/\/www.ventimigliablog.it\/blog\/?p=5829"},"modified":"2018-11-07T07:32:05","modified_gmt":"2018-11-07T06:32:05","slug":"memoria-a-lungo-termine","status":"publish","type":"post","link":"https:\/\/www.ventimigliablog.it\/blog\/memoria-a-lungo-termine\/","title":{"rendered":"Memoria a lungo termine"},"content":{"rendered":"<p><span style=\"color: #000000; font-family: Calibri;\">La politica vince sempre il suo gioco con i cittadini perch\u00e9 i cittadini dimenticano in fretta. Noi cittadini soffriamo di un terribile difetto della memoria a lungo termine che non ci permette di rimanere indignati o avanzare richieste per pi\u00f9 di 2 giorni consecutivi. Soffriamo acutamente nel breve termine per un incidente stradale (la priorit\u00e0 diventano le strade, le buche), accatastiamo parole su parole per i danni di pioggia e vento (la priorit\u00e0 diventa la cura del territorio),\u00a0 sfioriamo il collasso isterico quando per 3 km di strada impieghiamo lo stesso tempo di un volo Roma-Newyork (la priorit\u00e0 diventa trovare nuove rotte).<\/span><\/p>\n<p><!--more--><\/p>\n<p><span style=\"color: #000000; font-family: Calibri;\"> Ma resettiamo tutto maledettamente in fretta, pronti alla nuova protesta sulla priorit\u00e0 del momento. E la politica ci segue, elargisce risposte immediate, contingenti, mai programmate veramente. Risponde al nostro bisogno del momento con proclami (del momento) senza mai minimamente farsi sfiorare dall\u2019idea che dopo qualche mese qualcuno chieder\u00e0 il conto. Riuscir\u00e0 il nuovo sindaco a fissare le priorit\u00e0 (in ordine di urgenza) e affrontarle, indipendentemente dagli eventi che caratterizzeranno ogni singolo giorno del suo mandato?<\/span><\/p>\n<p><span style=\"color: #000000; font-family: Calibri;\">7 novembre 2018 \u2013 Albino Dicerto<\/span><\/p>\n\t<div class=\"quickshare-container\">\r\n\t<ul class=\"quickshare-text qs-genericons quickshare-small\">\r\n\t\t<li class=\"quickshare-share\">Condividi :<\/li> \r\n\t\t<li><a href=\"https:\/\/facebook.com\/sharer.php?u=https%3A%2F%2Fwww.ventimigliablog.it%2Fblog%2Fmemoria-a-lungo-termine%2F&amp;t=Memoria+a+lungo+termine+<+Ventimigliablog\" target=\"_blank\" title=\"Share on Facebook\"><span class=\"quickshare-facebook\">Facebook<\/span><\/a><\/li>\t\t<li><a href=\"https:\/\/twitter.com\/intent\/tweet?url=https%3A%2F%2Fwww.ventimigliablog.it%2Fblog%2Fmemoria-a-lungo-termine%2F&amp;text=Memoria+a+lungo+termine+<+Ventimigliablog\" target=\"_blank\" title=\"Share on Twitter\"><span class=\"quickshare-twitter\">Twitter<\/span><\/a><\/li>\t\t\t\t\t\t<li><a href=\"https:\/\/plus.google.com\/share?url=https%3A%2F%2Fwww.ventimigliablog.it%2Fblog%2Fmemoria-a-lungo-termine%2F\" target=\"_blank\" title=\"Share on Google+\"><span class=\"quickshare-googleplus\">Google+<\/span><\/a><\/li>\t\t\t\t\t\t\t\t<li><a href=\"mailto:?subject=Ventimigliablog:+Memoria+a+lungo+termine&amp;body=https%3A%2F%2Fwww.ventimigliablog.it%2Fblog%2Fmemoria-a-lungo-termine%2F\" target=\"_blank\" title=\"Share via Email\"><span class=\"quickshare-email\">Email<\/span><\/a><\/li>\t<\/ul>\r\n\t<\/div>\r\n","protected":false},"excerpt":{"rendered":"<p>La politica vince sempre il suo gioco con i cittadini perch\u00e9 i cittadini dimenticano in fretta. Noi cittadini soffriamo di un terribile difetto della memoria a lungo termine che non ci permette di rimanere indignati o avanzare richieste per pi\u00f9 &hellip; <a href=\"https:\/\/www.ventimigliablog.it\/blog\/memoria-a-lungo-termine\/\">Continua a leggere<span class=\"meta-nav\">&rarr;<\/span><\/a><\/p>\n","protected":false},"author":12,"featured_media":0,"comment_status":"open","ping_status":"closed","sticky":false,"template":"","format":"standard","meta":{"ngg_post_thumbnail":0,"footnotes":""},"categories":[1],"tags":[],"_links":{"self":[{"href":"https:\/\/www.ventimigliablog.it\/blog\/wp-json\/wp\/v2\/posts\/5829"}],"collection":[{"href":"https:\/\/www.ventimigliablog.it\/blog\/wp-json\/wp\/v2\/posts"}],"about":[{"href":"https:\/\/www.ventimigliablog.it\/blog\/wp-json\/wp\/v2\/types\/post"}],"author":[{"embeddable":true,"href":"https:\/\/www.ventimigliablog.it\/blog\/wp-json\/wp\/v2\/users\/12"}],"replies":[{"embeddable":true,"href":"https:\/\/www.ventimigliablog.it\/blog\/wp-json\/wp\/v2\/comments?post=5829"}],"version-history":[{"count":1,"href":"https:\/\/www.ventimigliablog.it\/blog\/wp-json\/wp\/v2\/posts\/5829\/revisions"}],"predecessor-version":[{"id":5830,"href":"https:\/\/www.ventimigliablog.it\/blog\/wp-json\/wp\/v2\/posts\/5829\/revisions\/5830"}],"wp:attachment":[{"href":"https:\/\/www.ventimigliablog.it\/blog\/wp-json\/wp\/v2\/media?parent=5829"}],"wp:term":[{"taxonomy":"category","embeddable":true,"href":"https:\/\/www.ventimigliablog.it\/blog\/wp-json\/wp\/v2\/categories?post=5829"},{"taxonomy":"post_tag","embeddable":true,"href":"https:\/\/www.ventimigliablog.it\/blog\/wp-json\/wp\/v2\/tags?post=5829"}],"curies":[{"name":"wp","href":"https:\/\/api.w.org\/{rel}","templated":true}]}}