{"id":5840,"date":"2018-11-12T15:52:22","date_gmt":"2018-11-12T14:52:22","guid":{"rendered":"http:\/\/www.ventimigliablog.it\/blog\/?p=5840"},"modified":"2018-11-12T15:52:22","modified_gmt":"2018-11-12T14:52:22","slug":"se-amazon-si-trasferisce-a-ventimiglia","status":"publish","type":"post","link":"https:\/\/www.ventimigliablog.it\/blog\/se-amazon-si-trasferisce-a-ventimiglia\/","title":{"rendered":"Se Amazon si trasferisce a Ventimiglia&#8230;"},"content":{"rendered":"<p>Questa mattina \u00e8 esploso il dibattito su negozi e intere aree commerciali che verranno spazzati via dal web, dal nemico amazon. Oltre ad essere un discorso che questo blog aveva gi\u00e0 affrontato nell&#8217;articolo <a href=\"http:\/\/www.ventimigliablog.it\/blog\/?p=5831http:\/\/www.ventimigliablog.it\/blog\/?p=5831\">Breve storia di un eroe ventimigliese<\/a>\u00a0si tratta di un incubo ricorrente di tutti i nostri commercianti. Ma, a parte discuterne e attendere l&#8217;oblio, c&#8217;\u00e8 qualcosa che si pu\u00f2 fare? Si, sicuramente si. Un esperimento interessante che mi \u00e8 stato segnalato da una attenta collaboratrice del blog<!--more--><\/p>\n<p>\u00e8 quello di alcune citt\u00e0, di dimensioni pressoch\u00e8 simili a quella di Ventimiglia, che creano la propria piattaforma web accompagnata da una logistica urbana di pronta consegna dei prodotti. In pratica, tutta la citt\u00e0 diventa ANCHE virtuale e diventa possibile acquistare su un&#8217;unica piattaforma e-commerce &#8211; del tutto simile ad Amazon per funzionalit\u00e0 e ampiezza &#8211; i prodotti e i servizi che si desiderano, comodamente da casa. Naturalmente, la differenza con Amazon \u00e8 che i prodotti provengono da negozi del territorio e che il cliente, al momento del reclamo o della necessit\u00e0 di un servizio post-vendita, sa esattamente dove andare e a chi rivolgersi. In pi\u00f9, la piattaforma \u00e8 accessibile anche da non residente quindi, pur non potendo pretendere di competere con Amazon, sicuramente \u00e8 possibile che i clienti arrivino anche al di l\u00e0 della frontiera cittadina.<\/p>\n<p>Naturalmente, quanto sopra, richiede una certa progettualit\u00e0 che non pu\u00f2 essere demandata al singolo commerciante: deve intervenire la mano pubblica, quantomeno nel coordinare e ispirare il tutto. E allora, sino a che non avremo un governo cittadino &#8220;progettuale&#8221; non ci sar\u00e0 speranza. Ci sar\u00e0 qualcuno abbastanza coraggioso da includere questa o altre ambiziosi proposte nel proprio programma elettorale?<\/p>\n<p>12 novembre 2018 &#8211; Albino Dicerto<\/p>\n<p>&nbsp;<\/p>\n<p>&nbsp;<\/p>\n\t<div class=\"quickshare-container\">\r\n\t<ul class=\"quickshare-text qs-genericons quickshare-small\">\r\n\t\t<li class=\"quickshare-share\">Condividi :<\/li> \r\n\t\t<li><a href=\"https:\/\/facebook.com\/sharer.php?u=https%3A%2F%2Fwww.ventimigliablog.it%2Fblog%2Fse-amazon-si-trasferisce-a-ventimiglia%2F&amp;t=Se+Amazon+si+trasferisce+a+Ventimiglia%26%238230%3B+<+Ventimigliablog\" target=\"_blank\" title=\"Share on Facebook\"><span class=\"quickshare-facebook\">Facebook<\/span><\/a><\/li>\t\t<li><a href=\"https:\/\/twitter.com\/intent\/tweet?url=https%3A%2F%2Fwww.ventimigliablog.it%2Fblog%2Fse-amazon-si-trasferisce-a-ventimiglia%2F&amp;text=Se+Amazon+si+trasferisce+a+Ventimiglia%26%238230%3B+<+Ventimigliablog\" target=\"_blank\" title=\"Share on Twitter\"><span class=\"quickshare-twitter\">Twitter<\/span><\/a><\/li>\t\t\t\t\t\t<li><a href=\"https:\/\/plus.google.com\/share?url=https%3A%2F%2Fwww.ventimigliablog.it%2Fblog%2Fse-amazon-si-trasferisce-a-ventimiglia%2F\" target=\"_blank\" title=\"Share on Google+\"><span class=\"quickshare-googleplus\">Google+<\/span><\/a><\/li>\t\t\t\t\t\t\t\t<li><a href=\"mailto:?subject=Ventimigliablog:+Se+Amazon+si+trasferisce+a+Ventimiglia%26%238230%3B&amp;body=https%3A%2F%2Fwww.ventimigliablog.it%2Fblog%2Fse-amazon-si-trasferisce-a-ventimiglia%2F\" target=\"_blank\" title=\"Share via Email\"><span class=\"quickshare-email\">Email<\/span><\/a><\/li>\t<\/ul>\r\n\t<\/div>\r\n","protected":false},"excerpt":{"rendered":"<p>Questa mattina \u00e8 esploso il dibattito su negozi e intere aree commerciali che verranno spazzati via dal web, dal nemico amazon. Oltre ad essere un discorso che questo blog aveva gi\u00e0 affrontato nell&#8217;articolo Breve storia di un eroe ventimigliese\u00a0si tratta &hellip; <a href=\"https:\/\/www.ventimigliablog.it\/blog\/se-amazon-si-trasferisce-a-ventimiglia\/\">Continua a leggere<span class=\"meta-nav\">&rarr;<\/span><\/a><\/p>\n","protected":false},"author":12,"featured_media":0,"comment_status":"open","ping_status":"closed","sticky":false,"template":"","format":"standard","meta":{"ngg_post_thumbnail":0,"footnotes":""},"categories":[1],"tags":[],"_links":{"self":[{"href":"https:\/\/www.ventimigliablog.it\/blog\/wp-json\/wp\/v2\/posts\/5840"}],"collection":[{"href":"https:\/\/www.ventimigliablog.it\/blog\/wp-json\/wp\/v2\/posts"}],"about":[{"href":"https:\/\/www.ventimigliablog.it\/blog\/wp-json\/wp\/v2\/types\/post"}],"author":[{"embeddable":true,"href":"https:\/\/www.ventimigliablog.it\/blog\/wp-json\/wp\/v2\/users\/12"}],"replies":[{"embeddable":true,"href":"https:\/\/www.ventimigliablog.it\/blog\/wp-json\/wp\/v2\/comments?post=5840"}],"version-history":[{"count":1,"href":"https:\/\/www.ventimigliablog.it\/blog\/wp-json\/wp\/v2\/posts\/5840\/revisions"}],"predecessor-version":[{"id":5841,"href":"https:\/\/www.ventimigliablog.it\/blog\/wp-json\/wp\/v2\/posts\/5840\/revisions\/5841"}],"wp:attachment":[{"href":"https:\/\/www.ventimigliablog.it\/blog\/wp-json\/wp\/v2\/media?parent=5840"}],"wp:term":[{"taxonomy":"category","embeddable":true,"href":"https:\/\/www.ventimigliablog.it\/blog\/wp-json\/wp\/v2\/categories?post=5840"},{"taxonomy":"post_tag","embeddable":true,"href":"https:\/\/www.ventimigliablog.it\/blog\/wp-json\/wp\/v2\/tags?post=5840"}],"curies":[{"name":"wp","href":"https:\/\/api.w.org\/{rel}","templated":true}]}}