{"id":5921,"date":"2019-05-07T11:49:28","date_gmt":"2019-05-07T09:49:28","guid":{"rendered":"http:\/\/www.ventimigliablog.it\/blog\/?p=5921"},"modified":"2019-05-07T11:49:28","modified_gmt":"2019-05-07T09:49:28","slug":"confronto-tra-candidati-esperimenti-di-realta-virtuale","status":"publish","type":"post","link":"https:\/\/www.ventimigliablog.it\/blog\/confronto-tra-candidati-esperimenti-di-realta-virtuale\/","title":{"rendered":"Confronto tra candidati: esperimenti di realt\u00e0 virtuale"},"content":{"rendered":"<p>Al di l\u00e0 di ogni considerazione sui contenuti, questa campagna elettorale &#8220;social&#8221; mi piace un sacco. L&#8217;indicatore dei partecipanti ha sfondato quota 300, i commenti un&#8217;infinit\u00e0. A vederci da fuori, una massa di supporter idioti, impazziti, dietro le nostre tastiere. Ma in tutto questo, il dato che emerge<!--more--> \u00e8 l&#8217;altissima partecipazione: significa che la citt\u00e0 \u00e8 pronta a piattaforme di condivisione, \u00e8 pronta a Rousseau, \u00e8 pronta a Open Municipio, \u00e8 pronta all&#8217;interattivit\u00e0. Se davvero sar\u00e0 possibile con una foto e il tracciamento GPS del cellulare identificare buche, mattonelle e manutenzioni varie e comunicarle all&#8217;ufficio tecnico per pianificare l&#8217;intervento, il funzionamento della macchina comunale verr\u00e0 stravolto. Con pari dignit\u00e0 tra centro e frazioni: una buca vale una buca.<\/p>\n<p>7 maggio 2019 &#8211; Albino Dicerto<\/p>\n\t<div class=\"quickshare-container\">\r\n\t<ul class=\"quickshare-text qs-genericons quickshare-small\">\r\n\t\t<li class=\"quickshare-share\">Condividi :<\/li> \r\n\t\t<li><a href=\"https:\/\/facebook.com\/sharer.php?u=https%3A%2F%2Fwww.ventimigliablog.it%2Fblog%2Fconfronto-tra-candidati-esperimenti-di-realta-virtuale%2F&amp;t=Confronto+tra+candidati%3A+esperimenti+di+realt%C3%A0+virtuale+<+Ventimigliablog\" target=\"_blank\" title=\"Share on Facebook\"><span class=\"quickshare-facebook\">Facebook<\/span><\/a><\/li>\t\t<li><a href=\"https:\/\/twitter.com\/intent\/tweet?url=https%3A%2F%2Fwww.ventimigliablog.it%2Fblog%2Fconfronto-tra-candidati-esperimenti-di-realta-virtuale%2F&amp;text=Confronto+tra+candidati%3A+esperimenti+di+realt%C3%A0+virtuale+<+Ventimigliablog\" target=\"_blank\" title=\"Share on Twitter\"><span class=\"quickshare-twitter\">Twitter<\/span><\/a><\/li>\t\t\t\t\t\t<li><a href=\"https:\/\/plus.google.com\/share?url=https%3A%2F%2Fwww.ventimigliablog.it%2Fblog%2Fconfronto-tra-candidati-esperimenti-di-realta-virtuale%2F\" target=\"_blank\" title=\"Share on Google+\"><span class=\"quickshare-googleplus\">Google+<\/span><\/a><\/li>\t\t\t\t\t\t\t\t<li><a href=\"mailto:?subject=Ventimigliablog:+Confronto+tra+candidati%3A+esperimenti+di+realt%C3%A0+virtuale&amp;body=https%3A%2F%2Fwww.ventimigliablog.it%2Fblog%2Fconfronto-tra-candidati-esperimenti-di-realta-virtuale%2F\" target=\"_blank\" title=\"Share via Email\"><span class=\"quickshare-email\">Email<\/span><\/a><\/li>\t<\/ul>\r\n\t<\/div>\r\n","protected":false},"excerpt":{"rendered":"<p>Al di l\u00e0 di ogni considerazione sui contenuti, questa campagna elettorale &#8220;social&#8221; mi piace un sacco. L&#8217;indicatore dei partecipanti ha sfondato quota 300, i commenti un&#8217;infinit\u00e0. A vederci da fuori, una massa di supporter idioti, impazziti, dietro le nostre tastiere. &hellip; <a href=\"https:\/\/www.ventimigliablog.it\/blog\/confronto-tra-candidati-esperimenti-di-realta-virtuale\/\">Continua a leggere<span class=\"meta-nav\">&rarr;<\/span><\/a><\/p>\n","protected":false},"author":12,"featured_media":0,"comment_status":"open","ping_status":"closed","sticky":false,"template":"","format":"standard","meta":{"ngg_post_thumbnail":0,"footnotes":""},"categories":[1],"tags":[],"_links":{"self":[{"href":"https:\/\/www.ventimigliablog.it\/blog\/wp-json\/wp\/v2\/posts\/5921"}],"collection":[{"href":"https:\/\/www.ventimigliablog.it\/blog\/wp-json\/wp\/v2\/posts"}],"about":[{"href":"https:\/\/www.ventimigliablog.it\/blog\/wp-json\/wp\/v2\/types\/post"}],"author":[{"embeddable":true,"href":"https:\/\/www.ventimigliablog.it\/blog\/wp-json\/wp\/v2\/users\/12"}],"replies":[{"embeddable":true,"href":"https:\/\/www.ventimigliablog.it\/blog\/wp-json\/wp\/v2\/comments?post=5921"}],"version-history":[{"count":1,"href":"https:\/\/www.ventimigliablog.it\/blog\/wp-json\/wp\/v2\/posts\/5921\/revisions"}],"predecessor-version":[{"id":5922,"href":"https:\/\/www.ventimigliablog.it\/blog\/wp-json\/wp\/v2\/posts\/5921\/revisions\/5922"}],"wp:attachment":[{"href":"https:\/\/www.ventimigliablog.it\/blog\/wp-json\/wp\/v2\/media?parent=5921"}],"wp:term":[{"taxonomy":"category","embeddable":true,"href":"https:\/\/www.ventimigliablog.it\/blog\/wp-json\/wp\/v2\/categories?post=5921"},{"taxonomy":"post_tag","embeddable":true,"href":"https:\/\/www.ventimigliablog.it\/blog\/wp-json\/wp\/v2\/tags?post=5921"}],"curies":[{"name":"wp","href":"https:\/\/api.w.org\/{rel}","templated":true}]}}