{"id":5957,"date":"2020-07-22T11:44:50","date_gmt":"2020-07-22T09:44:50","guid":{"rendered":"http:\/\/www.ventimigliablog.it\/blog\/?p=5957"},"modified":"2020-07-22T11:45:19","modified_gmt":"2020-07-22T09:45:19","slug":"finalmente-la-fibra-nelle-frazioni-intervista-ai-due-eroi-giuseppe-palmero-e-claudio","status":"publish","type":"post","link":"https:\/\/www.ventimigliablog.it\/blog\/finalmente-la-fibra-nelle-frazioni-intervista-ai-due-eroi-giuseppe-palmero-e-claudio\/","title":{"rendered":"Finalmente la fibra nelle frazioni: intervista ai due eroi Giuseppe Palmero e Claudio"},"content":{"rendered":"<p><strong>Peppe, ma quindi questa volta \u00e8 vero? Le frazioni sono connesse?<\/strong><br \/>\nEbbene s\u00ec!<br \/>\nLa fibra non \u00e8 una tecnologia nuova ma, essendo abbastanza costosa, gli operatori del settore valutano con attenzione dove eseguire gli interventi<br \/>\nQuesti soggetti usano un solo criterio per scegliere: pochi residenti significano pochi guadagni (per non parlare di borghi medievali e case sparse che rendono ancora pi\u00f9 difficile progettare la struttura).<br \/>\nNelle Frazioni quindi, <!--more-->essendo\u00a0 \u201czone bianche\u201d non sono previsti investimenti di operatori privati, per cui o interviene la pubblica amministrazione o le frazioni restano nel paleolitico: per questo che nel 2016 l\u2019Unione Europea ha stanziato dei fondi affinch\u00e8 la regione Liguria potesse investire sul territorio.<br \/>\nIn effetti era da prima che ritornasse l\u2019amministrazione Scullino che la Regione insisteva perch\u00e9 venisse firmata questa convenzione con Infratel <em>ma per qualche motivo, l\u2019amministrazione Ioculano, non ha mai provveduto<\/em>\u2026.<br \/>\nOra le frazioni avranno la banda ultra larga e al Comune sar\u00e0 costato zero.<br \/>\n<strong>Era un punto del programma elettorale, una promessa, corretto? Possiamo smarcarla (toccando ferro) o aspettiamo ancora un attimo?<\/strong><br \/>\nSi, certo, era una\u00a0 promessa che avevamo fatto e che volevamo mantenere a tutti i costi. Ma, programma elettorale o meno posso dire con sicurezza che era un\u2019esigenza non pi\u00f9 rimandabile. Tantissimi miei concittadini e amici subivano questa mancanza di internet veloce.<br \/>\n<strong>Cosa avverr\u00e0 ora?<\/strong><br \/>\nCon la convenzione firmata rimane da progettare l\u2019architettura della banda ultra larga per le zone interessate.<br \/>\nNon \u00e8 un procedimento velocissimo ma vigiler\u00f2, insieme allo staff del comune, affinch\u00e9 tutto si svolga in maniera rapida e precisa. Poi si passer\u00e0 all\u2019installazione della fibra e dei ripetitori\u00a0a opera della Open Fiber, societ\u00e0 che si occupa proprio di questo.<br \/>\n<strong>Quanto ti \u00e8 stato d&#8217;aiuto la collaborazione dei cittadini? Vuoi farci un nome? Mi pare di aver letto di un nostro giovane cittadino&#8230;..voglio nome e cognome!<\/strong><br \/>\nConfesso: di questa tecnologia sapevo poco o niente: studio giurisprudenza! Ma in queste settimane di studio in solitudine \u00e8 accaduta una meraviglia: discutendo su Facebook ho notato questo ragazzo, era appassionato e sapeva il fatto suo. Gli ho scritto subito per lavorare insieme e devo dire che \u00e8 stata una fortuna per il progetto. Ora siede accanto a me e voglio dire a chi ci sta leggendo che l\u2019amministrazione ha trovato un prezioso collaboratore: <em>\u00e8 la prova che amministratori e cittadini devono collaborare con impegno e entusiasmo<\/em>. Quando lo fanno, i risultati arrivano.<br \/>\n<strong>&#8230; se non sbaglio, stiamo parlando di questo ragazzo seduto affianco a te, corretto? Ciao Claudio! Raccontaci un p\u00f2 come \u00e8 andata!<\/strong><br \/>\nGrazie per l\u2019invito! Il tutto \u00e8 avvenuto quasi per caso: pochi mesi fa, leggendo su un gruppo social locale svariati commenti, consigli e opinioni sui pi\u00f9 svariati argomenti riguardanti la nostra citt\u00e0, decisi di esprimere anche io la mia opinione su un argomento che, da appassionato di telecomunicazioni, mi sta molto a cuore e su cui cerco sempre di tenermi informato.<br \/>\nHo fatto presente in particolare dell&#8217;esistenza del piano BUL, un progetto finanziato dall&#8217;UE che ha lo scopo di portare la banda ultra larga tramite tecnologie al passo con i tempi nelle aree dove non \u00e8 possibile usufruire di connessioni degne di questo nome.<br \/>\n<em>L&#8217;inaspettato interesse da parte di Consigliere<\/em> (!!!)ha permesso di far arrivare questi miei consigli direttamente in Comune, dove in brevissimo tempo si sono potuti vedere i primi risultati: il prossimo passo sar\u00e0 quello di stringere un accordo per l&#8217;installazione della fibra ottica anche nel resto della citt\u00e0, progetto su cui Giuseppe si \u00e8 gi\u00e0 messo all&#8217;opera: io, per la citt\u00e0, ci sar\u00f2 sempre!<br \/>\n<strong>Dacci un&#8217;indiscrezione: punti a rubare il posto al nostro Consigliere Peppe Palmero? Che pensi della politica locale?<\/strong><br \/>\nMagari in futuro, chiss\u00e0. No dai, scherzo, haha, sono felice che mi sia stata data la possibilit\u00e0 di dare un contributo tecnico. Conosco pochissimo tutte le faccende burocratiche che possono esserci dietro a un progetto di questo tipo, questioni che Giuseppe ha saputo gestire con facilit\u00e0 e su cui non credo riuscirei a dare del mio meglio: ad ognuno il suo!<br \/>\nMi interesso poco di politica locale o nazionale. Sono per\u00f2 del parere che a prescindere dall&#8217;orientamento politico dell&#8217;amministrazione, sia giusto poter dare spazio ai giovani e offrire a tutti coloro che hanno idee o suggerimenti la possibilit\u00e0 di dialogo. Mi sembra comunque che l&#8217;amministrazione attuale sia molto propensa ad accogliere le novit\u00e0 per rendere Ventimiglia un posto migliore.<\/p>\n<p>22 luglio 2020 &#8211; Lista Scullino<\/p>\n\t<div class=\"quickshare-container\">\r\n\t<ul class=\"quickshare-text qs-genericons quickshare-small\">\r\n\t\t<li class=\"quickshare-share\">Condividi :<\/li> \r\n\t\t<li><a href=\"https:\/\/facebook.com\/sharer.php?u=https%3A%2F%2Fwww.ventimigliablog.it%2Fblog%2Ffinalmente-la-fibra-nelle-frazioni-intervista-ai-due-eroi-giuseppe-palmero-e-claudio%2F&amp;t=Finalmente+la+fibra+nelle+frazioni%3A+intervista+ai+due+eroi+Giuseppe+Palmero+e+Claudio+<+Ventimigliablog\" target=\"_blank\" title=\"Share on Facebook\"><span class=\"quickshare-facebook\">Facebook<\/span><\/a><\/li>\t\t<li><a href=\"https:\/\/twitter.com\/intent\/tweet?url=https%3A%2F%2Fwww.ventimigliablog.it%2Fblog%2Ffinalmente-la-fibra-nelle-frazioni-intervista-ai-due-eroi-giuseppe-palmero-e-claudio%2F&amp;text=Finalmente+la+fibra+nelle+frazioni%3A+intervista+ai+due+eroi+Giuseppe+Palmero+e+Claudio+<+Ventimigliablog\" target=\"_blank\" title=\"Share on Twitter\"><span class=\"quickshare-twitter\">Twitter<\/span><\/a><\/li>\t\t\t\t\t\t<li><a href=\"https:\/\/plus.google.com\/share?url=https%3A%2F%2Fwww.ventimigliablog.it%2Fblog%2Ffinalmente-la-fibra-nelle-frazioni-intervista-ai-due-eroi-giuseppe-palmero-e-claudio%2F\" target=\"_blank\" title=\"Share on Google+\"><span class=\"quickshare-googleplus\">Google+<\/span><\/a><\/li>\t\t\t\t\t\t\t\t<li><a href=\"mailto:?subject=Ventimigliablog:+Finalmente+la+fibra+nelle+frazioni%3A+intervista+ai+due+eroi+Giuseppe+Palmero+e+Claudio&amp;body=https%3A%2F%2Fwww.ventimigliablog.it%2Fblog%2Ffinalmente-la-fibra-nelle-frazioni-intervista-ai-due-eroi-giuseppe-palmero-e-claudio%2F\" target=\"_blank\" title=\"Share via Email\"><span class=\"quickshare-email\">Email<\/span><\/a><\/li>\t<\/ul>\r\n\t<\/div>\r\n","protected":false},"excerpt":{"rendered":"<p>Peppe, ma quindi questa volta \u00e8 vero? Le frazioni sono connesse? Ebbene s\u00ec! La fibra non \u00e8 una tecnologia nuova ma, essendo abbastanza costosa, gli operatori del settore valutano con attenzione dove eseguire gli interventi Questi soggetti usano un solo &hellip; <a href=\"https:\/\/www.ventimigliablog.it\/blog\/finalmente-la-fibra-nelle-frazioni-intervista-ai-due-eroi-giuseppe-palmero-e-claudio\/\">Continua a leggere<span class=\"meta-nav\">&rarr;<\/span><\/a><\/p>\n","protected":false},"author":12,"featured_media":0,"comment_status":"open","ping_status":"closed","sticky":false,"template":"","format":"standard","meta":{"ngg_post_thumbnail":0,"footnotes":""},"categories":[1],"tags":[],"_links":{"self":[{"href":"https:\/\/www.ventimigliablog.it\/blog\/wp-json\/wp\/v2\/posts\/5957"}],"collection":[{"href":"https:\/\/www.ventimigliablog.it\/blog\/wp-json\/wp\/v2\/posts"}],"about":[{"href":"https:\/\/www.ventimigliablog.it\/blog\/wp-json\/wp\/v2\/types\/post"}],"author":[{"embeddable":true,"href":"https:\/\/www.ventimigliablog.it\/blog\/wp-json\/wp\/v2\/users\/12"}],"replies":[{"embeddable":true,"href":"https:\/\/www.ventimigliablog.it\/blog\/wp-json\/wp\/v2\/comments?post=5957"}],"version-history":[{"count":2,"href":"https:\/\/www.ventimigliablog.it\/blog\/wp-json\/wp\/v2\/posts\/5957\/revisions"}],"predecessor-version":[{"id":5959,"href":"https:\/\/www.ventimigliablog.it\/blog\/wp-json\/wp\/v2\/posts\/5957\/revisions\/5959"}],"wp:attachment":[{"href":"https:\/\/www.ventimigliablog.it\/blog\/wp-json\/wp\/v2\/media?parent=5957"}],"wp:term":[{"taxonomy":"category","embeddable":true,"href":"https:\/\/www.ventimigliablog.it\/blog\/wp-json\/wp\/v2\/categories?post=5957"},{"taxonomy":"post_tag","embeddable":true,"href":"https:\/\/www.ventimigliablog.it\/blog\/wp-json\/wp\/v2\/tags?post=5957"}],"curies":[{"name":"wp","href":"https:\/\/api.w.org\/{rel}","templated":true}]}}