{"id":5960,"date":"2020-07-23T11:07:44","date_gmt":"2020-07-23T09:07:44","guid":{"rendered":"http:\/\/www.ventimigliablog.it\/blog\/?p=5960"},"modified":"2020-07-23T11:07:44","modified_gmt":"2020-07-23T09:07:44","slug":"anche-per-lestate-2020-ventimiglia-e-cultura-sport-musica","status":"publish","type":"post","link":"https:\/\/www.ventimigliablog.it\/blog\/anche-per-lestate-2020-ventimiglia-e-cultura-sport-musica\/","title":{"rendered":"Anche per l&#8217;estate 2020 Ventimiglia \u00e8 cultura, sport, musica"},"content":{"rendered":"<p><img loading=\"lazy\" decoding=\"async\" class=\"alignnone size-medium wp-image-5961 alignright\" src=\"http:\/\/www.ventimigliablog.it\/blog\/wp-content\/uploads\/2020\/07\/EVENTI-300x300.png\" alt=\"\" width=\"300\" height=\"300\" srcset=\"https:\/\/www.ventimigliablog.it\/blog\/wp-content\/uploads\/2020\/07\/EVENTI-300x300.png 300w, https:\/\/www.ventimigliablog.it\/blog\/wp-content\/uploads\/2020\/07\/EVENTI-150x150.png 150w, https:\/\/www.ventimigliablog.it\/blog\/wp-content\/uploads\/2020\/07\/EVENTI-768x768.png 768w, https:\/\/www.ventimigliablog.it\/blog\/wp-content\/uploads\/2020\/07\/EVENTI.png 960w\" sizes=\"(max-width: 300px) 100vw, 300px\" \/><\/p>\n<p>Anche quest\u2019anno, nonostante l\u2019emergenza Covid-19, Ventimiglia avr\u00e0 la sua estate di eventi. Non certo come gli altri anni, ma l&#8217;assessore alla cultura Simone Bertolucci insieme al Sindaco Gaetano Scullino e a tutta l&#8217;Amministrazione hanno presentato con soddisfazione il calendario estivo delle manifestazioni di agosto e settembre 2020.<br \/>\n\u201cPur con moltissime difficolt\u00e0 post emergenza Covid, anche Ventimiglia avr\u00e0 un suo calendario estivo \u2013dice l\u2019assessore Bertolucci- Il calendario originario \u00e9 stato totalmente annullato a causa delle nuove normative e a causa della traslazione di fondi per sopperire alle variazioni di bilancio derivanti dalle mancate entrate comunali compiute per andare incontro ai cittadini in difficolt\u00e0, falcidiati da questa pandemia, ciononostante si \u00e8 cercato di dare un prodotto che potesse far venire voglia ai ventimigliesi di tornare alla normalit\u00e0 e divertirsi un po&#8217;, ottemperando comunque a tutte le normative in essere per combattere il virus, quindi tutte le manifestazioni ed eventi seguiranno queste linee guida in totale sicurezza\u201d.<br \/>\nLe grandi manifestazioni canoniche come l\u2019Agosto Medievale, la Battaglia di Fiori, Dal Tramonto all&#8217;Alba, le serate sul palco del Resentello e gli spettacoli all&#8217;Annunziata sono posticipati all&#8217;anno prossimo, ma ci saranno valide alternative per l\u2019estate dei ventimigliesi e turisti con serate dedicate allo sport ed al fitness organizzate da Ventimiglia Viva, cinema all&#8217;aperto al teatro romano con l&#8217;associazione Controtempo in collaborazione col polo museale, presentazioni di libri all&#8217;Aprosiana, una Fotomaratona il 23 di agosto in concomitanza con l&#8217;inaugurazione del museo della fotografia, concertini itineranti della Filarmonica di Ventimiglia durante i patroni, due giornate dedicate alla natura e al parco marino di Capo Mortola organizzate dall&#8217;associazione Lasciadire e ancora giornate dello sport a settembre in collaborazione con le associazioni sportive di Ventimiglia, yoga all&#8217;aperto, passeggiate in montagna organizzate dal Cai, snorkeling e canoa a Capo Mortola.<br \/>\nInsomma, un&#8217;estate all&#8217;insegna dello sport, del benessere e della natura, in pieno stile post &#8211; covid.<\/p>\n<p><strong>ECCO IL CALENDARIO DELLA PRIMA SETTIMANA DI EVENTI:<\/strong><br \/>\n<strong>SABATO 1 AGOSTO<\/strong><br \/>\nOre 19 al Belvedere Resentello: 2020miglia Summer Sports. Ventimiglia Viva in collaborazione con le associazioni sportive ventimigliesi.<br \/>\n<strong>DOMENICA 2<\/strong><br \/>\nDalle 7 alle 21 in Centro citt\u00e0: Desbaratu, manifestazione commerciale con concertino itinerante bandistico con la partecipazione dell\u2019orchestra Filarmonica Giovanile Citt\u00e0 di Ventimiglia.<br \/>\nOre 21.30 al Teatro Romano: La leggenda del pianista sull\u2019Oceano \u2013 Controtempo cinema \u2013 Ingresso 3 euro valido per visita museo.<br \/>\n<strong>MARTED\u00ec 4<\/strong><br \/>\nOre 21.30 al Teatro Romano: Il GGG \u2013 Il grande gigante gentile &#8211; Controtempo cinema \u2013 Ingresso 3 euro valido per visita museo.<br \/>\n<strong>GIOVED\u00ec 6<\/strong><br \/>\nOre 18,30 alla Nuova Biblioteca Aprosiana: presentazione del libro di Vincenzo Barnab\u00e0 \u201cIl sogno Babilonese\u201d<br \/>\nOre 19 al Forte dell\u2019Annunziata: Lezione di Yoga \u2013 Associazione Pramiti<br \/>\nOre 21.30 sul Lungomare: Concertino itinerante bandistico con l\u2019orchestra Filarmonica Giovanile Citt\u00e0 di Ventimiglia<br \/>\n<strong>SABATO 8<\/strong><br \/>\nOre 21 al Teatro Romano: Notte medievale Concerto di musica celtica \u201cIl cammino dei Celti al Teatro Romano\u201d con l\u2019Ente Agosto Medievale &#8211; Ingresso 3 euro valido per visita museo.<\/p>\n\t<div class=\"quickshare-container\">\r\n\t<ul class=\"quickshare-text qs-genericons quickshare-small\">\r\n\t\t<li class=\"quickshare-share\">Condividi :<\/li> \r\n\t\t<li><a href=\"https:\/\/facebook.com\/sharer.php?u=https%3A%2F%2Fwww.ventimigliablog.it%2Fblog%2Fanche-per-lestate-2020-ventimiglia-e-cultura-sport-musica%2F&amp;t=Anche+per+l%26%238217%3Bestate+2020+Ventimiglia+%C3%A8+cultura%2C+sport%2C+musica+<+Ventimigliablog\" target=\"_blank\" title=\"Share on Facebook\"><span class=\"quickshare-facebook\">Facebook<\/span><\/a><\/li>\t\t<li><a href=\"https:\/\/twitter.com\/intent\/tweet?url=https%3A%2F%2Fwww.ventimigliablog.it%2Fblog%2Fanche-per-lestate-2020-ventimiglia-e-cultura-sport-musica%2F&amp;text=Anche+per+l%26%238217%3Bestate+2020+Ventimiglia+%C3%A8+cultura%2C+sport%2C+musica+<+Ventimigliablog\" target=\"_blank\" title=\"Share on Twitter\"><span class=\"quickshare-twitter\">Twitter<\/span><\/a><\/li>\t\t\t\t\t\t<li><a href=\"https:\/\/plus.google.com\/share?url=https%3A%2F%2Fwww.ventimigliablog.it%2Fblog%2Fanche-per-lestate-2020-ventimiglia-e-cultura-sport-musica%2F\" target=\"_blank\" title=\"Share on Google+\"><span class=\"quickshare-googleplus\">Google+<\/span><\/a><\/li>\t\t\t\t\t\t\t\t<li><a href=\"mailto:?subject=Ventimigliablog:+Anche+per+l%26%238217%3Bestate+2020+Ventimiglia+%C3%A8+cultura%2C+sport%2C+musica&amp;body=https%3A%2F%2Fwww.ventimigliablog.it%2Fblog%2Fanche-per-lestate-2020-ventimiglia-e-cultura-sport-musica%2F\" target=\"_blank\" title=\"Share via Email\"><span class=\"quickshare-email\">Email<\/span><\/a><\/li>\t<\/ul>\r\n\t<\/div>\r\n","protected":false},"excerpt":{"rendered":"<p>Anche quest\u2019anno, nonostante l\u2019emergenza Covid-19, Ventimiglia avr\u00e0 la sua estate di eventi. Non certo come gli altri anni, ma l&#8217;assessore alla cultura Simone Bertolucci insieme al Sindaco Gaetano Scullino e a tutta l&#8217;Amministrazione hanno presentato con soddisfazione il calendario estivo &hellip; <a href=\"https:\/\/www.ventimigliablog.it\/blog\/anche-per-lestate-2020-ventimiglia-e-cultura-sport-musica\/\">Continua a leggere<span class=\"meta-nav\">&rarr;<\/span><\/a><\/p>\n","protected":false},"author":153,"featured_media":0,"comment_status":"open","ping_status":"closed","sticky":false,"template":"","format":"standard","meta":{"ngg_post_thumbnail":0,"footnotes":""},"categories":[1,6],"tags":[303,298,297,302,300,15,301,14,299],"_links":{"self":[{"href":"https:\/\/www.ventimigliablog.it\/blog\/wp-json\/wp\/v2\/posts\/5960"}],"collection":[{"href":"https:\/\/www.ventimigliablog.it\/blog\/wp-json\/wp\/v2\/posts"}],"about":[{"href":"https:\/\/www.ventimigliablog.it\/blog\/wp-json\/wp\/v2\/types\/post"}],"author":[{"embeddable":true,"href":"https:\/\/www.ventimigliablog.it\/blog\/wp-json\/wp\/v2\/users\/153"}],"replies":[{"embeddable":true,"href":"https:\/\/www.ventimigliablog.it\/blog\/wp-json\/wp\/v2\/comments?post=5960"}],"version-history":[{"count":1,"href":"https:\/\/www.ventimigliablog.it\/blog\/wp-json\/wp\/v2\/posts\/5960\/revisions"}],"predecessor-version":[{"id":5962,"href":"https:\/\/www.ventimigliablog.it\/blog\/wp-json\/wp\/v2\/posts\/5960\/revisions\/5962"}],"wp:attachment":[{"href":"https:\/\/www.ventimigliablog.it\/blog\/wp-json\/wp\/v2\/media?parent=5960"}],"wp:term":[{"taxonomy":"category","embeddable":true,"href":"https:\/\/www.ventimigliablog.it\/blog\/wp-json\/wp\/v2\/categories?post=5960"},{"taxonomy":"post_tag","embeddable":true,"href":"https:\/\/www.ventimigliablog.it\/blog\/wp-json\/wp\/v2\/tags?post=5960"}],"curies":[{"name":"wp","href":"https:\/\/api.w.org\/{rel}","templated":true}]}}