{"id":5963,"date":"2020-07-24T11:04:25","date_gmt":"2020-07-24T09:04:25","guid":{"rendered":"http:\/\/www.ventimigliablog.it\/blog\/?p=5963"},"modified":"2020-07-29T11:03:48","modified_gmt":"2020-07-29T09:03:48","slug":"a-ventimiglia-e-cambiata-la-musica-pulizia-e-salvaguardia-dellambiente","status":"publish","type":"post","link":"https:\/\/www.ventimigliablog.it\/blog\/a-ventimiglia-e-cambiata-la-musica-pulizia-e-salvaguardia-dellambiente\/","title":{"rendered":"A Ventimiglia \u00e8 cambiata la musica: pulizia e salvaguardia dell&#8217;ambiente"},"content":{"rendered":"<div dir=\"auto\">\n<p><img loading=\"lazy\" decoding=\"async\" class=\"alignnone size-medium wp-image-5964 alignright\" src=\"http:\/\/www.ventimigliablog.it\/blog\/wp-content\/uploads\/2020\/07\/opera-di-pulizia-300x226.jpg\" alt=\"\" width=\"300\" height=\"226\" srcset=\"https:\/\/www.ventimigliablog.it\/blog\/wp-content\/uploads\/2020\/07\/opera-di-pulizia-300x226.jpg 300w, https:\/\/www.ventimigliablog.it\/blog\/wp-content\/uploads\/2020\/07\/opera-di-pulizia.jpg 768w, https:\/\/www.ventimigliablog.it\/blog\/wp-content\/uploads\/2020\/07\/opera-di-pulizia-399x300.jpg 399w\" sizes=\"(max-width: 300px) 100vw, 300px\" \/><\/p>\n<p style=\"text-align: justify;\">Fin dall\u2019inizio del mandato, dal maggio 2019, l\u2019Amministrazione Scullino ha concentrato i suoi sforzi per dare alla citt\u00e0 un immagine di dignit\u00e0, decoro, pulizia e sicurezza focalizzati in particolare sul recupero e la salvaguardia del patrimonio ambientale e sul verde pubblico.<br \/>\nI cittadini e turisti hanno potuto constatare il frequente lavaggio e sanificazione&nbsp; strade, marciapiedi ed opere di abbellimento di giardini e verde pubblico. A questo si \u00e8 aggiunta nei giorni scorsi, lungo il greto del fiume Roja e in prossimit\u00e0 della foce, un\u2019opera di pulizia e bonifica che ha visto impegnati gli operatori della ditta Docks Lanterna e i volontari della locale Associazione Alpini Italiani.<br \/>\nSono stati rimossi i cumuli di rifiuti, i giacigli di fortuna le coperte ed i vestiti abbandonati dai migranti in cerca di rifugio sulle sponde del fiume e sotto i ponti.<br \/>\n\u201cIntendo rivolgere un caloroso ringraziamento alle maestranze della Docks Lanterna ed in particolare ai volontari dell\u2019Associazione Alpini perch\u00e9 il loro impegno vivo e costante \u00e8 il primo indicatore di una societ\u00e0 civile ed attenta alle problematiche della propria citt\u00e0 -Ha detto il sindaco Gaetano Scullino- Un numero sempre maggiore di Ventimigliesi ha compreso che \u00e8 cambiato il clima e il modo di fare, cosa che suscita in noi una grande soddisfazione consapevoli che i cittadini hanno percepito la nostra volont\u00e0 di considerare con attenzione le persone e di prenderci cura dei loro problemi, di salvaguardare l\u2019ambiente, di promuovere la crescita culturale, sociale ed economica della citt\u00e0 con uno spirito fortemente orientato alla tutela del bene comune e della collettivit\u00e0. Di tutto ci\u00f2 siamo particolarmente convinti perch\u00e9 riteniamo che questo clima \u201cdiverso\u201d avvertito da molti indica che la cittadinanza coglie lo sforzo che l\u2019Amministrazione compie per lavorare e governare bene. Agli operatori, ai volontari ed a tutti i cittadini si chiede di continuare con l\u2019impegno e la collaborazione fin qui dimostrata poich\u00e9 solo uno sforzo collettivo potr\u00e0 ottenere benefici per la comunit\u00e0 oggi ma con occhio attento al domani\u201d.<\/p>\n<p><img loading=\"lazy\" decoding=\"async\" class=\"alignnone size-medium wp-image-5965 aligncenter\" src=\"http:\/\/www.ventimigliablog.it\/blog\/wp-content\/uploads\/2020\/07\/pulizia-binari-225x300.jpg\" alt=\"\" width=\"225\" height=\"300\" srcset=\"https:\/\/www.ventimigliablog.it\/blog\/wp-content\/uploads\/2020\/07\/pulizia-binari-225x300.jpg 225w, https:\/\/www.ventimigliablog.it\/blog\/wp-content\/uploads\/2020\/07\/pulizia-binari.jpg 768w\" sizes=\"(max-width: 225px) 100vw, 225px\" \/><\/p>\n<\/div>\n\t<div class=\"quickshare-container\">\r\n\t<ul class=\"quickshare-text qs-genericons quickshare-small\">\r\n\t\t<li class=\"quickshare-share\">Condividi :<\/li> \r\n\t\t<li><a href=\"https:\/\/facebook.com\/sharer.php?u=https%3A%2F%2Fwww.ventimigliablog.it%2Fblog%2Fa-ventimiglia-e-cambiata-la-musica-pulizia-e-salvaguardia-dellambiente%2F&amp;t=A+Ventimiglia+%C3%A8+cambiata+la+musica%3A+pulizia+e+salvaguardia+dell%26%238217%3Bambiente+<+Ventimigliablog\" target=\"_blank\" title=\"Share on Facebook\"><span class=\"quickshare-facebook\">Facebook<\/span><\/a><\/li>\t\t<li><a href=\"https:\/\/twitter.com\/intent\/tweet?url=https%3A%2F%2Fwww.ventimigliablog.it%2Fblog%2Fa-ventimiglia-e-cambiata-la-musica-pulizia-e-salvaguardia-dellambiente%2F&amp;text=A+Ventimiglia+%C3%A8+cambiata+la+musica%3A+pulizia+e+salvaguardia+dell%26%238217%3Bambiente+<+Ventimigliablog\" target=\"_blank\" title=\"Share on Twitter\"><span class=\"quickshare-twitter\">Twitter<\/span><\/a><\/li>\t\t\t\t\t\t<li><a href=\"https:\/\/plus.google.com\/share?url=https%3A%2F%2Fwww.ventimigliablog.it%2Fblog%2Fa-ventimiglia-e-cambiata-la-musica-pulizia-e-salvaguardia-dellambiente%2F\" target=\"_blank\" title=\"Share on Google+\"><span class=\"quickshare-googleplus\">Google+<\/span><\/a><\/li>\t\t\t\t\t\t\t\t<li><a href=\"mailto:?subject=Ventimigliablog:+A+Ventimiglia+%C3%A8+cambiata+la+musica%3A+pulizia+e+salvaguardia+dell%26%238217%3Bambiente&amp;body=https%3A%2F%2Fwww.ventimigliablog.it%2Fblog%2Fa-ventimiglia-e-cambiata-la-musica-pulizia-e-salvaguardia-dellambiente%2F\" target=\"_blank\" title=\"Share via Email\"><span class=\"quickshare-email\">Email<\/span><\/a><\/li>\t<\/ul>\r\n\t<\/div>\r\n","protected":false},"excerpt":{"rendered":"<p>Fin dall\u2019inizio del mandato, dal maggio 2019, l\u2019Amministrazione Scullino ha concentrato i suoi sforzi per dare alla citt\u00e0 un immagine di dignit\u00e0, decoro, pulizia e sicurezza focalizzati in particolare sul recupero e la salvaguardia del patrimonio ambientale e sul verde &hellip; <a href=\"https:\/\/www.ventimigliablog.it\/blog\/a-ventimiglia-e-cambiata-la-musica-pulizia-e-salvaguardia-dellambiente\/\">Continua a leggere<span class=\"meta-nav\">&rarr;<\/span><\/a><\/p>\n","protected":false},"author":153,"featured_media":0,"comment_status":"open","ping_status":"closed","sticky":false,"template":"","format":"standard","meta":{"ngg_post_thumbnail":0,"footnotes":""},"categories":[1,6],"tags":[306,290,305,304,14],"_links":{"self":[{"href":"https:\/\/www.ventimigliablog.it\/blog\/wp-json\/wp\/v2\/posts\/5963"}],"collection":[{"href":"https:\/\/www.ventimigliablog.it\/blog\/wp-json\/wp\/v2\/posts"}],"about":[{"href":"https:\/\/www.ventimigliablog.it\/blog\/wp-json\/wp\/v2\/types\/post"}],"author":[{"embeddable":true,"href":"https:\/\/www.ventimigliablog.it\/blog\/wp-json\/wp\/v2\/users\/153"}],"replies":[{"embeddable":true,"href":"https:\/\/www.ventimigliablog.it\/blog\/wp-json\/wp\/v2\/comments?post=5963"}],"version-history":[{"count":2,"href":"https:\/\/www.ventimigliablog.it\/blog\/wp-json\/wp\/v2\/posts\/5963\/revisions"}],"predecessor-version":[{"id":5977,"href":"https:\/\/www.ventimigliablog.it\/blog\/wp-json\/wp\/v2\/posts\/5963\/revisions\/5977"}],"wp:attachment":[{"href":"https:\/\/www.ventimigliablog.it\/blog\/wp-json\/wp\/v2\/media?parent=5963"}],"wp:term":[{"taxonomy":"category","embeddable":true,"href":"https:\/\/www.ventimigliablog.it\/blog\/wp-json\/wp\/v2\/categories?post=5963"},{"taxonomy":"post_tag","embeddable":true,"href":"https:\/\/www.ventimigliablog.it\/blog\/wp-json\/wp\/v2\/tags?post=5963"}],"curies":[{"name":"wp","href":"https:\/\/api.w.org\/{rel}","templated":true}]}}