{"id":5988,"date":"2020-07-31T11:02:18","date_gmt":"2020-07-31T09:02:18","guid":{"rendered":"http:\/\/www.ventimigliablog.it\/blog\/?p=5988"},"modified":"2020-07-31T11:17:38","modified_gmt":"2020-07-31T09:17:38","slug":"il-premio-san-segundin-agli-angeli-del-covid","status":"publish","type":"post","link":"https:\/\/www.ventimigliablog.it\/blog\/il-premio-san-segundin-agli-angeli-del-covid\/","title":{"rendered":"Il Premio San Segundin d&#8217;Argentu agli Angeli del Covid"},"content":{"rendered":"<p><img loading=\"lazy\" decoding=\"async\" class=\"alignnone size-medium wp-image-5989 alignright\" src=\"http:\/\/www.ventimigliablog.it\/blog\/wp-content\/uploads\/2020\/07\/San-Segundin-300x236.jpg\" alt=\"\" width=\"300\" height=\"236\" srcset=\"https:\/\/www.ventimigliablog.it\/blog\/wp-content\/uploads\/2020\/07\/San-Segundin-300x236.jpg 300w, https:\/\/www.ventimigliablog.it\/blog\/wp-content\/uploads\/2020\/07\/San-Segundin-382x300.jpg 382w, https:\/\/www.ventimigliablog.it\/blog\/wp-content\/uploads\/2020\/07\/San-Segundin.jpg 641w\" sizes=\"(max-width: 300px) 100vw, 300px\" \/><\/p>\n<p>Il Premio San Segundin d\u2019Argentu viene assegnato ogni anno a chi durante la sua vita, in un particolare periodo,&nbsp; o per un evento straordinario ha lavorato per il prossimo, per gli altri, per la Citt\u00e0 di Ventimiglia;<!--more--> per chi ha fatto s\u00ec che il suo lavoro, in silenzio, portasse giovamento e sollievo agli altri, va a chi ha dato lustro alla citt\u00e0 facendola conoscere per i suoi lati positivi, a chi ne ha valorizzato i beni artistici, culturali, naturali e paesaggistici. E\u2019 un premio per cui non ci si candida: giunge inaspettato a discrezione della giuria e su segnalazioni di Associazioni o privati cittadini. La giuria \u00e8 composta da 16 membri: il Sindaco, che ne \u00e8 il Presidente, con tre rappresentanti dell\u2019Amministrazione Comunale (due di maggioranza e uno di minoranza), S. E. il Vescovo, tre rappresentanti di Associazioni cittadine, sette rappresentanti, con il Presidente, del Comitato Pro Centro Storico, comitato ideatore e promotore del San Segundin.<br \/>\nL\u2019edizione 2020 del Premio, che sar\u00e0 consegnato in Cattedrale il giorno del Santo Patrono di Ventimiglia, San Secondo (il 26 agosto), al termine della messa pontificale, \u00e8 un\u2019edizione particolare, dati i ben noti e tristi fatti legati all\u2019emergenza per la pandemia da Coronavirus e, proprio per questi tragici eventi, la giuria ha voluto premiare chi ha lavorato in silenzio, chi ha messo a rischio la propria vita per salvare quella degli altri, senza nulla chiedere, senza mettersi in mostra ad esaltare l\u2019attivit\u00e0 svolta.<br \/>\nIl Premio San Segundin d\u2019Argentu Citt\u00e0 di Ventimiglia Edizione 2020 \u00e8 stato quindi assegnato, dall\u2019unanimit\u00e0 dei componenti la giuria agli ANGELI DEL COVID 19, cio\u00e8 a coloro che hanno combattuto in prima linea contro un nemico, subdolo ed agguerrito, un nemico invisibile ma potentissimo, difficile da sconfiggere, contro il quale solo la tenacia e la forza di volont\u00e0 di sanitari, uomini e donne, ha fatto fronte unito.&nbsp; Il Premio, quindi, vuole essere un piccolo segno di riconoscimento per questi uomini e donne e per tre Associazioni di Volontari che hanno contribuito in particolar modo lavorando alacremente con i sanitari del Sistema Sanitario Nazionale per fronteggiare l\u2019onda devastante della diffusione del virus. I dodici San Segundin d\u2019Argentu assegnati sono un simbolo, rappresentano idealmente i sanitari e i volontari, non solo della zona Intemelia o d\u2019Italia ma del mondo intero, ecco di seguito i loro nomi:<br \/>\n-Punto Primo Intervento Bordighera:<br \/>\nDott. Simone CARLINI, Inf. Prof. Lina CIANCIARUSO, Inf. Prof. Emidio MARFELLA<br \/>\n-Pronto Soccorso Sanremo:<br \/>\nDott. Giancarlo ABREGAL, Inf. Prof. Desi SCUDERA, Inf. Prof. Federico VIOLA<br \/>\n-118 Emergenza Territoriale:<br \/>\nDott. Stefano FERLITO, Inf. Prof. Natasja HEGER, Inf. Prof. Kalid ANIS<br \/>\n-Pubblica Assistenza Croce Verde Intemelia<br \/>\n-Pubblica Assistenza Croce Azzurra Vallecrosia<br \/>\n-Protezione Civile Ventimiglia<br \/>\nIl San Segundin d\u2019Argentu va quindi a chi sceglie di lavorare in strutture come il 118\/PPI\/PS, e ai volontari delle Pubbliche Assistenze, consapevole che sar\u00e0 una cambio incredibile nella sua vita professionale e personale, ogni giorno a confronto con realt\u00e0 umane al limite psichico e fisico, tra la vita e la morte, dove si incontra ogni genere di paziente: si combatte contro la fatica, il sonno, il freddo, il caldo, il territorio che non c&#8217;\u00e8, il senso civico che non c&#8217;\u00e8&#8230; l&#8217;amore che non c&#8217;\u00e8<br \/>\nColoro che svolgono una professione di aiuto sono spesso costretti ad affrontare un\u2019invisibile presenza chiamata impotenza che, in compagnia del Covid, si \u00e8 fatta strada nelle case delle persone (militi e 118) e nei PS\/PPI come un\u2019ombra minacciosa carica di sgomento. Mai come in quel momento, quell\u2019ombra silenziosa ha prevaricato l\u2019uomo, soffocando le vittime, togliendo il respiro a coloro che per ore e ore hanno lavorato con dispositivi di protezione che fanno mancare l\u2019aria.<br \/>\nIl San Segundin 2020, Dott. Stefano Ferlito, Direttore Dipartimento Emergenza ed Accettazione, Direttore Struttura Complessa 118 ed Emergenza Territoriale scrive: \u201cQueste realt\u00e0 angosciose, le abbiamo vissute per i nostri cari, amici e colleghi, ma sempre tra di noi la voglia, il desiderio di salvare vite faceva dimenticare le paure e le ansie, che prontamente ritornavano alla fine di ogni turno di lavoro\u201d.<\/p>\n<p>Dott. Sergio Pallanca Presidente Comitato pro Centro Storico<\/p>\n\t<div class=\"quickshare-container\">\r\n\t<ul class=\"quickshare-text qs-genericons quickshare-small\">\r\n\t\t<li class=\"quickshare-share\">Condividi :<\/li> \r\n\t\t<li><a href=\"https:\/\/facebook.com\/sharer.php?u=https%3A%2F%2Fwww.ventimigliablog.it%2Fblog%2Fil-premio-san-segundin-agli-angeli-del-covid%2F&amp;t=Il+Premio+San+Segundin+d%26%238217%3BArgentu+agli+Angeli+del+Covid+<+Ventimigliablog\" target=\"_blank\" title=\"Share on Facebook\"><span class=\"quickshare-facebook\">Facebook<\/span><\/a><\/li>\t\t<li><a href=\"https:\/\/twitter.com\/intent\/tweet?url=https%3A%2F%2Fwww.ventimigliablog.it%2Fblog%2Fil-premio-san-segundin-agli-angeli-del-covid%2F&amp;text=Il+Premio+San+Segundin+d%26%238217%3BArgentu+agli+Angeli+del+Covid+<+Ventimigliablog\" target=\"_blank\" title=\"Share on Twitter\"><span class=\"quickshare-twitter\">Twitter<\/span><\/a><\/li>\t\t\t\t\t\t<li><a href=\"https:\/\/plus.google.com\/share?url=https%3A%2F%2Fwww.ventimigliablog.it%2Fblog%2Fil-premio-san-segundin-agli-angeli-del-covid%2F\" target=\"_blank\" title=\"Share on Google+\"><span class=\"quickshare-googleplus\">Google+<\/span><\/a><\/li>\t\t\t\t\t\t\t\t<li><a href=\"mailto:?subject=Ventimigliablog:+Il+Premio+San+Segundin+d%26%238217%3BArgentu+agli+Angeli+del+Covid&amp;body=https%3A%2F%2Fwww.ventimigliablog.it%2Fblog%2Fil-premio-san-segundin-agli-angeli-del-covid%2F\" target=\"_blank\" title=\"Share via Email\"><span class=\"quickshare-email\">Email<\/span><\/a><\/li>\t<\/ul>\r\n\t<\/div>\r\n","protected":false},"excerpt":{"rendered":"<p>Il Premio San Segundin d\u2019Argentu viene assegnato ogni anno a chi durante la sua vita, in un particolare periodo,&nbsp; o per un evento straordinario ha lavorato per il prossimo, per gli altri, per la Citt\u00e0 di Ventimiglia;<\/p>\n","protected":false},"author":153,"featured_media":0,"comment_status":"open","ping_status":"closed","sticky":false,"template":"","format":"standard","meta":{"ngg_post_thumbnail":0,"footnotes":""},"categories":[1],"tags":[312,311,309,310],"_links":{"self":[{"href":"https:\/\/www.ventimigliablog.it\/blog\/wp-json\/wp\/v2\/posts\/5988"}],"collection":[{"href":"https:\/\/www.ventimigliablog.it\/blog\/wp-json\/wp\/v2\/posts"}],"about":[{"href":"https:\/\/www.ventimigliablog.it\/blog\/wp-json\/wp\/v2\/types\/post"}],"author":[{"embeddable":true,"href":"https:\/\/www.ventimigliablog.it\/blog\/wp-json\/wp\/v2\/users\/153"}],"replies":[{"embeddable":true,"href":"https:\/\/www.ventimigliablog.it\/blog\/wp-json\/wp\/v2\/comments?post=5988"}],"version-history":[{"count":5,"href":"https:\/\/www.ventimigliablog.it\/blog\/wp-json\/wp\/v2\/posts\/5988\/revisions"}],"predecessor-version":[{"id":5994,"href":"https:\/\/www.ventimigliablog.it\/blog\/wp-json\/wp\/v2\/posts\/5988\/revisions\/5994"}],"wp:attachment":[{"href":"https:\/\/www.ventimigliablog.it\/blog\/wp-json\/wp\/v2\/media?parent=5988"}],"wp:term":[{"taxonomy":"category","embeddable":true,"href":"https:\/\/www.ventimigliablog.it\/blog\/wp-json\/wp\/v2\/categories?post=5988"},{"taxonomy":"post_tag","embeddable":true,"href":"https:\/\/www.ventimigliablog.it\/blog\/wp-json\/wp\/v2\/tags?post=5988"}],"curies":[{"name":"wp","href":"https:\/\/api.w.org\/{rel}","templated":true}]}}