{"id":6277,"date":"2020-08-03T16:48:36","date_gmt":"2020-08-03T14:48:36","guid":{"rendered":"http:\/\/www.ventimigliablog.it\/blog\/?p=6277"},"modified":"2020-08-03T16:48:36","modified_gmt":"2020-08-03T14:48:36","slug":"ventimiglia-capitale-del-beach-handball","status":"publish","type":"post","link":"https:\/\/www.ventimigliablog.it\/blog\/ventimiglia-capitale-del-beach-handball\/","title":{"rendered":"Ventimiglia capitale del beach handball"},"content":{"rendered":"<p>Un primo grande evento, ha segnato il ritorno dell\u2019Handball dopo la chiusura forzata per l\u2019emergenza Covid-19. Ed un grande successo \u00e8 stato quello realizzato nel weekend dalla Pallamano Ventimiglia\/Liguria Beach Handball in occasione del Torneo Internazionale di Beach Handball \u201cTorfeo Cala de Forte\u201d.<\/p>\n<p><img loading=\"lazy\" decoding=\"async\" class=\"alignnone size-medium wp-image-6278 alignright\" src=\"http:\/\/www.ventimigliablog.it\/blog\/wp-content\/uploads\/2020\/08\/IMG-20200802-WA0029-300x225.jpg\" alt=\"\" width=\"300\" height=\"225\" srcset=\"https:\/\/www.ventimigliablog.it\/blog\/wp-content\/uploads\/2020\/08\/IMG-20200802-WA0029-300x225.jpg 300w, https:\/\/www.ventimigliablog.it\/blog\/wp-content\/uploads\/2020\/08\/IMG-20200802-WA0029-768x576.jpg 768w, https:\/\/www.ventimigliablog.it\/blog\/wp-content\/uploads\/2020\/08\/IMG-20200802-WA0029-1024x768.jpg 1024w, https:\/\/www.ventimigliablog.it\/blog\/wp-content\/uploads\/2020\/08\/IMG-20200802-WA0029-400x300.jpg 400w, https:\/\/www.ventimigliablog.it\/blog\/wp-content\/uploads\/2020\/08\/IMG-20200802-WA0029.jpg 1600w\" sizes=\"(max-width: 300px) 100vw, 300px\" \/><\/p>\n<p>Nella categoria Junior (Under 13 ed Under\u00a0 15) hanno partecipato 8 squadre ed \u00e8 stata proprio la Pallamano Ventimiglia ad aggiudicarsi il torneo, superando squadre del calibro del Cavigal Nizza e del Sanary. \u00a0Da segnalare la partecipazione anche della squadra femminile del Comitato delle Alpi Marittime francesi, che ha ben figurato di fronte a squadre maschili.<\/p>\n<p>Domenica si \u00e8 poi svolto il torneo dedicato ai Senior, che ha visto la partecipazione di 12 squadre divise in tre gironi. Numerose le compagini provenienti dalla Francia (Marsiglia, Aix en Provence, La Craux, Sanary, R\u00e9gion sud, e Draguignan) che hanno fatto compagnia alle squadre italiane provenienti da Ventimiglia, Imperia e Siena.<\/p>\n<p>Nei quarti di finale si sono incontrate le due squadre 1 e 2 della Pallamano Ventimiglia, le francesi del Sanary e del PAUC (AIX en Provence), quelli de La\u00a0 Craux e dei \u00a0Corsari Neri ed infine la giovane selezione Under 16 dell\u2019Italia Ovest e dei favoriti Monsanto Beach di Siena.<\/p>\n<p><img loading=\"lazy\" decoding=\"async\" class=\"alignnone size-medium wp-image-6279 alignright\" src=\"http:\/\/www.ventimigliablog.it\/blog\/wp-content\/uploads\/2020\/08\/DSC_4313-300x186.jpg\" alt=\"\" width=\"300\" height=\"186\" srcset=\"https:\/\/www.ventimigliablog.it\/blog\/wp-content\/uploads\/2020\/08\/DSC_4313-300x186.jpg 300w, https:\/\/www.ventimigliablog.it\/blog\/wp-content\/uploads\/2020\/08\/DSC_4313-768x475.jpg 768w, https:\/\/www.ventimigliablog.it\/blog\/wp-content\/uploads\/2020\/08\/DSC_4313-1024x633.jpg 1024w, https:\/\/www.ventimigliablog.it\/blog\/wp-content\/uploads\/2020\/08\/DSC_4313-485x300.jpg 485w\" sizes=\"(max-width: 300px) 100vw, 300px\" \/><\/p>\n<p>La sorpresa delle semifinali \u00e8 stata la qualificazione dei Corsari Neri che hanno eliminato il La Craux e soprattuto dei ragazzini dell\u2019Italia Ovest di Pippo Malatino, che hanno eliminato la forte squadra del Monsanto, agli shoot out.<\/p>\n<p>Le semi finali hanno avuto come esito la qualificazione della Pallamano Ventimiglia, che ha eliminato il PAUC \u00a0di Aix en Provence e soprattutto l\u2019exploit ancora una volta dei giovani dell\u2019Italia Ovest che hanno eliminato ancora agli Shoot out, i Corsari Neri, autori di un eccellente torneo e squadra rivelazione insieme ai giovani talenti preparati da Malatino.<\/p>\n<p>Nella finale l\u2019esito \u00e8 stato scontato, gli esperti atleti della Pallamano Ventimiglia, ormai una delle migliori squadre del panorama italiano e non solo di questa magnifica disciplina, hanno superato gli atleti dell\u2019Italia Ovest (Under 16). Nella finalina per il terzo posto, vittoria dei francesi del PAUC (Aix en Provence), che ottengono quindi un eccellente podio.<\/p>\n<p><!--more--><\/p>\n<p><img loading=\"lazy\" decoding=\"async\" class=\"alignnone size-medium wp-image-6280 alignright\" src=\"http:\/\/www.ventimigliablog.it\/blog\/wp-content\/uploads\/2020\/08\/DSC_4310-300x179.jpg\" alt=\"\" width=\"300\" height=\"179\" srcset=\"https:\/\/www.ventimigliablog.it\/blog\/wp-content\/uploads\/2020\/08\/DSC_4310-300x179.jpg 300w, https:\/\/www.ventimigliablog.it\/blog\/wp-content\/uploads\/2020\/08\/DSC_4310-768x459.jpg 768w, https:\/\/www.ventimigliablog.it\/blog\/wp-content\/uploads\/2020\/08\/DSC_4310-1024x613.jpg 1024w, https:\/\/www.ventimigliablog.it\/blog\/wp-content\/uploads\/2020\/08\/DSC_4310-500x300.jpg 500w\" sizes=\"(max-width: 300px) 100vw, 300px\" \/><\/p>\n<p>I commenti \u00a0dello staff dirigenziale della Pallamano Ventimiglia:<\/p>\n<p>\u201c Sono stati due giorni intensi sia per gli organizzatori, sia per i tecnici e gli atleti, che sotto un caldo afoso, si sono affrontati con grande entusiasmo e grande \u201cFair play\u201d.\u00a0 Il Beach Handball \u00e8 ormai una disciplina che sta prendendo sempre pi\u00f9 piede e noi della Pallamano Ventimiglia, siamo molto fieri di essere protagonisti importanti per la promozione di questo sport sia in Italia che in Francia, dove il nostro status \u00e8 ormai consolidato, come esperti nel settore. Tutto ci\u00f2, deve rendere orgogliosi non solo gli atleti che compongono un movimento di assoluto valore, ma anche tutti i dirigenti del nostro club e direi anche l\u2019intera citt\u00e0, che si trova ad avere atleti importanti non solo di livello nazionale.<\/p>\n<p>La competizione \u00e8 stata di buon livello ed ha visto tra sabato e domenica, la partecipazione di ben 20 squadre provenienti dalla nostra provincia, ma soprattutto dalla Francia, che vede in noi fonte di inspirazione.\u00a0 Anche il Monsanto di Siena, ci ha fatto l\u2019onore di essere presente, a testimonianza del fatto che il riconoscimento dei nostri meriti \u00e8 ormai evidente. Chiaramente per la riuscita di questa manifestazione, necessita l\u2019impegno di tutti i dirigenti della nostra societ\u00e0, ma anche delle istituzioni locali, che ringraziamo per averci dato l\u2019opportunit\u00e0 di gestire quest\u2019anno il campo da Beach ed in particolare nella persona del Sindaco Scullino e dell\u2019assessore Bertolucci.<\/p>\n<p>I nostri ragazzi sono stati fantastici, per impegno, abnegazione e passione; i risultati ottenuti, sono stati all\u2019altezza delle loro aspettative e ci\u00f2 aumenta il senso di appartenenza al nostro club ed alla disciplina. I Senior, vincitori del torneo, hanno disputato delle partite di grande livello tecnico e spettacolare. Capitanati dal Nazionale Alessio D\u2019Attis, ormai esperto della disciplina ed uno dei migliori giocatori europei, che \u00e8 stato degnamente coadiuvato dai suoi scudieri Benini e Bennari, senza dimenticare gli altri componenti la rosa come Gangemi, Coccoluto e dagli imperiesi Madara, Lurgio e Cuc\u00e8, quest\u2019ultimo giudicato miglior giocatore del torneo. Una nota particolare all\u2019 utlimo arrivato Matteo Guinci, che nel ruolo di specialista, ha espresso un\u2019ottima qualit\u00e0 di gioco ed agli altri componenti della rosa come Rossi, Benizzotto, Bollo e Riceputi, che hanno dato una mano alla seconda squadra, ricca di giovani promesse.<\/p>\n<p>Una nota di merito anche ai nostri Under 15 che hanno vinto il torneo della loro categoria e poi hanno arricchito la squadra dell\u2019Italia Ovest(Under 16), \u00a0dove hanno disputato una competizione con un carattere encomiabile, addirittura arrivando in Finale !!! \u00a0\u00a0\u00a0\u00a0\u00a0\u00a0\u00a0\u00a0\u00a0\u00a0\u00a0\u00a0\u00a0\u00a0\u00a0\u00a0\u00a0\u00a0\u00a0\u00a0\u00a0\u00a0\u00a0\u00a0\u00a0\u00a0\u00a0\u00a0\u00a0\u00a0\u00a0\u00a0\u00a0\u00a0\u00a0\u00a0\u00a0\u00a0\u00a0\u00a0\u00a0\u00a0\u00a0\u00a0\u00a0\u00a0\u00a0\u00a0\u00a0\u00a0\u00a0\u00a0\u00a0\u00a0\u00a0\u00a0\u00a0\u00a0\u00a0\u00a0\u00a0\u00a0\u00a0\u00a0\u00a0\u00a0\u00a0\u00a0\u00a0\u00a0\u00a0\u00a0\u00a0\u00a0\u00a0\u00a0\u00a0\u00a0\u00a0\u00a0\u00a0\u00a0\u00a0\u00a0\u00a0\u00a0\u00a0\u00a0\u00a0\u00a0\u00a0\u00a0\u00a0\u00a0\u00a0\u00a0\u00a0\u00a0\u00a0\u00a0\u00a0\u00a0\u00a0\u00a0\u00a0\u00a0\u00a0\u00a0\u00a0\u00a0\u00a0\u00a0\u00a0\u00a0\u00a0\u00a0\u00a0\u00a0\u00a0\u00a0\u00a0Tra le fila di questa bella selezione, il ventimigliese Padova, giudicato il miglior portiere della competizione ed i bravissimi Agnese, Fucile, Caridi, De Berardinis, Cosentino , Cavo(Tortona) e Caracciolo(Tortona). Grande rivelazione di questa squadra Andrea Sismondini\u00a0 (classe 2007)<\/p>\n<p>Grazie a tutti i nostri sponsor, Pastificio Morena, Para Farmacia Pallanca, Ristorante La Grotta, La Perla e \u00a0Casablanca, ma anche agli amici francesi, che ci hanno fatto visita e che si sono complimentati con noi, per l\u2019accoglienza e le nostre capacit\u00e0 organizzative, in particolare ad Anne Martini, che \u00e8 la fotografa del gruppo di lavoro R\u00e9gion sud\u00a0 Beach Handball e che ha tenuto le relazioni tra i club italiani e francesi. Da citare la presenza a Ventimiglia del responsabile della Federazione Italiana Giuoco Handball Giovanni Sorrenti e del Presidente dell\u2019\u00a0 ASH Monaco Eric Peraudeau, oltre a personaggio storici della Pallamano Lugire come Jean Claude Asnong. L\u2019evento \u00e8 stato coperto dalla Legnano Web Tv, che ringraziamo nella persona di Axel Paderni. \u00a0Questa tv, coprir\u00e0 gli eventi della Pallamano Ventimiglia, comprese le partite del Campionato Indor\u00a0 Eccellenza PACA.\u201d<\/p>\n\t<div class=\"quickshare-container\">\r\n\t<ul class=\"quickshare-text qs-genericons quickshare-small\">\r\n\t\t<li class=\"quickshare-share\">Condividi :<\/li> \r\n\t\t<li><a href=\"https:\/\/facebook.com\/sharer.php?u=https%3A%2F%2Fwww.ventimigliablog.it%2Fblog%2Fventimiglia-capitale-del-beach-handball%2F&amp;t=Ventimiglia+capitale+del+beach+handball+<+Ventimigliablog\" target=\"_blank\" title=\"Share on Facebook\"><span class=\"quickshare-facebook\">Facebook<\/span><\/a><\/li>\t\t<li><a href=\"https:\/\/twitter.com\/intent\/tweet?url=https%3A%2F%2Fwww.ventimigliablog.it%2Fblog%2Fventimiglia-capitale-del-beach-handball%2F&amp;text=Ventimiglia+capitale+del+beach+handball+<+Ventimigliablog\" target=\"_blank\" title=\"Share on Twitter\"><span class=\"quickshare-twitter\">Twitter<\/span><\/a><\/li>\t\t\t\t\t\t<li><a href=\"https:\/\/plus.google.com\/share?url=https%3A%2F%2Fwww.ventimigliablog.it%2Fblog%2Fventimiglia-capitale-del-beach-handball%2F\" target=\"_blank\" title=\"Share on Google+\"><span class=\"quickshare-googleplus\">Google+<\/span><\/a><\/li>\t\t\t\t\t\t\t\t<li><a href=\"mailto:?subject=Ventimigliablog:+Ventimiglia+capitale+del+beach+handball&amp;body=https%3A%2F%2Fwww.ventimigliablog.it%2Fblog%2Fventimiglia-capitale-del-beach-handball%2F\" target=\"_blank\" title=\"Share via Email\"><span class=\"quickshare-email\">Email<\/span><\/a><\/li>\t<\/ul>\r\n\t<\/div>\r\n","protected":false},"excerpt":{"rendered":"<p>Un primo grande evento, ha segnato il ritorno dell\u2019Handball dopo la chiusura forzata per l\u2019emergenza Covid-19. Ed un grande successo \u00e8 stato quello realizzato nel weekend dalla Pallamano Ventimiglia\/Liguria Beach Handball in occasione del Torneo Internazionale di Beach Handball \u201cTorfeo &hellip; <a href=\"https:\/\/www.ventimigliablog.it\/blog\/ventimiglia-capitale-del-beach-handball\/\">Continua a leggere<span class=\"meta-nav\">&rarr;<\/span><\/a><\/p>\n","protected":false},"author":153,"featured_media":0,"comment_status":"open","ping_status":"closed","sticky":false,"template":"","format":"standard","meta":{"ngg_post_thumbnail":0,"footnotes":""},"categories":[1],"tags":[315,223,314,316],"_links":{"self":[{"href":"https:\/\/www.ventimigliablog.it\/blog\/wp-json\/wp\/v2\/posts\/6277"}],"collection":[{"href":"https:\/\/www.ventimigliablog.it\/blog\/wp-json\/wp\/v2\/posts"}],"about":[{"href":"https:\/\/www.ventimigliablog.it\/blog\/wp-json\/wp\/v2\/types\/post"}],"author":[{"embeddable":true,"href":"https:\/\/www.ventimigliablog.it\/blog\/wp-json\/wp\/v2\/users\/153"}],"replies":[{"embeddable":true,"href":"https:\/\/www.ventimigliablog.it\/blog\/wp-json\/wp\/v2\/comments?post=6277"}],"version-history":[{"count":1,"href":"https:\/\/www.ventimigliablog.it\/blog\/wp-json\/wp\/v2\/posts\/6277\/revisions"}],"predecessor-version":[{"id":6281,"href":"https:\/\/www.ventimigliablog.it\/blog\/wp-json\/wp\/v2\/posts\/6277\/revisions\/6281"}],"wp:attachment":[{"href":"https:\/\/www.ventimigliablog.it\/blog\/wp-json\/wp\/v2\/media?parent=6277"}],"wp:term":[{"taxonomy":"category","embeddable":true,"href":"https:\/\/www.ventimigliablog.it\/blog\/wp-json\/wp\/v2\/categories?post=6277"},{"taxonomy":"post_tag","embeddable":true,"href":"https:\/\/www.ventimigliablog.it\/blog\/wp-json\/wp\/v2\/tags?post=6277"}],"curies":[{"name":"wp","href":"https:\/\/api.w.org\/{rel}","templated":true}]}}