{"id":6287,"date":"2020-08-08T17:58:47","date_gmt":"2020-08-08T15:58:47","guid":{"rendered":"http:\/\/www.ventimigliablog.it\/blog\/?p=6287"},"modified":"2020-08-08T17:58:47","modified_gmt":"2020-08-08T15:58:47","slug":"i-lavori-non-vanno-in-vacanza-ventimiglia-continua-la-trasformazione","status":"publish","type":"post","link":"https:\/\/www.ventimigliablog.it\/blog\/i-lavori-non-vanno-in-vacanza-ventimiglia-continua-la-trasformazione\/","title":{"rendered":"I lavori non vanno in vacanza: Ventimiglia continua la trasformazione"},"content":{"rendered":"<div id=\"attachment_6288\" style=\"width: 310px\" class=\"wp-caption alignright\"><img loading=\"lazy\" decoding=\"async\" aria-describedby=\"caption-attachment-6288\" class=\"size-medium wp-image-6288\" src=\"http:\/\/www.ventimigliablog.it\/blog\/wp-content\/uploads\/2020\/08\/IMG-20200807-WA0025-300x225.jpg\" alt=\"\" width=\"300\" height=\"225\" srcset=\"https:\/\/www.ventimigliablog.it\/blog\/wp-content\/uploads\/2020\/08\/IMG-20200807-WA0025-300x225.jpg 300w, https:\/\/www.ventimigliablog.it\/blog\/wp-content\/uploads\/2020\/08\/IMG-20200807-WA0025-768x576.jpg 768w, https:\/\/www.ventimigliablog.it\/blog\/wp-content\/uploads\/2020\/08\/IMG-20200807-WA0025.jpg 1024w, https:\/\/www.ventimigliablog.it\/blog\/wp-content\/uploads\/2020\/08\/IMG-20200807-WA0025-400x300.jpg 400w\" sizes=\"(max-width: 300px) 100vw, 300px\" \/><p id=\"caption-attachment-6288\" class=\"wp-caption-text\">Da sinistra: Gabriele Amarella, il sindaco Gaetano Scullino, Francesco Mauro, Simone Bertolucci e Tiziana Panetta<\/p><\/div>\n<p>Incontro del sindaco di Ventimiglia Gaetano Scullino con i segretari politici della coalizione per l\u2019organizzazione dei prossimi interventi cittadini. Anche in periodo di vacanze l&#8217;Amministrazione comunale non perde tempo e pianifica il futuro della citt\u00e0. In primis massima attenzione alla preparazione degli edifici scolastici. Sul fronte invece dei lavori e viabilit\u00e0, in questi giorni \u00e8 stata completata la riasfaltatura di corso Genova ed \u00e8 stato effettuato il cambio dei lampioni, ormai \u00a0obsoleti, in via Mazzini e via Milite Ignoto, con altri nuovi, sempre in stile, ed a led, per un risparmio energetico.\u00a0\u00a0Tra i progetti di cui si \u00e8 parlato nella riunione di venerd\u00ec per predisporre il calendario dal mese di settembre, l\u2019innovativa pista ciclabile a sbalzo sulla passeggiata nel tratto da via Lamboglia a via Dante, la pedonalizzazione di via Aprosio e via Ruffini, tre parcheggi nelle aree ferroviarie dismesse, la messa in sicurezza di via Toscanini\u00a0 e strada per Varase, la nuova pavimentazione in salita S.Giovanni e asfaltatura di via Roma e Bevera. Continua quindi la trasformazione della citt\u00e0, sempre pronta a stupire e ad accogliere nuovi turisti anche in vista dell\u2019inaugurazione del porto previsto per il 2021.<\/p>\n\t<div class=\"quickshare-container\">\r\n\t<ul class=\"quickshare-text qs-genericons quickshare-small\">\r\n\t\t<li class=\"quickshare-share\">Condividi :<\/li> \r\n\t\t<li><a href=\"https:\/\/facebook.com\/sharer.php?u=https%3A%2F%2Fwww.ventimigliablog.it%2Fblog%2Fi-lavori-non-vanno-in-vacanza-ventimiglia-continua-la-trasformazione%2F&amp;t=I+lavori+non+vanno+in+vacanza%3A+Ventimiglia+continua+la+trasformazione+<+Ventimigliablog\" target=\"_blank\" title=\"Share on Facebook\"><span class=\"quickshare-facebook\">Facebook<\/span><\/a><\/li>\t\t<li><a href=\"https:\/\/twitter.com\/intent\/tweet?url=https%3A%2F%2Fwww.ventimigliablog.it%2Fblog%2Fi-lavori-non-vanno-in-vacanza-ventimiglia-continua-la-trasformazione%2F&amp;text=I+lavori+non+vanno+in+vacanza%3A+Ventimiglia+continua+la+trasformazione+<+Ventimigliablog\" target=\"_blank\" title=\"Share on Twitter\"><span class=\"quickshare-twitter\">Twitter<\/span><\/a><\/li>\t\t\t\t\t\t<li><a href=\"https:\/\/plus.google.com\/share?url=https%3A%2F%2Fwww.ventimigliablog.it%2Fblog%2Fi-lavori-non-vanno-in-vacanza-ventimiglia-continua-la-trasformazione%2F\" target=\"_blank\" title=\"Share on Google+\"><span class=\"quickshare-googleplus\">Google+<\/span><\/a><\/li>\t\t\t\t\t\t\t\t<li><a href=\"mailto:?subject=Ventimigliablog:+I+lavori+non+vanno+in+vacanza%3A+Ventimiglia+continua+la+trasformazione&amp;body=https%3A%2F%2Fwww.ventimigliablog.it%2Fblog%2Fi-lavori-non-vanno-in-vacanza-ventimiglia-continua-la-trasformazione%2F\" target=\"_blank\" title=\"Share via Email\"><span class=\"quickshare-email\">Email<\/span><\/a><\/li>\t<\/ul>\r\n\t<\/div>\r\n","protected":false},"excerpt":{"rendered":"<p>Incontro del sindaco di Ventimiglia Gaetano Scullino con i segretari politici della coalizione per l\u2019organizzazione dei prossimi interventi cittadini. Anche in periodo di vacanze l&#8217;Amministrazione comunale non perde tempo e pianifica il futuro della citt\u00e0. In primis massima attenzione alla &hellip; <a href=\"https:\/\/www.ventimigliablog.it\/blog\/i-lavori-non-vanno-in-vacanza-ventimiglia-continua-la-trasformazione\/\">Continua a leggere<span class=\"meta-nav\">&rarr;<\/span><\/a><\/p>\n","protected":false},"author":153,"featured_media":0,"comment_status":"open","ping_status":"closed","sticky":false,"template":"","format":"standard","meta":{"ngg_post_thumbnail":0,"footnotes":""},"categories":[1],"tags":[317,298,320,318,319,15,14],"_links":{"self":[{"href":"https:\/\/www.ventimigliablog.it\/blog\/wp-json\/wp\/v2\/posts\/6287"}],"collection":[{"href":"https:\/\/www.ventimigliablog.it\/blog\/wp-json\/wp\/v2\/posts"}],"about":[{"href":"https:\/\/www.ventimigliablog.it\/blog\/wp-json\/wp\/v2\/types\/post"}],"author":[{"embeddable":true,"href":"https:\/\/www.ventimigliablog.it\/blog\/wp-json\/wp\/v2\/users\/153"}],"replies":[{"embeddable":true,"href":"https:\/\/www.ventimigliablog.it\/blog\/wp-json\/wp\/v2\/comments?post=6287"}],"version-history":[{"count":1,"href":"https:\/\/www.ventimigliablog.it\/blog\/wp-json\/wp\/v2\/posts\/6287\/revisions"}],"predecessor-version":[{"id":6289,"href":"https:\/\/www.ventimigliablog.it\/blog\/wp-json\/wp\/v2\/posts\/6287\/revisions\/6289"}],"wp:attachment":[{"href":"https:\/\/www.ventimigliablog.it\/blog\/wp-json\/wp\/v2\/media?parent=6287"}],"wp:term":[{"taxonomy":"category","embeddable":true,"href":"https:\/\/www.ventimigliablog.it\/blog\/wp-json\/wp\/v2\/categories?post=6287"},{"taxonomy":"post_tag","embeddable":true,"href":"https:\/\/www.ventimigliablog.it\/blog\/wp-json\/wp\/v2\/tags?post=6287"}],"curies":[{"name":"wp","href":"https:\/\/api.w.org\/{rel}","templated":true}]}}