{"id":6290,"date":"2020-08-11T11:52:58","date_gmt":"2020-08-11T09:52:58","guid":{"rendered":"http:\/\/www.ventimigliablog.it\/blog\/?p=6290"},"modified":"2020-08-11T11:52:58","modified_gmt":"2020-08-11T09:52:58","slug":"nuovo-parcheggio-di-latte","status":"publish","type":"post","link":"https:\/\/www.ventimigliablog.it\/blog\/nuovo-parcheggio-di-latte\/","title":{"rendered":"Nuovo parcheggio di Latte"},"content":{"rendered":"<p>Il parcheggio di Latte \u00e8 l\u2019ennesima dimostrazione che quando un\u2019amministrazione comunale, con senso del dovere, si mette all\u2019opera, quasi niente \u00e8 impossibile. 32 posti auto nuovi, in una frazione. Perch\u00e9 esistono anche le fr<img loading=\"lazy\" decoding=\"async\" class=\" wp-image-6291 alignleft\" src=\"http:\/\/www.ventimigliablog.it\/blog\/wp-content\/uploads\/2020\/08\/25c95702-7d93-45e0-bb4d-70ee31833b2e-300x225.jpg\" alt=\"\" width=\"220\" height=\"167\" \/>azioni.<\/p>\n<p>No rendering, no chiacchiere. Semplicit\u00e0 e concretezza civica. Un applauso all&#8217;assessore Panetta, al Sindaco e allo staff per questa bella iniziativa.<\/p>\n<p>11 agosto 2020 &#8211; Lista Civica Scullino<\/p>\n\t<div class=\"quickshare-container\">\r\n\t<ul class=\"quickshare-text qs-genericons quickshare-small\">\r\n\t\t<li class=\"quickshare-share\">Condividi :<\/li> \r\n\t\t<li><a href=\"https:\/\/facebook.com\/sharer.php?u=https%3A%2F%2Fwww.ventimigliablog.it%2Fblog%2Fnuovo-parcheggio-di-latte%2F&amp;t=Nuovo+parcheggio+di+Latte+<+Ventimigliablog\" target=\"_blank\" title=\"Share on Facebook\"><span class=\"quickshare-facebook\">Facebook<\/span><\/a><\/li>\t\t<li><a href=\"https:\/\/twitter.com\/intent\/tweet?url=https%3A%2F%2Fwww.ventimigliablog.it%2Fblog%2Fnuovo-parcheggio-di-latte%2F&amp;text=Nuovo+parcheggio+di+Latte+<+Ventimigliablog\" target=\"_blank\" title=\"Share on Twitter\"><span class=\"quickshare-twitter\">Twitter<\/span><\/a><\/li>\t\t\t\t\t\t<li><a href=\"https:\/\/plus.google.com\/share?url=https%3A%2F%2Fwww.ventimigliablog.it%2Fblog%2Fnuovo-parcheggio-di-latte%2F\" target=\"_blank\" title=\"Share on Google+\"><span class=\"quickshare-googleplus\">Google+<\/span><\/a><\/li>\t\t\t\t\t\t\t\t<li><a href=\"mailto:?subject=Ventimigliablog:+Nuovo+parcheggio+di+Latte&amp;body=https%3A%2F%2Fwww.ventimigliablog.it%2Fblog%2Fnuovo-parcheggio-di-latte%2F\" target=\"_blank\" title=\"Share via Email\"><span class=\"quickshare-email\">Email<\/span><\/a><\/li>\t<\/ul>\r\n\t<\/div>\r\n","protected":false},"excerpt":{"rendered":"<p>Il parcheggio di Latte \u00e8 l\u2019ennesima dimostrazione che quando un\u2019amministrazione comunale, con senso del dovere, si mette all\u2019opera, quasi niente \u00e8 impossibile. 32 posti auto nuovi, in una frazione. Perch\u00e9 esistono anche le frazioni. No rendering, no chiacchiere. Semplicit\u00e0 e &hellip; <a href=\"https:\/\/www.ventimigliablog.it\/blog\/nuovo-parcheggio-di-latte\/\">Continua a leggere<span class=\"meta-nav\">&rarr;<\/span><\/a><\/p>\n","protected":false},"author":12,"featured_media":0,"comment_status":"open","ping_status":"closed","sticky":false,"template":"","format":"standard","meta":{"ngg_post_thumbnail":0,"footnotes":""},"categories":[1],"tags":[],"_links":{"self":[{"href":"https:\/\/www.ventimigliablog.it\/blog\/wp-json\/wp\/v2\/posts\/6290"}],"collection":[{"href":"https:\/\/www.ventimigliablog.it\/blog\/wp-json\/wp\/v2\/posts"}],"about":[{"href":"https:\/\/www.ventimigliablog.it\/blog\/wp-json\/wp\/v2\/types\/post"}],"author":[{"embeddable":true,"href":"https:\/\/www.ventimigliablog.it\/blog\/wp-json\/wp\/v2\/users\/12"}],"replies":[{"embeddable":true,"href":"https:\/\/www.ventimigliablog.it\/blog\/wp-json\/wp\/v2\/comments?post=6290"}],"version-history":[{"count":1,"href":"https:\/\/www.ventimigliablog.it\/blog\/wp-json\/wp\/v2\/posts\/6290\/revisions"}],"predecessor-version":[{"id":6292,"href":"https:\/\/www.ventimigliablog.it\/blog\/wp-json\/wp\/v2\/posts\/6290\/revisions\/6292"}],"wp:attachment":[{"href":"https:\/\/www.ventimigliablog.it\/blog\/wp-json\/wp\/v2\/media?parent=6290"}],"wp:term":[{"taxonomy":"category","embeddable":true,"href":"https:\/\/www.ventimigliablog.it\/blog\/wp-json\/wp\/v2\/categories?post=6290"},{"taxonomy":"post_tag","embeddable":true,"href":"https:\/\/www.ventimigliablog.it\/blog\/wp-json\/wp\/v2\/tags?post=6290"}],"curies":[{"name":"wp","href":"https:\/\/api.w.org\/{rel}","templated":true}]}}