{"id":6293,"date":"2020-08-12T11:19:43","date_gmt":"2020-08-12T09:19:43","guid":{"rendered":"http:\/\/www.ventimigliablog.it\/blog\/?p=6293"},"modified":"2020-08-12T11:20:52","modified_gmt":"2020-08-12T09:20:52","slug":"una-forza-trainante-unica","status":"publish","type":"post","link":"https:\/\/www.ventimigliablog.it\/blog\/una-forza-trainante-unica\/","title":{"rendered":"Una forza trainante unica"},"content":{"rendered":"<p>A memoria, \u00e8 la prima volta che una lista civica, dopo aver vinto le elezioni, continua a lavorare, gratuitamente, al servizio della citt\u00e0. La Lista Civica Scullino si \u00e8 rivelata essere un gruppo di persone affiatate, che hanno in testa non le seggiole del Palazzo ma il bene della citt\u00e0.<\/p>\n<p style=\"color: #333333; font-style: normal;\"><img loading=\"lazy\" decoding=\"async\" class=\" wp-image-6295 alignleft\" style=\"color: #333333; font-style: normal; font-weight: 300;\" src=\"http:\/\/www.ventimigliablog.it\/blog\/wp-content\/uploads\/2020\/08\/WhatsApp-Image-2020-08-11-at-12.26.55-2-300x225.jpeg\" alt=\"\" width=\"278\" height=\"211\" \/><\/p>\n<p>E, pare, riescano a fare tutto<span style=\"font-weight: 300;\">\u00a0divertendosi. Chi ha la testa, mette la testa, chi ha le ga<\/span><span style=\"font-weight: 300;\">mbe, mette le gambe. Sono in grado di aggregare cittadini e associazioni, hanno una forza trainante unica, che non avevamo mai visto in citt\u00e0. L\u2019augurio \u00e8 che possano evolversi, espandersi, trascinare al loro \u00a0interno cittadini di ogni fazione politica. Diventare un contenitore di idee e di azioni, un punto di riferimento per il bene di noi cittadini.<\/span><\/p>\n<p>&nbsp;<\/p>\n\t<div class=\"quickshare-container\">\r\n\t<ul class=\"quickshare-text qs-genericons quickshare-small\">\r\n\t\t<li class=\"quickshare-share\">Condividi :<\/li> \r\n\t\t<li><a href=\"https:\/\/facebook.com\/sharer.php?u=https%3A%2F%2Fwww.ventimigliablog.it%2Fblog%2Funa-forza-trainante-unica%2F&amp;t=Una+forza+trainante+unica+<+Ventimigliablog\" target=\"_blank\" title=\"Share on Facebook\"><span class=\"quickshare-facebook\">Facebook<\/span><\/a><\/li>\t\t<li><a href=\"https:\/\/twitter.com\/intent\/tweet?url=https%3A%2F%2Fwww.ventimigliablog.it%2Fblog%2Funa-forza-trainante-unica%2F&amp;text=Una+forza+trainante+unica+<+Ventimigliablog\" target=\"_blank\" title=\"Share on Twitter\"><span class=\"quickshare-twitter\">Twitter<\/span><\/a><\/li>\t\t\t\t\t\t<li><a href=\"https:\/\/plus.google.com\/share?url=https%3A%2F%2Fwww.ventimigliablog.it%2Fblog%2Funa-forza-trainante-unica%2F\" target=\"_blank\" title=\"Share on Google+\"><span class=\"quickshare-googleplus\">Google+<\/span><\/a><\/li>\t\t\t\t\t\t\t\t<li><a href=\"mailto:?subject=Ventimigliablog:+Una+forza+trainante+unica&amp;body=https%3A%2F%2Fwww.ventimigliablog.it%2Fblog%2Funa-forza-trainante-unica%2F\" target=\"_blank\" title=\"Share via Email\"><span class=\"quickshare-email\">Email<\/span><\/a><\/li>\t<\/ul>\r\n\t<\/div>\r\n","protected":false},"excerpt":{"rendered":"<p>A memoria, \u00e8 la prima volta che una lista civica, dopo aver vinto le elezioni, continua a lavorare, gratuitamente, al servizio della citt\u00e0. La Lista Civica Scullino si \u00e8 rivelata essere un gruppo di persone affiatate, che hanno in testa &hellip; <a href=\"https:\/\/www.ventimigliablog.it\/blog\/una-forza-trainante-unica\/\">Continua a leggere<span class=\"meta-nav\">&rarr;<\/span><\/a><\/p>\n","protected":false},"author":12,"featured_media":0,"comment_status":"open","ping_status":"closed","sticky":false,"template":"","format":"standard","meta":{"ngg_post_thumbnail":0,"footnotes":""},"categories":[1],"tags":[],"_links":{"self":[{"href":"https:\/\/www.ventimigliablog.it\/blog\/wp-json\/wp\/v2\/posts\/6293"}],"collection":[{"href":"https:\/\/www.ventimigliablog.it\/blog\/wp-json\/wp\/v2\/posts"}],"about":[{"href":"https:\/\/www.ventimigliablog.it\/blog\/wp-json\/wp\/v2\/types\/post"}],"author":[{"embeddable":true,"href":"https:\/\/www.ventimigliablog.it\/blog\/wp-json\/wp\/v2\/users\/12"}],"replies":[{"embeddable":true,"href":"https:\/\/www.ventimigliablog.it\/blog\/wp-json\/wp\/v2\/comments?post=6293"}],"version-history":[{"count":2,"href":"https:\/\/www.ventimigliablog.it\/blog\/wp-json\/wp\/v2\/posts\/6293\/revisions"}],"predecessor-version":[{"id":6297,"href":"https:\/\/www.ventimigliablog.it\/blog\/wp-json\/wp\/v2\/posts\/6293\/revisions\/6297"}],"wp:attachment":[{"href":"https:\/\/www.ventimigliablog.it\/blog\/wp-json\/wp\/v2\/media?parent=6293"}],"wp:term":[{"taxonomy":"category","embeddable":true,"href":"https:\/\/www.ventimigliablog.it\/blog\/wp-json\/wp\/v2\/categories?post=6293"},{"taxonomy":"post_tag","embeddable":true,"href":"https:\/\/www.ventimigliablog.it\/blog\/wp-json\/wp\/v2\/tags?post=6293"}],"curies":[{"name":"wp","href":"https:\/\/api.w.org\/{rel}","templated":true}]}}