{"id":6309,"date":"2020-08-15T11:06:14","date_gmt":"2020-08-15T09:06:14","guid":{"rendered":"http:\/\/www.ventimigliablog.it\/blog\/?p=6309"},"modified":"2020-08-15T11:49:03","modified_gmt":"2020-08-15T09:49:03","slug":"operazione-congiunta-80-migranti-allontanati","status":"publish","type":"post","link":"https:\/\/www.ventimigliablog.it\/blog\/operazione-congiunta-80-migranti-allontanati\/","title":{"rendered":"Operazione congiunta: 80 migranti allontanati"},"content":{"rendered":"<p><img loading=\"lazy\" decoding=\"async\" class=\"alignnone size-medium wp-image-6310 alignright\" src=\"http:\/\/www.ventimigliablog.it\/blog\/wp-content\/uploads\/2020\/08\/operazione-congiunta-300x145.jpg\" alt=\"\" width=\"300\" height=\"145\" srcset=\"https:\/\/www.ventimigliablog.it\/blog\/wp-content\/uploads\/2020\/08\/operazione-congiunta-300x145.jpg 300w, https:\/\/www.ventimigliablog.it\/blog\/wp-content\/uploads\/2020\/08\/operazione-congiunta-768x371.jpg 768w, https:\/\/www.ventimigliablog.it\/blog\/wp-content\/uploads\/2020\/08\/operazione-congiunta.jpg 1024w, https:\/\/www.ventimigliablog.it\/blog\/wp-content\/uploads\/2020\/08\/operazione-congiunta-500x242.jpg 500w\" sizes=\"(max-width: 300px) 100vw, 300px\" \/><\/p>\n<p>Si \u00e8 protratta fino alla nottata di ieri, venerd\u00ec 14 agosto, l\u2019operazione congiunta di Polizia e Polizia Municipale con sedici agenti impiegati sul territorio di Ventimiglia nelle zone della Foce, Sirena, Passerella, Stazione e giardini, luoghi oggetto di bivaccamenti. Ottanta i migranti allontanati dal centro cittadino. In attesa che a settembre si possa assumere una linea comune con il Ministero dell&#8217;interno e nonostante la leggera diminuzione degli arrivi in citt\u00e0 negli ultimi giorni, i problemi rimangono, come rimarca il primo cittadino Gaetano Scullino: \u201cGrazie alla sinergia con le Forze dell&#8217;ordine, in questo periodo dopo la chiusura del Campo Roja, ho voluto intensificare le verifiche sul territorio nelle zone pi\u00f9 critiche, anche notturne. Gli immigrati occupano le zone centrali della citt\u00e0 provocando disordine, rifiuti e percezione generale di insicurezza. I cittadini e i turisti devono sentirsi pi\u00f9 sicuri. Quindi non abbasseremo la guardia e continueremo ad organizzare interventi congiunti con l\u2019aiuto delle forze di Polizia e Carabinieri\u201d.<!--more--><\/p>\n<p>&#8220;In questi giorni -continua il sindaco Scullino- ho visto circolare una foto con dei bambini extracomunitari con la loro famiglia che dormivano sul terreno, non \u00e8 giusto, dobbiamo presto intervenire e dare supporto umanitario a chi ne ha bisogno davvero, la Caritas e altre associazioni fanno gi\u00e0 molto ma non si pu\u00f2 chiedere ai volontari di sostituire lo Stato. Cosa intende fare il Governo? I comuni non hanno risorse finanziarie per assistere\u00a0 i residenti in stato di difficolt\u00e0, il Comune di Ventimiglia non pu\u00f2 farsi carico anche delle problematiche migratorie, solo perch\u00e8 \u00e8 una citt\u00e0 di confine. Chiedo a tutti di riflettere, io continuer\u00f2 a fare la mia parte con i miei amministratori, ma il Governo deve assumere una linea seria, concreta e attuabile&#8230; subito per\u00f2!&#8221;<\/p>\n\t<div class=\"quickshare-container\">\r\n\t<ul class=\"quickshare-text qs-genericons quickshare-small\">\r\n\t\t<li class=\"quickshare-share\">Condividi :<\/li> \r\n\t\t<li><a href=\"https:\/\/facebook.com\/sharer.php?u=https%3A%2F%2Fwww.ventimigliablog.it%2Fblog%2Foperazione-congiunta-80-migranti-allontanati%2F&amp;t=Operazione+congiunta%3A+80+migranti+allontanati+<+Ventimigliablog\" target=\"_blank\" title=\"Share on Facebook\"><span class=\"quickshare-facebook\">Facebook<\/span><\/a><\/li>\t\t<li><a href=\"https:\/\/twitter.com\/intent\/tweet?url=https%3A%2F%2Fwww.ventimigliablog.it%2Fblog%2Foperazione-congiunta-80-migranti-allontanati%2F&amp;text=Operazione+congiunta%3A+80+migranti+allontanati+<+Ventimigliablog\" target=\"_blank\" title=\"Share on Twitter\"><span class=\"quickshare-twitter\">Twitter<\/span><\/a><\/li>\t\t\t\t\t\t<li><a href=\"https:\/\/plus.google.com\/share?url=https%3A%2F%2Fwww.ventimigliablog.it%2Fblog%2Foperazione-congiunta-80-migranti-allontanati%2F\" target=\"_blank\" title=\"Share on Google+\"><span class=\"quickshare-googleplus\">Google+<\/span><\/a><\/li>\t\t\t\t\t\t\t\t<li><a href=\"mailto:?subject=Ventimigliablog:+Operazione+congiunta%3A+80+migranti+allontanati&amp;body=https%3A%2F%2Fwww.ventimigliablog.it%2Fblog%2Foperazione-congiunta-80-migranti-allontanati%2F\" target=\"_blank\" title=\"Share via Email\"><span class=\"quickshare-email\">Email<\/span><\/a><\/li>\t<\/ul>\r\n\t<\/div>\r\n","protected":false},"excerpt":{"rendered":"<p>Si \u00e8 protratta fino alla nottata di ieri, venerd\u00ec 14 agosto, l\u2019operazione congiunta di Polizia e Polizia Municipale con sedici agenti impiegati sul territorio di Ventimiglia nelle zone della Foce, Sirena, Passerella, Stazione e giardini, luoghi oggetto di bivaccamenti. Ottanta &hellip; <a href=\"https:\/\/www.ventimigliablog.it\/blog\/operazione-congiunta-80-migranti-allontanati\/\">Continua a leggere<span class=\"meta-nav\">&rarr;<\/span><\/a><\/p>\n","protected":false},"author":153,"featured_media":0,"comment_status":"open","ping_status":"closed","sticky":false,"template":"","format":"standard","meta":{"ngg_post_thumbnail":0,"footnotes":""},"categories":[1],"tags":[313,324,325,14],"_links":{"self":[{"href":"https:\/\/www.ventimigliablog.it\/blog\/wp-json\/wp\/v2\/posts\/6309"}],"collection":[{"href":"https:\/\/www.ventimigliablog.it\/blog\/wp-json\/wp\/v2\/posts"}],"about":[{"href":"https:\/\/www.ventimigliablog.it\/blog\/wp-json\/wp\/v2\/types\/post"}],"author":[{"embeddable":true,"href":"https:\/\/www.ventimigliablog.it\/blog\/wp-json\/wp\/v2\/users\/153"}],"replies":[{"embeddable":true,"href":"https:\/\/www.ventimigliablog.it\/blog\/wp-json\/wp\/v2\/comments?post=6309"}],"version-history":[{"count":3,"href":"https:\/\/www.ventimigliablog.it\/blog\/wp-json\/wp\/v2\/posts\/6309\/revisions"}],"predecessor-version":[{"id":6313,"href":"https:\/\/www.ventimigliablog.it\/blog\/wp-json\/wp\/v2\/posts\/6309\/revisions\/6313"}],"wp:attachment":[{"href":"https:\/\/www.ventimigliablog.it\/blog\/wp-json\/wp\/v2\/media?parent=6309"}],"wp:term":[{"taxonomy":"category","embeddable":true,"href":"https:\/\/www.ventimigliablog.it\/blog\/wp-json\/wp\/v2\/categories?post=6309"},{"taxonomy":"post_tag","embeddable":true,"href":"https:\/\/www.ventimigliablog.it\/blog\/wp-json\/wp\/v2\/tags?post=6309"}],"curies":[{"name":"wp","href":"https:\/\/api.w.org\/{rel}","templated":true}]}}