{"id":6318,"date":"2020-08-26T15:32:38","date_gmt":"2020-08-26T13:32:38","guid":{"rendered":"http:\/\/www.ventimigliablog.it\/blog\/?p=6318"},"modified":"2020-08-26T15:32:38","modified_gmt":"2020-08-26T13:32:38","slug":"parcheggio-di-latte-e-luce-fu","status":"publish","type":"post","link":"https:\/\/www.ventimigliablog.it\/blog\/parcheggio-di-latte-e-luce-fu\/","title":{"rendered":"Parcheggio di Latte: e luce fu!!"},"content":{"rendered":"<p>&nbsp;<\/p>\n<p><img loading=\"lazy\" decoding=\"async\" class=\"size-medium wp-image-6320 alignright\" src=\"http:\/\/www.ventimigliablog.it\/blog\/wp-content\/uploads\/2020\/08\/IMG-20200826-WA0007-225x300.jpg\" alt=\"\" width=\"225\" height=\"300\" \/>Dopo la consegna di ben 32 parcheggi in zona Latte di Ventimiglia, avvenuta nelle precedenti settimane, finalmente dal 26 agosto \u00e8 stata attivata l&#8217;illuminazione pubblica e definitivamente collocati i cartelli stradali che regolamentano la circolazione e il parcheggio gratuito delle macchine nel nuovo parcheggio. La pratica, seguita insieme al sindaco Scullino, dall&#8217;assessore all&#8217;urbanistica Tiziana Panetta, \u00e8 giunta a conclusione. Nella zona la carenza dei parcheggi \u00e8 molto nota e avere 32 parcheggi in pi\u00f9 \u00e8 sicuramente una buona notizia per gli abitanti di Latte. I parcheggi erano stati costruiti, in scomputo di oneri di urbanizzazione, dalla societ\u00e0 Vista Mare molti anni addietro ma per motivi diversi non erano ancora stati completati e consegnati all&#8217;Amministrazione comunale. La pratica era stata assegnata dal sindaco Scullino all&#8217;assessore competente Tiziana Panetta. Qualche settimana fa sembrava tutto risolto ma l&#8217;assenza di energia elettrica aveva impedito l&#8217;apertura del parcheggio per assenza di illuminazione notturna. Oggi il sindaco Scullino e l&#8217;assessore Panetta, nonostante il giorno festivo, sono andati a verificare che tutto funzionasse:\u00a0 &#8220;Da oggi, 26 agosto 2020, il parcheggio \u00e8 ufficialmente aperto, si accede da Corso Nizza e si scende verso il mare. La strada e il parcheggio, inseriti nel complesso immobiliare realizzato dalla societ\u00e0 Vista Mare, sono pubblici. Dal parcheggio a piedi si pu\u00f2 anche accedere, attraverso il sottopasso pedonale, alla storica Via Romana e poi al mare. Verificheremo che l&#8217;illuminazione notturna funzioni bene, abbiamo chiesto anche a Mauro Merlenghi del comitato di quartiere di Latte di tenerci informati. Una risposta importante all&#8217;assenza di parcheggi che per\u00f2, continuano gli amministratori comunali, non ci fermer\u00e0, la frazione di Latte ha bisogno di altri parcheggi&#8221;.\u00a0<img loading=\"lazy\" decoding=\"async\" class=\"alignnone size-medium wp-image-6319\" src=\"http:\/\/www.ventimigliablog.it\/blog\/wp-content\/uploads\/2020\/08\/IMG-20200826-WA0006-225x300.jpg\" alt=\"\" width=\"225\" height=\"300\" srcset=\"https:\/\/www.ventimigliablog.it\/blog\/wp-content\/uploads\/2020\/08\/IMG-20200826-WA0006-225x300.jpg 225w, https:\/\/www.ventimigliablog.it\/blog\/wp-content\/uploads\/2020\/08\/IMG-20200826-WA0006-768x1024.jpg 768w, https:\/\/www.ventimigliablog.it\/blog\/wp-content\/uploads\/2020\/08\/IMG-20200826-WA0006.jpg 1200w\" sizes=\"(max-width: 225px) 100vw, 225px\" \/><\/p>\n\t<div class=\"quickshare-container\">\r\n\t<ul class=\"quickshare-text qs-genericons quickshare-small\">\r\n\t\t<li class=\"quickshare-share\">Condividi :<\/li> \r\n\t\t<li><a href=\"https:\/\/facebook.com\/sharer.php?u=https%3A%2F%2Fwww.ventimigliablog.it%2Fblog%2Fparcheggio-di-latte-e-luce-fu%2F&amp;t=Parcheggio+di+Latte%3A+e+luce+fu%21%21+<+Ventimigliablog\" target=\"_blank\" title=\"Share on Facebook\"><span class=\"quickshare-facebook\">Facebook<\/span><\/a><\/li>\t\t<li><a href=\"https:\/\/twitter.com\/intent\/tweet?url=https%3A%2F%2Fwww.ventimigliablog.it%2Fblog%2Fparcheggio-di-latte-e-luce-fu%2F&amp;text=Parcheggio+di+Latte%3A+e+luce+fu%21%21+<+Ventimigliablog\" target=\"_blank\" title=\"Share on Twitter\"><span class=\"quickshare-twitter\">Twitter<\/span><\/a><\/li>\t\t\t\t\t\t<li><a href=\"https:\/\/plus.google.com\/share?url=https%3A%2F%2Fwww.ventimigliablog.it%2Fblog%2Fparcheggio-di-latte-e-luce-fu%2F\" target=\"_blank\" title=\"Share on Google+\"><span class=\"quickshare-googleplus\">Google+<\/span><\/a><\/li>\t\t\t\t\t\t\t\t<li><a href=\"mailto:?subject=Ventimigliablog:+Parcheggio+di+Latte%3A+e+luce+fu%21%21&amp;body=https%3A%2F%2Fwww.ventimigliablog.it%2Fblog%2Fparcheggio-di-latte-e-luce-fu%2F\" target=\"_blank\" title=\"Share via Email\"><span class=\"quickshare-email\">Email<\/span><\/a><\/li>\t<\/ul>\r\n\t<\/div>\r\n","protected":false},"excerpt":{"rendered":"<p>&nbsp; Dopo la consegna di ben 32 parcheggi in zona Latte di Ventimiglia, avvenuta nelle precedenti settimane, finalmente dal 26 agosto \u00e8 stata attivata l&#8217;illuminazione pubblica e definitivamente collocati i cartelli stradali che regolamentano la circolazione e il parcheggio gratuito &hellip; <a href=\"https:\/\/www.ventimigliablog.it\/blog\/parcheggio-di-latte-e-luce-fu\/\">Continua a leggere<span class=\"meta-nav\">&rarr;<\/span><\/a><\/p>\n","protected":false},"author":153,"featured_media":0,"comment_status":"open","ping_status":"closed","sticky":false,"template":"","format":"standard","meta":{"ngg_post_thumbnail":0,"footnotes":""},"categories":[1],"tags":[],"_links":{"self":[{"href":"https:\/\/www.ventimigliablog.it\/blog\/wp-json\/wp\/v2\/posts\/6318"}],"collection":[{"href":"https:\/\/www.ventimigliablog.it\/blog\/wp-json\/wp\/v2\/posts"}],"about":[{"href":"https:\/\/www.ventimigliablog.it\/blog\/wp-json\/wp\/v2\/types\/post"}],"author":[{"embeddable":true,"href":"https:\/\/www.ventimigliablog.it\/blog\/wp-json\/wp\/v2\/users\/153"}],"replies":[{"embeddable":true,"href":"https:\/\/www.ventimigliablog.it\/blog\/wp-json\/wp\/v2\/comments?post=6318"}],"version-history":[{"count":1,"href":"https:\/\/www.ventimigliablog.it\/blog\/wp-json\/wp\/v2\/posts\/6318\/revisions"}],"predecessor-version":[{"id":6321,"href":"https:\/\/www.ventimigliablog.it\/blog\/wp-json\/wp\/v2\/posts\/6318\/revisions\/6321"}],"wp:attachment":[{"href":"https:\/\/www.ventimigliablog.it\/blog\/wp-json\/wp\/v2\/media?parent=6318"}],"wp:term":[{"taxonomy":"category","embeddable":true,"href":"https:\/\/www.ventimigliablog.it\/blog\/wp-json\/wp\/v2\/categories?post=6318"},{"taxonomy":"post_tag","embeddable":true,"href":"https:\/\/www.ventimigliablog.it\/blog\/wp-json\/wp\/v2\/tags?post=6318"}],"curies":[{"name":"wp","href":"https:\/\/api.w.org\/{rel}","templated":true}]}}