{"id":6342,"date":"2020-09-07T11:10:18","date_gmt":"2020-09-07T09:10:18","guid":{"rendered":"http:\/\/www.ventimigliablog.it\/blog\/?p=6342"},"modified":"2020-09-07T11:11:29","modified_gmt":"2020-09-07T09:11:29","slug":"pista-ciclopedonale-a-sbalzo-con-vista-mare-iniziati-i-lavori","status":"publish","type":"post","link":"https:\/\/www.ventimigliablog.it\/blog\/pista-ciclopedonale-a-sbalzo-con-vista-mare-iniziati-i-lavori\/","title":{"rendered":"Pista ciclopedonale &#8220;a sbalzo&#8221; con vista mare a Ventimiglia: iniziati i lavori"},"content":{"rendered":"<p><img loading=\"lazy\" decoding=\"async\" class=\"alignnone wp-image-6343 size-full\" src=\"http:\/\/www.ventimigliablog.it\/blog\/wp-content\/uploads\/2020\/09\/passerella.jpg\" alt=\"\" width=\"549\" height=\"361\" srcset=\"https:\/\/www.ventimigliablog.it\/blog\/wp-content\/uploads\/2020\/09\/passerella.jpg 549w, https:\/\/www.ventimigliablog.it\/blog\/wp-content\/uploads\/2020\/09\/passerella-300x197.jpg 300w, https:\/\/www.ventimigliablog.it\/blog\/wp-content\/uploads\/2020\/09\/passerella-456x300.jpg 456w\" sizes=\"(max-width: 549px) 100vw, 549px\" \/><\/p>\n<p>Ventimiglia e la sua Amministrazione non si fermano. Sono infatti partiti i lavori per uno dei progetti pi\u00f9 attesi per la citt\u00e0 (ma che andr\u00e0 poi ad inserirsi anche in un contesto pi\u00f9 ampio a livello regionale e nazionale): la pista ciclopedonale sul lungomare.<\/p>\n<p>Un progetto che fa dell\u2019efficienza, della modernit\u00e0 e della sostenibilit\u00e0 i suoi punti forti. Come si pu\u00f2 vedere dal rendering <em>(foto in alto)<\/em>, la pista ciclopedonale sul lungomare si far\u00e0 a sbalzo per non perdere posti macchina e per non ridurre l\u2019ampiezza della passeggiata o delle due corsie stradali; un progetto che quindi accontenta tutti: ciclisti, pedoni ed automobilisti. La ciclabile sar\u00e0 realizzata su una parte dell\u2019attuale marciapiede, la parte pedonale invece sar\u00e0 in parte a sbalzo sulla spiaggia verso il mare, con materiale eco compatibile ed ecosostenibile.<\/p>\n<p>La pista ciclopedonale avr\u00e0 una lunghezza di circa 900 metri sul lungomare Varaldo e passeggiata Trento e Trieste dall\u2019altezza di via Lamboglia a via Dante.<\/p>\n<p><img loading=\"lazy\" decoding=\"async\" class=\"alignnone wp-image-6344 size-large\" src=\"http:\/\/www.ventimigliablog.it\/blog\/wp-content\/uploads\/2020\/09\/ciclopedonale-ventimiglia-lavori-1024x687.jpg\" alt=\"\" width=\"584\" height=\"392\" srcset=\"https:\/\/www.ventimigliablog.it\/blog\/wp-content\/uploads\/2020\/09\/ciclopedonale-ventimiglia-lavori-1024x687.jpg 1024w, https:\/\/www.ventimigliablog.it\/blog\/wp-content\/uploads\/2020\/09\/ciclopedonale-ventimiglia-lavori-300x201.jpg 300w, https:\/\/www.ventimigliablog.it\/blog\/wp-content\/uploads\/2020\/09\/ciclopedonale-ventimiglia-lavori-768x515.jpg 768w, https:\/\/www.ventimigliablog.it\/blog\/wp-content\/uploads\/2020\/09\/ciclopedonale-ventimiglia-lavori-447x300.jpg 447w, https:\/\/www.ventimigliablog.it\/blog\/wp-content\/uploads\/2020\/09\/ciclopedonale-ventimiglia-lavori.jpg 1513w\" sizes=\"(max-width: 584px) 100vw, 584px\" \/><\/p>\n\t<div class=\"quickshare-container\">\r\n\t<ul class=\"quickshare-text qs-genericons quickshare-small\">\r\n\t\t<li class=\"quickshare-share\">Condividi :<\/li> \r\n\t\t<li><a href=\"https:\/\/facebook.com\/sharer.php?u=https%3A%2F%2Fwww.ventimigliablog.it%2Fblog%2Fpista-ciclopedonale-a-sbalzo-con-vista-mare-iniziati-i-lavori%2F&amp;t=Pista+ciclopedonale+%26%238220%3Ba+sbalzo%26%238221%3B+con+vista+mare+a+Ventimiglia%3A+iniziati+i+lavori+<+Ventimigliablog\" target=\"_blank\" title=\"Share on Facebook\"><span class=\"quickshare-facebook\">Facebook<\/span><\/a><\/li>\t\t<li><a href=\"https:\/\/twitter.com\/intent\/tweet?url=https%3A%2F%2Fwww.ventimigliablog.it%2Fblog%2Fpista-ciclopedonale-a-sbalzo-con-vista-mare-iniziati-i-lavori%2F&amp;text=Pista+ciclopedonale+%26%238220%3Ba+sbalzo%26%238221%3B+con+vista+mare+a+Ventimiglia%3A+iniziati+i+lavori+<+Ventimigliablog\" target=\"_blank\" title=\"Share on Twitter\"><span class=\"quickshare-twitter\">Twitter<\/span><\/a><\/li>\t\t\t\t\t\t<li><a href=\"https:\/\/plus.google.com\/share?url=https%3A%2F%2Fwww.ventimigliablog.it%2Fblog%2Fpista-ciclopedonale-a-sbalzo-con-vista-mare-iniziati-i-lavori%2F\" target=\"_blank\" title=\"Share on Google+\"><span class=\"quickshare-googleplus\">Google+<\/span><\/a><\/li>\t\t\t\t\t\t\t\t<li><a href=\"mailto:?subject=Ventimigliablog:+Pista+ciclopedonale+%26%238220%3Ba+sbalzo%26%238221%3B+con+vista+mare+a+Ventimiglia%3A+iniziati+i+lavori&amp;body=https%3A%2F%2Fwww.ventimigliablog.it%2Fblog%2Fpista-ciclopedonale-a-sbalzo-con-vista-mare-iniziati-i-lavori%2F\" target=\"_blank\" title=\"Share via Email\"><span class=\"quickshare-email\">Email<\/span><\/a><\/li>\t<\/ul>\r\n\t<\/div>\r\n","protected":false},"excerpt":{"rendered":"<p>Ventimiglia e la sua Amministrazione non si fermano. Sono infatti partiti i lavori per uno dei progetti pi\u00f9 attesi per la citt\u00e0 (ma che andr\u00e0 poi ad inserirsi anche in un contesto pi\u00f9 ampio a livello regionale e nazionale): la &hellip; <a href=\"https:\/\/www.ventimigliablog.it\/blog\/pista-ciclopedonale-a-sbalzo-con-vista-mare-iniziati-i-lavori\/\">Continua a leggere<span class=\"meta-nav\">&rarr;<\/span><\/a><\/p>\n","protected":false},"author":153,"featured_media":0,"comment_status":"open","ping_status":"closed","sticky":false,"template":"","format":"standard","meta":{"ngg_post_thumbnail":0,"footnotes":""},"categories":[1],"tags":[333,332,331,334,330,14],"_links":{"self":[{"href":"https:\/\/www.ventimigliablog.it\/blog\/wp-json\/wp\/v2\/posts\/6342"}],"collection":[{"href":"https:\/\/www.ventimigliablog.it\/blog\/wp-json\/wp\/v2\/posts"}],"about":[{"href":"https:\/\/www.ventimigliablog.it\/blog\/wp-json\/wp\/v2\/types\/post"}],"author":[{"embeddable":true,"href":"https:\/\/www.ventimigliablog.it\/blog\/wp-json\/wp\/v2\/users\/153"}],"replies":[{"embeddable":true,"href":"https:\/\/www.ventimigliablog.it\/blog\/wp-json\/wp\/v2\/comments?post=6342"}],"version-history":[{"count":3,"href":"https:\/\/www.ventimigliablog.it\/blog\/wp-json\/wp\/v2\/posts\/6342\/revisions"}],"predecessor-version":[{"id":6347,"href":"https:\/\/www.ventimigliablog.it\/blog\/wp-json\/wp\/v2\/posts\/6342\/revisions\/6347"}],"wp:attachment":[{"href":"https:\/\/www.ventimigliablog.it\/blog\/wp-json\/wp\/v2\/media?parent=6342"}],"wp:term":[{"taxonomy":"category","embeddable":true,"href":"https:\/\/www.ventimigliablog.it\/blog\/wp-json\/wp\/v2\/categories?post=6342"},{"taxonomy":"post_tag","embeddable":true,"href":"https:\/\/www.ventimigliablog.it\/blog\/wp-json\/wp\/v2\/tags?post=6342"}],"curies":[{"name":"wp","href":"https:\/\/api.w.org\/{rel}","templated":true}]}}