{"id":6348,"date":"2020-09-08T12:48:32","date_gmt":"2020-09-08T10:48:32","guid":{"rendered":"http:\/\/www.ventimigliablog.it\/blog\/?p=6348"},"modified":"2020-09-08T12:48:57","modified_gmt":"2020-09-08T10:48:57","slug":"ligustico-con-il-pesce-mangia-plastica-per-educare-ad-uno-stile-di-vita-piu-green","status":"publish","type":"post","link":"https:\/\/www.ventimigliablog.it\/blog\/ligustico-con-il-pesce-mangia-plastica-per-educare-ad-uno-stile-di-vita-piu-green\/","title":{"rendered":"&#8220;Ligustico&#8221; con il pesce mangia plastica per educare ad uno stile di vita pi\u00f9 &#8220;green&#8221;"},"content":{"rendered":"<div id=\"attachment_6349\" style=\"width: 223px\" class=\"wp-caption alignright\"><img loading=\"lazy\" decoding=\"async\" aria-describedby=\"caption-attachment-6349\" class=\"size-medium wp-image-6349\" src=\"http:\/\/www.ventimigliablog.it\/blog\/wp-content\/uploads\/2020\/09\/locandina-ligustico-213x300.jpg\" alt=\"\" width=\"213\" height=\"300\" srcset=\"https:\/\/www.ventimigliablog.it\/blog\/wp-content\/uploads\/2020\/09\/locandina-ligustico-213x300.jpg 213w, https:\/\/www.ventimigliablog.it\/blog\/wp-content\/uploads\/2020\/09\/locandina-ligustico.jpg 681w\" sizes=\"(max-width: 213px) 100vw, 213px\" \/><p id=\"caption-attachment-6349\" class=\"wp-caption-text\">La locandina dell&#8217;evento realizzata dall&#8217;artista Pino Venditti<\/p><\/div>\n<p>L\u2019allerta gialla del weekend di fine agosto ha fatto posticipare al 12 settembre la manifestazione organizzata da Bruno Scioli \u00abLigustico\u00bb (acronimo di Liguria, Gusti, Colori), contenitore di numerosi incontri allo scopo di preservare il territorio.<\/p>\n<p>Tra gli eventi, a partire dalla mattinata di sabato, ci sar\u00e0 la pulizia del vallone di Latte a cura delle associazioni cittadine e Amministrazione comunale. Nel pomeriggio, dalle 17.30, i saluti istituzionali con interventi su tematiche ambientali, racconti liguri e storie del Mediterraneo con Davide Barella e, a seguire, \u00a0l\u2019attesa presentazione del pesce mangia plastica \u201cGi\u00f9an\u201ddell\u2019artista Davide Puma. La struttura (intitolata a Maria Rebecca Ballestra, giovane artista mancata recentemente) verr\u00e0 installata presso il vallone di Latte ed avr\u00e0 delle aperture laterali in cui i passanti potranno gettare i rifiuti di plastica. Sar\u00e0 raffigurato anche l\u2019essere umano, che simbolicamente verr\u00e0 alla fine ricoperto dalla plastica che lui stesso ha creato.<\/p>\n<p>In programma anche degustazioni di vino Rossese e attivit\u00e0 sportive con tre stand per la promozione degli sport acquatici sostenibili (surf, canoa, sup e snorkeling).<\/p>\n<p>Info e prenotazioni, obbligatorie,\u00a0 al +39 320 2759129 (Bruno Scioli), via e-mail a <a href=\"mailto:brunthecat@libero.it\">brunthecat@libero.it<\/a> o sulle pagine Facebook di Davide Puma e di Lasciadire \u2013 Ventimiglia e la sua storia.<\/p>\n<p>(a.w.)<\/p>\n\t<div class=\"quickshare-container\">\r\n\t<ul class=\"quickshare-text qs-genericons quickshare-small\">\r\n\t\t<li class=\"quickshare-share\">Condividi :<\/li> \r\n\t\t<li><a href=\"https:\/\/facebook.com\/sharer.php?u=https%3A%2F%2Fwww.ventimigliablog.it%2Fblog%2Fligustico-con-il-pesce-mangia-plastica-per-educare-ad-uno-stile-di-vita-piu-green%2F&amp;t=%26%238220%3BLigustico%26%238221%3B+con+il+pesce+mangia+plastica+per+educare+ad+uno+stile+di+vita+pi%C3%B9+%26%238220%3Bgreen%26%238221%3B+<+Ventimigliablog\" target=\"_blank\" title=\"Share on Facebook\"><span class=\"quickshare-facebook\">Facebook<\/span><\/a><\/li>\t\t<li><a href=\"https:\/\/twitter.com\/intent\/tweet?url=https%3A%2F%2Fwww.ventimigliablog.it%2Fblog%2Fligustico-con-il-pesce-mangia-plastica-per-educare-ad-uno-stile-di-vita-piu-green%2F&amp;text=%26%238220%3BLigustico%26%238221%3B+con+il+pesce+mangia+plastica+per+educare+ad+uno+stile+di+vita+pi%C3%B9+%26%238220%3Bgreen%26%238221%3B+<+Ventimigliablog\" target=\"_blank\" title=\"Share on Twitter\"><span class=\"quickshare-twitter\">Twitter<\/span><\/a><\/li>\t\t\t\t\t\t<li><a href=\"https:\/\/plus.google.com\/share?url=https%3A%2F%2Fwww.ventimigliablog.it%2Fblog%2Fligustico-con-il-pesce-mangia-plastica-per-educare-ad-uno-stile-di-vita-piu-green%2F\" target=\"_blank\" title=\"Share on Google+\"><span class=\"quickshare-googleplus\">Google+<\/span><\/a><\/li>\t\t\t\t\t\t\t\t<li><a href=\"mailto:?subject=Ventimigliablog:+%26%238220%3BLigustico%26%238221%3B+con+il+pesce+mangia+plastica+per+educare+ad+uno+stile+di+vita+pi%C3%B9+%26%238220%3Bgreen%26%238221%3B&amp;body=https%3A%2F%2Fwww.ventimigliablog.it%2Fblog%2Fligustico-con-il-pesce-mangia-plastica-per-educare-ad-uno-stile-di-vita-piu-green%2F\" target=\"_blank\" title=\"Share via Email\"><span class=\"quickshare-email\">Email<\/span><\/a><\/li>\t<\/ul>\r\n\t<\/div>\r\n","protected":false},"excerpt":{"rendered":"<p>L\u2019allerta gialla del weekend di fine agosto ha fatto posticipare al 12 settembre la manifestazione organizzata da Bruno Scioli \u00abLigustico\u00bb (acronimo di Liguria, Gusti, Colori), contenitore di numerosi incontri allo scopo di preservare il territorio. Tra gli eventi, a partire &hellip; <a href=\"https:\/\/www.ventimigliablog.it\/blog\/ligustico-con-il-pesce-mangia-plastica-per-educare-ad-uno-stile-di-vita-piu-green\/\">Continua a leggere<span class=\"meta-nav\">&rarr;<\/span><\/a><\/p>\n","protected":false},"author":153,"featured_media":0,"comment_status":"open","ping_status":"closed","sticky":false,"template":"","format":"standard","meta":{"ngg_post_thumbnail":0,"footnotes":""},"categories":[1],"tags":[],"_links":{"self":[{"href":"https:\/\/www.ventimigliablog.it\/blog\/wp-json\/wp\/v2\/posts\/6348"}],"collection":[{"href":"https:\/\/www.ventimigliablog.it\/blog\/wp-json\/wp\/v2\/posts"}],"about":[{"href":"https:\/\/www.ventimigliablog.it\/blog\/wp-json\/wp\/v2\/types\/post"}],"author":[{"embeddable":true,"href":"https:\/\/www.ventimigliablog.it\/blog\/wp-json\/wp\/v2\/users\/153"}],"replies":[{"embeddable":true,"href":"https:\/\/www.ventimigliablog.it\/blog\/wp-json\/wp\/v2\/comments?post=6348"}],"version-history":[{"count":2,"href":"https:\/\/www.ventimigliablog.it\/blog\/wp-json\/wp\/v2\/posts\/6348\/revisions"}],"predecessor-version":[{"id":6351,"href":"https:\/\/www.ventimigliablog.it\/blog\/wp-json\/wp\/v2\/posts\/6348\/revisions\/6351"}],"wp:attachment":[{"href":"https:\/\/www.ventimigliablog.it\/blog\/wp-json\/wp\/v2\/media?parent=6348"}],"wp:term":[{"taxonomy":"category","embeddable":true,"href":"https:\/\/www.ventimigliablog.it\/blog\/wp-json\/wp\/v2\/categories?post=6348"},{"taxonomy":"post_tag","embeddable":true,"href":"https:\/\/www.ventimigliablog.it\/blog\/wp-json\/wp\/v2\/tags?post=6348"}],"curies":[{"name":"wp","href":"https:\/\/api.w.org\/{rel}","templated":true}]}}