{"id":6411,"date":"2020-09-26T12:44:46","date_gmt":"2020-09-26T10:44:46","guid":{"rendered":"http:\/\/www.ventimigliablog.it\/blog\/?p=6411"},"modified":"2020-09-27T16:48:21","modified_gmt":"2020-09-27T14:48:21","slug":"nuovo-centro-di-transito-per-migranti-non-a-ventimiglia","status":"publish","type":"post","link":"https:\/\/www.ventimigliablog.it\/blog\/nuovo-centro-di-transito-per-migranti-non-a-ventimiglia\/","title":{"rendered":"Nuovo centro di transito per migranti? Non a Ventimiglia"},"content":{"rendered":"<div id=\"m#msg-f:1678883088813538286\" class=\"mail-message expanded\">\n<div class=\"mail-message-content collapsible zoom-normal mail-show-images \">\n<div class=\"clear\">\n<div dir=\"auto\">\n<p style=\"text-align: justify;\">Stilata una bozza di protocollo di Intesa (ma che verr\u00e0 riveduta e firmata solo nel prossimo incontro &#8211; fra circa due mesi) per il progetto di un nuovo Centro di transito per l&#8217;identificazione e ricollocamento dei migranti. Un Centro che per\u00f2 il sindaco di Ventimiglia Gaetano Scullino ha chiesto a chiare lettere che non sorga all&#8217;interno del territorio comunale. A distanza di qualche mese dopo la chiusura del campo Roja a Ventimiglia questo \u00e8 quanto scaturito dall&#8217;incontro tra il capo dipartimento per le libert\u00e0 civili e per l&#8217;immigrazione Michele di Bari, arrivato ieri a Imperia per incontrare il prefetto Alberto Intini e il sindaco della citt\u00e0 di confine Gaetano Scullino, alla presenza anche delle Forze dell&#8217;ordine e del direttore generale ASL 1 Marco Damonte Prioli.<\/p>\n<div dir=\"auto\" style=\"text-align: justify;\">La chiusura del centro di transito non ha dato particolari problemi di nuovi arrivi, ma la presenza di migranti nella citt\u00e0 di Ventimiglia \u00e8 sempre piuttosto alta e supera le 200 unit\u00e0, secondo i dati della Polizia Municipale, cosa che lascia nella popolazione una percezione di insicurezza. E l&#8217;impegno del sindaco Scullino \u00e8 quello di lavorare per risolvere questo problema: &#8220;ci siamo dati appuntamento fra circa due mesi per sottoscrivere un protocollo di Intesa per aumentare le Forze dell&#8217;ordine in citt\u00e0 e il blocco degli arrivi. La mia solidariet\u00e0 a tutti coloro che cercano di attraversare la frontiera per cercare un posto dove vivere meglio, ma Ventimiglia non pu\u00f2 continuare a pagare questo prezzo. Con il prefetto di Bari, responsabile del Ministero degli Interni, che si \u00e8 dimostrato molto disponibile e attento alle nostre problematiche, abbiamo anche parlato di ripristinare il servizio di respingimenti con i pullman verso altri CAR in Italia cos\u00ec come c&#8217;era fino a 3 anni fa con la Riviera Trasporti&#8221;.<\/div>\n<div dir=\"auto\" style=\"text-align: justify;\">\u00a0E intanto le\u00a0 preoccupazioni del sindaco Scullino hanno trovato fondamento gi\u00e0 poche ore dopo l&#8217;incontro: \u00e8 di stanotte la notizia di nuovi\u00a0 arrivi di migranti (circa una cinquantina) che sono scesi dal treno a Ventimiglia e hanno percorso le vie centrali della citt\u00e0 avviandosi a piedi verso il confine.<\/div>\n<div dir=\"auto\">\n<div id=\"attachment_6412\" style=\"width: 730px\" class=\"wp-caption alignright\"><img loading=\"lazy\" decoding=\"async\" aria-describedby=\"caption-attachment-6412\" class=\"wp-image-6412 size-full\" src=\"http:\/\/www.ventimigliablog.it\/blog\/wp-content\/uploads\/2020\/09\/20200926_123140.jpg\" alt=\"\" width=\"720\" height=\"776\" srcset=\"https:\/\/www.ventimigliablog.it\/blog\/wp-content\/uploads\/2020\/09\/20200926_123140.jpg 720w, https:\/\/www.ventimigliablog.it\/blog\/wp-content\/uploads\/2020\/09\/20200926_123140-278x300.jpg 278w\" sizes=\"(max-width: 720px) 100vw, 720px\" \/><p id=\"caption-attachment-6412\" class=\"wp-caption-text\">Arrivati nuovi migranti nella notte del 25 settembre a Ventimiglia<\/p><\/div>\n<\/div>\n<\/div>\n<\/div>\n<\/div>\n<div class=\"mail-message-footer spacer collapsible\"><\/div>\n<\/div>\n\t<div class=\"quickshare-container\">\r\n\t<ul class=\"quickshare-text qs-genericons quickshare-small\">\r\n\t\t<li class=\"quickshare-share\">Condividi :<\/li> \r\n\t\t<li><a href=\"https:\/\/facebook.com\/sharer.php?u=https%3A%2F%2Fwww.ventimigliablog.it%2Fblog%2Fnuovo-centro-di-transito-per-migranti-non-a-ventimiglia%2F&amp;t=Nuovo+centro+di+transito+per+migranti%3F+Non+a+Ventimiglia+<+Ventimigliablog\" target=\"_blank\" title=\"Share on Facebook\"><span class=\"quickshare-facebook\">Facebook<\/span><\/a><\/li>\t\t<li><a href=\"https:\/\/twitter.com\/intent\/tweet?url=https%3A%2F%2Fwww.ventimigliablog.it%2Fblog%2Fnuovo-centro-di-transito-per-migranti-non-a-ventimiglia%2F&amp;text=Nuovo+centro+di+transito+per+migranti%3F+Non+a+Ventimiglia+<+Ventimigliablog\" target=\"_blank\" title=\"Share on Twitter\"><span class=\"quickshare-twitter\">Twitter<\/span><\/a><\/li>\t\t\t\t\t\t<li><a href=\"https:\/\/plus.google.com\/share?url=https%3A%2F%2Fwww.ventimigliablog.it%2Fblog%2Fnuovo-centro-di-transito-per-migranti-non-a-ventimiglia%2F\" target=\"_blank\" title=\"Share on Google+\"><span class=\"quickshare-googleplus\">Google+<\/span><\/a><\/li>\t\t\t\t\t\t\t\t<li><a href=\"mailto:?subject=Ventimigliablog:+Nuovo+centro+di+transito+per+migranti%3F+Non+a+Ventimiglia&amp;body=https%3A%2F%2Fwww.ventimigliablog.it%2Fblog%2Fnuovo-centro-di-transito-per-migranti-non-a-ventimiglia%2F\" target=\"_blank\" title=\"Share via Email\"><span class=\"quickshare-email\">Email<\/span><\/a><\/li>\t<\/ul>\r\n\t<\/div>\r\n","protected":false},"excerpt":{"rendered":"<p>Stilata una bozza di protocollo di Intesa (ma che verr\u00e0 riveduta e firmata solo nel prossimo incontro &#8211; fra circa due mesi) per il progetto di un nuovo Centro di transito per l&#8217;identificazione e ricollocamento dei migranti. Un Centro che &hellip; <a href=\"https:\/\/www.ventimigliablog.it\/blog\/nuovo-centro-di-transito-per-migranti-non-a-ventimiglia\/\">Continua a leggere<span class=\"meta-nav\">&rarr;<\/span><\/a><\/p>\n","protected":false},"author":153,"featured_media":0,"comment_status":"open","ping_status":"closed","sticky":false,"template":"","format":"standard","meta":{"ngg_post_thumbnail":0,"footnotes":""},"categories":[1],"tags":[],"_links":{"self":[{"href":"https:\/\/www.ventimigliablog.it\/blog\/wp-json\/wp\/v2\/posts\/6411"}],"collection":[{"href":"https:\/\/www.ventimigliablog.it\/blog\/wp-json\/wp\/v2\/posts"}],"about":[{"href":"https:\/\/www.ventimigliablog.it\/blog\/wp-json\/wp\/v2\/types\/post"}],"author":[{"embeddable":true,"href":"https:\/\/www.ventimigliablog.it\/blog\/wp-json\/wp\/v2\/users\/153"}],"replies":[{"embeddable":true,"href":"https:\/\/www.ventimigliablog.it\/blog\/wp-json\/wp\/v2\/comments?post=6411"}],"version-history":[{"count":3,"href":"https:\/\/www.ventimigliablog.it\/blog\/wp-json\/wp\/v2\/posts\/6411\/revisions"}],"predecessor-version":[{"id":6415,"href":"https:\/\/www.ventimigliablog.it\/blog\/wp-json\/wp\/v2\/posts\/6411\/revisions\/6415"}],"wp:attachment":[{"href":"https:\/\/www.ventimigliablog.it\/blog\/wp-json\/wp\/v2\/media?parent=6411"}],"wp:term":[{"taxonomy":"category","embeddable":true,"href":"https:\/\/www.ventimigliablog.it\/blog\/wp-json\/wp\/v2\/categories?post=6411"},{"taxonomy":"post_tag","embeddable":true,"href":"https:\/\/www.ventimigliablog.it\/blog\/wp-json\/wp\/v2\/tags?post=6411"}],"curies":[{"name":"wp","href":"https:\/\/api.w.org\/{rel}","templated":true}]}}