{"id":6416,"date":"2020-09-28T16:21:18","date_gmt":"2020-09-28T14:21:18","guid":{"rendered":"http:\/\/www.ventimigliablog.it\/blog\/?p=6416"},"modified":"2020-09-28T16:59:48","modified_gmt":"2020-09-28T14:59:48","slug":"riunione-a-ventimiglia-esaminata-lordinanza-del-ministro-speranza","status":"publish","type":"post","link":"https:\/\/www.ventimigliablog.it\/blog\/riunione-a-ventimiglia-esaminata-lordinanza-del-ministro-speranza\/","title":{"rendered":"Riunione a Ventimiglia: esaminata l&#8217;ordinanza del Ministro Speranza"},"content":{"rendered":"<p style=\"text-align: justify;\"><img loading=\"lazy\" decoding=\"async\" class=\"alignnone size-medium wp-image-6417 alignright\" src=\"http:\/\/www.ventimigliablog.it\/blog\/wp-content\/uploads\/2020\/09\/frontiera0-300x204.jpg\" alt=\"\" width=\"300\" height=\"204\" srcset=\"https:\/\/www.ventimigliablog.it\/blog\/wp-content\/uploads\/2020\/09\/frontiera0-300x204.jpg 300w, https:\/\/www.ventimigliablog.it\/blog\/wp-content\/uploads\/2020\/09\/frontiera0-1024x697.jpg 1024w, https:\/\/www.ventimigliablog.it\/blog\/wp-content\/uploads\/2020\/09\/frontiera0-768x523.jpg 768w, https:\/\/www.ventimigliablog.it\/blog\/wp-content\/uploads\/2020\/09\/frontiera0-1536x1046.jpg 1536w, https:\/\/www.ventimigliablog.it\/blog\/wp-content\/uploads\/2020\/09\/frontiera0-2048x1394.jpg 2048w, https:\/\/www.ventimigliablog.it\/blog\/wp-content\/uploads\/2020\/09\/frontiera0-441x300.jpg 441w\" sizes=\"(max-width: 300px) 100vw, 300px\" \/>Stamattina si \u00e8 svolta una riunione tra l&#8217;Amministrazione comunale di Ventimiglia e le associazioni di categoria dei commercianti, tra cui anche i mercatali. E&#8217; stata esaminata l&#8217;ordinanza del Ministro Speranza che estende l\u2019obbligo di test molecolare o antigenico ai cittadini provenienti da Parigi e altre aree della Francia con significativa circolazione del virus, tra cui la Costa Azzurra. Proficua riunione tra i rappresentanti delle associazioni di categoria sull&#8217;ordinanza Speranza che aveva gettato nel panico tutti gli operatori di confine e che ad oggi viene interpretata secondo la linea data da subito dall&#8217;Amministrazione Scullino. I francesi possono venire a comprare a Ventimiglia usando le precauzioni dovute, i frontalieri possono andare a lavorare con serenit\u00e0 sempre senza abbassare la guardia per evitare la diffusione del Covid-19.<\/p>\n<p style=\"text-align: justify;\">\u201cRiteniamo -sostiene il sindaco Scullino- che la Prefettura possa approfondire e avvallare, se del caso, l&#8217;interpretazione pi\u00f9 favorevole che se\u00a0 asintomatici dette restrizioni non\u00a0 si\u00a0 applicano per i casi previsti dall\u2019art\u00a0 6, commi 6 e 7 del D.P.C.M. 07\/08\/2020, e specificatamente: ai lavoratori transfrontalieri, a soggetti italiani o stranieri che transitino nel territorio nazionale\u00a0 per\u00a0 un\u00a0 periodo\u00a0 non\u00a0 superiore\u00a0 alle\u00a0 36\u00a0 ore\u00a0 (a\u00a0 scopo\u00a0 turistico\u00a0 o commerciale), \u00a0agli\u00a0 studenti\u00a0 per\u00a0 la\u00a0 frequenza\u00a0 nello\u00a0 stato\u00a0 diverso\u00a0 da\u00a0 quello\u00a0 di abitazione o dimora con rientro ogni giorno o almeno una volta la settimana\u201d.<\/p>\n<p style=\"text-align: justify;\">All&#8217;interno della discussione si \u00e8 condiviso che la sicurezza sanitaria rimanga al primo posto e i commercianti di Ventimiglia si sono resi disponibili a contribuire a garantire detta sicurezza anche a discapito di qualche cliente. La citt\u00e0 \u00e8 e deve rimanere sicura, questo \u00e8 quanto condiviso da tutti, e sar\u00e0 il biglietto da visita vincente per tutti quelli che vivono e si recheranno a Ventimiglia. Quindi il sindaco ha preannunciato che interverr\u00e0 con delle ordinanze specifiche tra le quali l&#8217;uso della mascherina sempre anche solo per passeggiare a Ventimiglia, francesi e non. L&#8217;ordinanza \u00e8 allo studio degli uffici insieme a quella sugli orari di apertura delle attivit\u00e0 serali al fine di evitare assembramenti pericolosi.<\/p>\n\t<div class=\"quickshare-container\">\r\n\t<ul class=\"quickshare-text qs-genericons quickshare-small\">\r\n\t\t<li class=\"quickshare-share\">Condividi :<\/li> \r\n\t\t<li><a href=\"https:\/\/facebook.com\/sharer.php?u=https%3A%2F%2Fwww.ventimigliablog.it%2Fblog%2Friunione-a-ventimiglia-esaminata-lordinanza-del-ministro-speranza%2F&amp;t=Riunione+a+Ventimiglia%3A+esaminata+l%26%238217%3Bordinanza+del+Ministro+Speranza+<+Ventimigliablog\" target=\"_blank\" title=\"Share on Facebook\"><span class=\"quickshare-facebook\">Facebook<\/span><\/a><\/li>\t\t<li><a href=\"https:\/\/twitter.com\/intent\/tweet?url=https%3A%2F%2Fwww.ventimigliablog.it%2Fblog%2Friunione-a-ventimiglia-esaminata-lordinanza-del-ministro-speranza%2F&amp;text=Riunione+a+Ventimiglia%3A+esaminata+l%26%238217%3Bordinanza+del+Ministro+Speranza+<+Ventimigliablog\" target=\"_blank\" title=\"Share on Twitter\"><span class=\"quickshare-twitter\">Twitter<\/span><\/a><\/li>\t\t\t\t\t\t<li><a href=\"https:\/\/plus.google.com\/share?url=https%3A%2F%2Fwww.ventimigliablog.it%2Fblog%2Friunione-a-ventimiglia-esaminata-lordinanza-del-ministro-speranza%2F\" target=\"_blank\" title=\"Share on Google+\"><span class=\"quickshare-googleplus\">Google+<\/span><\/a><\/li>\t\t\t\t\t\t\t\t<li><a href=\"mailto:?subject=Ventimigliablog:+Riunione+a+Ventimiglia%3A+esaminata+l%26%238217%3Bordinanza+del+Ministro+Speranza&amp;body=https%3A%2F%2Fwww.ventimigliablog.it%2Fblog%2Friunione-a-ventimiglia-esaminata-lordinanza-del-ministro-speranza%2F\" target=\"_blank\" title=\"Share via Email\"><span class=\"quickshare-email\">Email<\/span><\/a><\/li>\t<\/ul>\r\n\t<\/div>\r\n","protected":false},"excerpt":{"rendered":"<p>Stamattina si \u00e8 svolta una riunione tra l&#8217;Amministrazione comunale di Ventimiglia e le associazioni di categoria dei commercianti, tra cui anche i mercatali. E&#8217; stata esaminata l&#8217;ordinanza del Ministro Speranza che estende l\u2019obbligo di test molecolare o antigenico ai cittadini &hellip; <a href=\"https:\/\/www.ventimigliablog.it\/blog\/riunione-a-ventimiglia-esaminata-lordinanza-del-ministro-speranza\/\">Continua a leggere<span class=\"meta-nav\">&rarr;<\/span><\/a><\/p>\n","protected":false},"author":153,"featured_media":0,"comment_status":"open","ping_status":"closed","sticky":false,"template":"","format":"standard","meta":{"ngg_post_thumbnail":0,"footnotes":""},"categories":[9,1],"tags":[311,178,344,327],"_links":{"self":[{"href":"https:\/\/www.ventimigliablog.it\/blog\/wp-json\/wp\/v2\/posts\/6416"}],"collection":[{"href":"https:\/\/www.ventimigliablog.it\/blog\/wp-json\/wp\/v2\/posts"}],"about":[{"href":"https:\/\/www.ventimigliablog.it\/blog\/wp-json\/wp\/v2\/types\/post"}],"author":[{"embeddable":true,"href":"https:\/\/www.ventimigliablog.it\/blog\/wp-json\/wp\/v2\/users\/153"}],"replies":[{"embeddable":true,"href":"https:\/\/www.ventimigliablog.it\/blog\/wp-json\/wp\/v2\/comments?post=6416"}],"version-history":[{"count":1,"href":"https:\/\/www.ventimigliablog.it\/blog\/wp-json\/wp\/v2\/posts\/6416\/revisions"}],"predecessor-version":[{"id":6418,"href":"https:\/\/www.ventimigliablog.it\/blog\/wp-json\/wp\/v2\/posts\/6416\/revisions\/6418"}],"wp:attachment":[{"href":"https:\/\/www.ventimigliablog.it\/blog\/wp-json\/wp\/v2\/media?parent=6416"}],"wp:term":[{"taxonomy":"category","embeddable":true,"href":"https:\/\/www.ventimigliablog.it\/blog\/wp-json\/wp\/v2\/categories?post=6416"},{"taxonomy":"post_tag","embeddable":true,"href":"https:\/\/www.ventimigliablog.it\/blog\/wp-json\/wp\/v2\/tags?post=6416"}],"curies":[{"name":"wp","href":"https:\/\/api.w.org\/{rel}","templated":true}]}}