{"id":6461,"date":"2020-10-10T14:33:25","date_gmt":"2020-10-10T12:33:25","guid":{"rendered":"http:\/\/www.ventimigliablog.it\/blog\/?p=6461"},"modified":"2020-10-12T10:18:57","modified_gmt":"2020-10-12T08:18:57","slug":"il-sindaco-scullino-piena-fiducia-nel-direttore-operativo-prestileo","status":"publish","type":"post","link":"https:\/\/www.ventimigliablog.it\/blog\/il-sindaco-scullino-piena-fiducia-nel-direttore-operativo-prestileo\/","title":{"rendered":"Il sindaco Scullino: \u00abpiena fiducia al direttore operativo Prestileo\u00bb"},"content":{"rendered":"<p><img loading=\"lazy\" decoding=\"async\" class=\"alignright wp-image-6462 size-medium\" src=\"http:\/\/www.ventimigliablog.it\/blog\/wp-content\/uploads\/2020\/10\/IMG-20201009-WA0027-135x300.jpg\" alt=\"\" width=\"135\" height=\"300\" srcset=\"https:\/\/www.ventimigliablog.it\/blog\/wp-content\/uploads\/2020\/10\/IMG-20201009-WA0027-135x300.jpg 135w, https:\/\/www.ventimigliablog.it\/blog\/wp-content\/uploads\/2020\/10\/IMG-20201009-WA0027-461x1024.jpg 461w, https:\/\/www.ventimigliablog.it\/blog\/wp-content\/uploads\/2020\/10\/IMG-20201009-WA0027-768x1705.jpg 768w, https:\/\/www.ventimigliablog.it\/blog\/wp-content\/uploads\/2020\/10\/IMG-20201009-WA0027-692x1536.jpg 692w, https:\/\/www.ventimigliablog.it\/blog\/wp-content\/uploads\/2020\/10\/IMG-20201009-WA0027.jpg 908w\" sizes=\"(max-width: 135px) 100vw, 135px\" \/><\/p>\n<p style=\"text-align: justify;\">E&#8217; passata una settimana dall&#8217;alluvione che ha colpito duramente Ventimiglia, ma la citt\u00e0 poco per volta sta vedendo uno spiraglio e si inizia a tirare le somme.<br \/>\n&#8220;Dopo la dura prova dei mesi di lockdown, il commercio ventimigliese stava iniziando a riprendersi, l&#8217;economia della citt\u00e0 era tornata a funzionare &#8211; dice il sindaco Gaetano Scullino &#8211; e come Amministrazione comunale continuavamo a portare avanti il programma di far diventare Ventimiglia sempre pi\u00f9 bella, andando ad intervenire dove c&#8217;erano criticit\u00e0. Ed ora questa alluvione, di cui in citt\u00e0 non se ne ricorda una di tale intensit\u00e0, ci ha messo in ginocchio ma fin dal primo minuto siamo stati certi che ci saremmo risollevati e non abbiamo perso tempo mettendoci subito al lavoro fin dal sabato mattina&#8221;.<br \/>\nI consiglieri comunali si sono riuniti dando mandato al direttore operativo dott. Marco Prestileo di coordinare tutti gli interventi di primo soccorso, ripristino servizi, corrente elettrica.<br \/>\n&#8220;La Giunta, i Consiglieri comunali &#8211; continua Scullino &#8211; hanno preso atto che non ho preferito dare incarichi singoli ma istituire una centrale operativa che svolgesse la funzione di collegamento tra Sindaco, Giunta, uffici comunali, Protezione Civile regionale e delle citt\u00e0 limitrofe, Vigili del Fuoco e che organizzasse le centinaia di volontari&#8221;.<!--more--><br \/>\nPer tutta la settimana infatti, centinaia di ventimigliesi tra cui tantissimi giovani, sono corsi in aiuto della citt\u00e0 instancabilmente e proprio per questo sono stati soprannominati gli Angeli del fango Ventemigliusi, una popolazione che ha dimostrato un attaccamento forte alla citt\u00e0 ed un forte senso civico. Anche alcuni ristoratori hanno dato appuntamento tutti i giorni con banchetti in citt\u00e0 che hanno sfamato fino a 1200 volontari. Tanti anche i privati che hanno portato torte e focacce fatte in casa. Un&#8217;unione, uno spirito di attaccamento alla citt\u00e0 che sono emersi proprio in questo momento di massima difficolt\u00e0.<br \/>\n&#8220;Ringrazio la Giunta e il Consiglio comunale che si stanno adoperando per aiutare a risolvere le varie difficolt\u00e0. \u00c8 normale che a volte sia uscito un po&#8217; di nervosismo ed alcuni non abbiano rispettato il quadro organizzativo dando proprie direttive, ma visto il momento cos\u00ec particolare, dobbiamo rimanere lucidi, non ci deve essere alcun accavallamento o iniziative personali ma dobbiamo pensare all&#8217;obiettivo finale che \u00e8 quello di ripulire la citt\u00e0 ed aprire tutti i negozi, affinch\u00e9 Ventimiglia si metta alle spalle questo triste momento. &#8211; conclude il primo cittadino &#8211; Io sono stato non solo in ufficio ma anche molto sul campo, in strada, come sono solito fare, per verificare di persona lo stato della citt\u00e0 ed i problemi, confrontandomi tutte le sere con il direttore operativo Prestileo che segue le mie direttive e di cui ho massima fiducia e stima. Il dott. Prestileo sta facendo un ottimo lavoro per far rinascere Ventimiglia. A noi sta a cuore continuare il nostro programma elettorale con numerose opere e progetti che erano gi\u00e0 in cantiere e vi assicuro che in poco tempo la citt\u00e0 torner\u00e0 pi\u00f9 bella di prima&#8221;!<\/p>\n\t<div class=\"quickshare-container\">\r\n\t<ul class=\"quickshare-text qs-genericons quickshare-small\">\r\n\t\t<li class=\"quickshare-share\">Condividi :<\/li> \r\n\t\t<li><a href=\"https:\/\/facebook.com\/sharer.php?u=https%3A%2F%2Fwww.ventimigliablog.it%2Fblog%2Fil-sindaco-scullino-piena-fiducia-nel-direttore-operativo-prestileo%2F&amp;t=Il+sindaco+Scullino%3A+%C2%ABpiena+fiducia+al+direttore+operativo+Prestileo%C2%BB+<+Ventimigliablog\" target=\"_blank\" title=\"Share on Facebook\"><span class=\"quickshare-facebook\">Facebook<\/span><\/a><\/li>\t\t<li><a href=\"https:\/\/twitter.com\/intent\/tweet?url=https%3A%2F%2Fwww.ventimigliablog.it%2Fblog%2Fil-sindaco-scullino-piena-fiducia-nel-direttore-operativo-prestileo%2F&amp;text=Il+sindaco+Scullino%3A+%C2%ABpiena+fiducia+al+direttore+operativo+Prestileo%C2%BB+<+Ventimigliablog\" target=\"_blank\" title=\"Share on Twitter\"><span class=\"quickshare-twitter\">Twitter<\/span><\/a><\/li>\t\t\t\t\t\t<li><a href=\"https:\/\/plus.google.com\/share?url=https%3A%2F%2Fwww.ventimigliablog.it%2Fblog%2Fil-sindaco-scullino-piena-fiducia-nel-direttore-operativo-prestileo%2F\" target=\"_blank\" title=\"Share on Google+\"><span class=\"quickshare-googleplus\">Google+<\/span><\/a><\/li>\t\t\t\t\t\t\t\t<li><a href=\"mailto:?subject=Ventimigliablog:+Il+sindaco+Scullino%3A+%C2%ABpiena+fiducia+al+direttore+operativo+Prestileo%C2%BB&amp;body=https%3A%2F%2Fwww.ventimigliablog.it%2Fblog%2Fil-sindaco-scullino-piena-fiducia-nel-direttore-operativo-prestileo%2F\" target=\"_blank\" title=\"Share via Email\"><span class=\"quickshare-email\">Email<\/span><\/a><\/li>\t<\/ul>\r\n\t<\/div>\r\n","protected":false},"excerpt":{"rendered":"<p>E&#8217; passata una settimana dall&#8217;alluvione che ha colpito duramente Ventimiglia, ma la citt\u00e0 poco per volta sta vedendo uno spiraglio e si inizia a tirare le somme. &#8220;Dopo la dura prova dei mesi di lockdown, il commercio ventimigliese stava iniziando &hellip; <a href=\"https:\/\/www.ventimigliablog.it\/blog\/il-sindaco-scullino-piena-fiducia-nel-direttore-operativo-prestileo\/\">Continua a leggere<span class=\"meta-nav\">&rarr;<\/span><\/a><\/p>\n","protected":false},"author":153,"featured_media":0,"comment_status":"open","ping_status":"closed","sticky":false,"template":"","format":"standard","meta":{"ngg_post_thumbnail":0,"footnotes":""},"categories":[1],"tags":[350,223,12,14],"_links":{"self":[{"href":"https:\/\/www.ventimigliablog.it\/blog\/wp-json\/wp\/v2\/posts\/6461"}],"collection":[{"href":"https:\/\/www.ventimigliablog.it\/blog\/wp-json\/wp\/v2\/posts"}],"about":[{"href":"https:\/\/www.ventimigliablog.it\/blog\/wp-json\/wp\/v2\/types\/post"}],"author":[{"embeddable":true,"href":"https:\/\/www.ventimigliablog.it\/blog\/wp-json\/wp\/v2\/users\/153"}],"replies":[{"embeddable":true,"href":"https:\/\/www.ventimigliablog.it\/blog\/wp-json\/wp\/v2\/comments?post=6461"}],"version-history":[{"count":4,"href":"https:\/\/www.ventimigliablog.it\/blog\/wp-json\/wp\/v2\/posts\/6461\/revisions"}],"predecessor-version":[{"id":6466,"href":"https:\/\/www.ventimigliablog.it\/blog\/wp-json\/wp\/v2\/posts\/6461\/revisions\/6466"}],"wp:attachment":[{"href":"https:\/\/www.ventimigliablog.it\/blog\/wp-json\/wp\/v2\/media?parent=6461"}],"wp:term":[{"taxonomy":"category","embeddable":true,"href":"https:\/\/www.ventimigliablog.it\/blog\/wp-json\/wp\/v2\/categories?post=6461"},{"taxonomy":"post_tag","embeddable":true,"href":"https:\/\/www.ventimigliablog.it\/blog\/wp-json\/wp\/v2\/tags?post=6461"}],"curies":[{"name":"wp","href":"https:\/\/api.w.org\/{rel}","templated":true}]}}