{"id":6470,"date":"2020-10-15T17:21:19","date_gmt":"2020-10-15T15:21:19","guid":{"rendered":"http:\/\/www.ventimigliablog.it\/blog\/?p=6470"},"modified":"2020-10-20T12:33:11","modified_gmt":"2020-10-20T10:33:11","slug":"lamministrazione-risponde-al-consigliere-di-minoranza-deusebio","status":"publish","type":"post","link":"https:\/\/www.ventimigliablog.it\/blog\/lamministrazione-risponde-al-consigliere-di-minoranza-deusebio\/","title":{"rendered":"L&#8217;Amministrazione risponde al consigliere di minoranza D&#8217;Eusebio"},"content":{"rendered":"<div id=\"m#msg-f:1680533935552881293\" class=\"mail-message expanded\">\n<div class=\"mail-message-content collapsible zoom-normal mail-show-images \">\n<div class=\"clear\">\n<div dir=\"ltr\">\n<div dir=\"ltr\">\n<p style=\"text-align: justify;\">\u00abLe affermazioni del consigliere di opposizione D&#8217;Eusebio ci rammaricano molto. purtroppo l&#8217;intento di lavorare tutti nella stessa direzione per essere pi\u00f9 forti nell&#8217;affrontare l&#8217;emergenza che ha messo in ginocchio la citt\u00e0 davanti al fango \u00e8 durata solo pochi giorni. Come privato cittadino tanto di cappello al consigliere D&#8217;Eusebio che ha spalato fango per una settimana, come amministratore l&#8217;ennesima delusione, il suo \u00e8 stato un atto di sciacallaggio politico inaccettabile. Come Amministrazione abbiamo da subito avvisato tutte le autorit\u00e0 competenti ed anche la Protezione Civile ad ogni livello \u00e8 stata da subito allertata. D&#8217;Eusebio non fa altro che sforzarsi a trovare ignobili accuse per dare la colpa all&#8217;Amministrazione che nulla poteva fare di pi\u00f9 davanti ad un evento calamitoso di un&#8217;imprevedibilit\u00e0 eccezionale.<\/p>\n<p style=\"text-align: justify;\">Se la Prefettura, che riceve gli allarmi delle aperture della diga francese, non ha fatto altro, \u00e8 perch\u00e8 evidentemente non vi era altro da fare. La protezione civile regionale, con ARPAL, hanno segnalato l&#8217;allerta rossa e tutti ne erano informati. Allerta rossa come tante altre, ma l&#8217;eccezionalit\u00e0 di questa era imprevedibile. L&#8217;Amministrazione quando si \u00e8 resa conto che il fiume Roja era a rischio esondazione ha chiuso le strade collaterali al fiume, non era obiettivamente immaginabile quello che poi \u00e8 successo. Crediamo comunque che i cittadini abbiano compreso il grande lavoro fatto per riportare la citt\u00e0 alla normalit\u00e0, le parole e lo sciacallaggio politico lo lasciamo ai chi vuole fare solo sterile polemica. Noi, anche stavolta, pensiamo ai fatti ed ai risultati\u00bb.<\/p>\n<\/div>\n<\/div>\n<\/div>\n<\/div>\n<\/div>\n<p>&nbsp;<\/p>\n\t<div class=\"quickshare-container\">\r\n\t<ul class=\"quickshare-text qs-genericons quickshare-small\">\r\n\t\t<li class=\"quickshare-share\">Condividi :<\/li> \r\n\t\t<li><a href=\"https:\/\/facebook.com\/sharer.php?u=https%3A%2F%2Fwww.ventimigliablog.it%2Fblog%2Flamministrazione-risponde-al-consigliere-di-minoranza-deusebio%2F&amp;t=L%26%238217%3BAmministrazione+risponde+al+consigliere+di+minoranza+D%26%238217%3BEusebio+<+Ventimigliablog\" target=\"_blank\" title=\"Share on Facebook\"><span class=\"quickshare-facebook\">Facebook<\/span><\/a><\/li>\t\t<li><a href=\"https:\/\/twitter.com\/intent\/tweet?url=https%3A%2F%2Fwww.ventimigliablog.it%2Fblog%2Flamministrazione-risponde-al-consigliere-di-minoranza-deusebio%2F&amp;text=L%26%238217%3BAmministrazione+risponde+al+consigliere+di+minoranza+D%26%238217%3BEusebio+<+Ventimigliablog\" target=\"_blank\" title=\"Share on Twitter\"><span class=\"quickshare-twitter\">Twitter<\/span><\/a><\/li>\t\t\t\t\t\t<li><a href=\"https:\/\/plus.google.com\/share?url=https%3A%2F%2Fwww.ventimigliablog.it%2Fblog%2Flamministrazione-risponde-al-consigliere-di-minoranza-deusebio%2F\" target=\"_blank\" title=\"Share on Google+\"><span class=\"quickshare-googleplus\">Google+<\/span><\/a><\/li>\t\t\t\t\t\t\t\t<li><a href=\"mailto:?subject=Ventimigliablog:+L%26%238217%3BAmministrazione+risponde+al+consigliere+di+minoranza+D%26%238217%3BEusebio&amp;body=https%3A%2F%2Fwww.ventimigliablog.it%2Fblog%2Flamministrazione-risponde-al-consigliere-di-minoranza-deusebio%2F\" target=\"_blank\" title=\"Share via Email\"><span class=\"quickshare-email\">Email<\/span><\/a><\/li>\t<\/ul>\r\n\t<\/div>\r\n","protected":false},"excerpt":{"rendered":"<p>\u00abLe affermazioni del consigliere di opposizione D&#8217;Eusebio ci rammaricano molto. purtroppo l&#8217;intento di lavorare tutti nella stessa direzione per essere pi\u00f9 forti nell&#8217;affrontare l&#8217;emergenza che ha messo in ginocchio la citt\u00e0 davanti al fango \u00e8 durata solo pochi giorni. Come &hellip; <a href=\"https:\/\/www.ventimigliablog.it\/blog\/lamministrazione-risponde-al-consigliere-di-minoranza-deusebio\/\">Continua a leggere<span class=\"meta-nav\">&rarr;<\/span><\/a><\/p>\n","protected":false},"author":153,"featured_media":0,"comment_status":"open","ping_status":"closed","sticky":false,"template":"","format":"standard","meta":{"ngg_post_thumbnail":0,"footnotes":""},"categories":[1],"tags":[],"_links":{"self":[{"href":"https:\/\/www.ventimigliablog.it\/blog\/wp-json\/wp\/v2\/posts\/6470"}],"collection":[{"href":"https:\/\/www.ventimigliablog.it\/blog\/wp-json\/wp\/v2\/posts"}],"about":[{"href":"https:\/\/www.ventimigliablog.it\/blog\/wp-json\/wp\/v2\/types\/post"}],"author":[{"embeddable":true,"href":"https:\/\/www.ventimigliablog.it\/blog\/wp-json\/wp\/v2\/users\/153"}],"replies":[{"embeddable":true,"href":"https:\/\/www.ventimigliablog.it\/blog\/wp-json\/wp\/v2\/comments?post=6470"}],"version-history":[{"count":3,"href":"https:\/\/www.ventimigliablog.it\/blog\/wp-json\/wp\/v2\/posts\/6470\/revisions"}],"predecessor-version":[{"id":6508,"href":"https:\/\/www.ventimigliablog.it\/blog\/wp-json\/wp\/v2\/posts\/6470\/revisions\/6508"}],"wp:attachment":[{"href":"https:\/\/www.ventimigliablog.it\/blog\/wp-json\/wp\/v2\/media?parent=6470"}],"wp:term":[{"taxonomy":"category","embeddable":true,"href":"https:\/\/www.ventimigliablog.it\/blog\/wp-json\/wp\/v2\/categories?post=6470"},{"taxonomy":"post_tag","embeddable":true,"href":"https:\/\/www.ventimigliablog.it\/blog\/wp-json\/wp\/v2\/tags?post=6470"}],"curies":[{"name":"wp","href":"https:\/\/api.w.org\/{rel}","templated":true}]}}