{"id":6472,"date":"2020-10-15T17:44:21","date_gmt":"2020-10-15T15:44:21","guid":{"rendered":"http:\/\/www.ventimigliablog.it\/blog\/?p=6472"},"modified":"2021-01-05T21:51:18","modified_gmt":"2021-01-05T20:51:18","slug":"la-prima-di-cala-del-forte-e-arrivato-il-tuiga","status":"publish","type":"post","link":"https:\/\/www.ventimigliablog.it\/blog\/la-prima-di-cala-del-forte-e-arrivato-il-tuiga\/","title":{"rendered":"La \u00abprima\u00bb di Cala del Forte: \u00e8 arrivato il Tuiga"},"content":{"rendered":"<div id=\"attachment_6473\" style=\"width: 594px\" class=\"wp-caption alignnone\"><img loading=\"lazy\" decoding=\"async\" aria-describedby=\"caption-attachment-6473\" class=\"wp-image-6473 size-large\" src=\"http:\/\/www.ventimigliablog.it\/blog\/wp-content\/uploads\/2020\/10\/IMG-20201015-WA0014-768x1024.jpg\" alt=\"\" width=\"584\" height=\"779\" srcset=\"https:\/\/www.ventimigliablog.it\/blog\/wp-content\/uploads\/2020\/10\/IMG-20201015-WA0014-768x1023.jpg 768w, https:\/\/www.ventimigliablog.it\/blog\/wp-content\/uploads\/2020\/10\/IMG-20201015-WA0014-225x300.jpg 225w, https:\/\/www.ventimigliablog.it\/blog\/wp-content\/uploads\/2020\/10\/IMG-20201015-WA0014-1153x1536.jpg 1153w, https:\/\/www.ventimigliablog.it\/blog\/wp-content\/uploads\/2020\/10\/IMG-20201015-WA0014.jpg 1200w\" sizes=\"(max-width: 584px) 100vw, 584px\" \/><p id=\"caption-attachment-6473\" class=\"wp-caption-text\">Il sindaco Scullino attende l&#8217;ingresso in porto del Tuiga<\/p><\/div>\n<p style=\"text-align: justify;\"><span style=\"font-weight: 300;\">Ha aperto alle imbarcazioni lo specchio d\u2019acqua del nuovo porto turistico di Cala del Forte della Monaco Ports a Ventimiglia. Alle ore 12, il Tuiga, imbarcazione iconica del Principato di Monaco, ha fatto ufficialmente ingresso nel porto, la prima in assoluto ad ormeggiare a Cala del Forte. L\u2019<\/span><span style=\"font-weight: 300;\">ingresso del Tuiga, salutato da un caloroso applauso, rappresenta un momento storico e simbolico.<\/span><\/p>\n<div id=\"attachment_6475\" style=\"width: 594px\" class=\"wp-caption alignnone\"><img loading=\"lazy\" decoding=\"async\" aria-describedby=\"caption-attachment-6475\" class=\"wp-image-6475 size-large\" src=\"http:\/\/www.ventimigliablog.it\/blog\/wp-content\/uploads\/2020\/10\/DSC_4661-1024x576.jpg\" alt=\"\" width=\"584\" height=\"329\" srcset=\"https:\/\/www.ventimigliablog.it\/blog\/wp-content\/uploads\/2020\/10\/DSC_4661-1024x576.jpg 1024w, https:\/\/www.ventimigliablog.it\/blog\/wp-content\/uploads\/2020\/10\/DSC_4661-300x169.jpg 300w, https:\/\/www.ventimigliablog.it\/blog\/wp-content\/uploads\/2020\/10\/DSC_4661-768x432.jpg 768w, https:\/\/www.ventimigliablog.it\/blog\/wp-content\/uploads\/2020\/10\/DSC_4661-1536x864.jpg 1536w, https:\/\/www.ventimigliablog.it\/blog\/wp-content\/uploads\/2020\/10\/DSC_4661-2048x1152.jpg 2048w, https:\/\/www.ventimigliablog.it\/blog\/wp-content\/uploads\/2020\/10\/DSC_4661-500x281.jpg 500w\" sizes=\"(max-width: 584px) 100vw, 584px\" \/><p id=\"caption-attachment-6475\" class=\"wp-caption-text\">Il saluto delle autorit\u00e0&nbsp;<\/p><\/div>\n<p style=\"text-align: justify;\"><span style=\"font-weight: 300;\"> Tante le autorit\u00e0 civili e militari presenti, oltre naturalmente ai responsabili e staff di Cala del Forte. Grande soddisfazione per il sindaco Gaetano Scullino che volle fortemente questo progetto e proprio durante la sua prima amministrazione, il 23 dicembre 2009, pos\u00f2 la prima pietra del porto.<\/span><\/p>\n<div id=\"attachment_6476\" style=\"width: 594px\" class=\"wp-caption alignnone\"><img loading=\"lazy\" decoding=\"async\" aria-describedby=\"caption-attachment-6476\" class=\"size-large wp-image-6476\" src=\"http:\/\/www.ventimigliablog.it\/blog\/wp-content\/uploads\/2020\/10\/20201015_163953-1024x729.jpg\" alt=\"\" width=\"584\" height=\"416\" srcset=\"https:\/\/www.ventimigliablog.it\/blog\/wp-content\/uploads\/2020\/10\/20201015_163953-1024x729.jpg 1024w, https:\/\/www.ventimigliablog.it\/blog\/wp-content\/uploads\/2020\/10\/20201015_163953-300x214.jpg 300w, https:\/\/www.ventimigliablog.it\/blog\/wp-content\/uploads\/2020\/10\/20201015_163953-768x547.jpg 768w, https:\/\/www.ventimigliablog.it\/blog\/wp-content\/uploads\/2020\/10\/20201015_163953-1536x1094.jpg 1536w, https:\/\/www.ventimigliablog.it\/blog\/wp-content\/uploads\/2020\/10\/20201015_163953-2048x1458.jpg 2048w, https:\/\/www.ventimigliablog.it\/blog\/wp-content\/uploads\/2020\/10\/20201015_163953-421x300.jpg 421w\" sizes=\"(max-width: 584px) 100vw, 584px\" \/><p id=\"caption-attachment-6476\" class=\"wp-caption-text\">Il sindaco Gaetano Scullino davanti al Tuiga&nbsp;<\/p><\/div>\n<p style=\"text-align: justify;\"><span style=\"font-weight: 300;\"> A poco pi\u00f9 di dieci anni di distanza, ora il porto \u00e8 realt\u00e0, aspettando l&#8217;inaugurazione ufficiale che si svolger\u00e0 nell&#8217;estate 2021, quando saranno finalizzati anche i lavori delle aree a terra del porto. Una nota positiva in un periodo non facile per la citt\u00e0 di Ventimiglia dopo l&#8217;alluvione del 3 ottobre, ma che testimonia come la citt\u00e0 si stia rialzando velocemente e stia riprendendo tutti i cantieri e i progetti per poter completare l&#8217;opera di restyling e farsi trovare pronta per la nuova clientela che arriver\u00e0 al Porto. <\/span><\/p>\n<p style=\"text-align: justify;\"><span style=\"font-weight: 300;\">&#8220;Abbiamo acquistato un mezzo veloce magnifico: un catamarano. Con condizioni meteo ottimali pu\u00f2 viaggiare fino a 48 nodi, il che vuol dire essere in 8-10 minuti nel Principato di Monaco&#8221;. Lo ha annunciato l&#8217;ad del porto di Cala del Forte, Gian Battista Borea D&#8217;Olmo. &#8220;Non sappiamo ancora, se si tratter\u00e0 di un servizio di trasporto quotidiano, molto dipender\u00e0 dalle richieste &#8211; ha aggiunto -. Il catamarano dovrebbe arrivare tra fine febbraio e marzo del 2021&#8221;.<\/span><\/p>\n<div id=\"attachment_6474\" style=\"width: 594px\" class=\"wp-caption alignnone\"><img loading=\"lazy\" decoding=\"async\" aria-describedby=\"caption-attachment-6474\" class=\"wp-image-6474 size-large\" src=\"http:\/\/www.ventimigliablog.it\/blog\/wp-content\/uploads\/2020\/10\/IMG_6005-1024x768.jpg\" alt=\"\" width=\"584\" height=\"438\" srcset=\"https:\/\/www.ventimigliablog.it\/blog\/wp-content\/uploads\/2020\/10\/IMG_6005-1024x768.jpg 1024w, https:\/\/www.ventimigliablog.it\/blog\/wp-content\/uploads\/2020\/10\/IMG_6005-300x225.jpg 300w, https:\/\/www.ventimigliablog.it\/blog\/wp-content\/uploads\/2020\/10\/IMG_6005-768x576.jpg 768w, https:\/\/www.ventimigliablog.it\/blog\/wp-content\/uploads\/2020\/10\/IMG_6005-1536x1152.jpg 1536w, https:\/\/www.ventimigliablog.it\/blog\/wp-content\/uploads\/2020\/10\/IMG_6005-2048x1536.jpg 2048w, https:\/\/www.ventimigliablog.it\/blog\/wp-content\/uploads\/2020\/10\/IMG_6005-400x300.jpg 400w\" sizes=\"(max-width: 584px) 100vw, 584px\" \/><p id=\"caption-attachment-6474\" class=\"wp-caption-text\">Nel pomeriggio sono arrivati altri 4 yacht a far &#8220;compagnia&#8221; al Tuiga<\/p><\/div>\n<p>&nbsp;<\/p>\n<p>&nbsp;<\/p>\n\t<div class=\"quickshare-container\">\r\n\t<ul class=\"quickshare-text qs-genericons quickshare-small\">\r\n\t\t<li class=\"quickshare-share\">Condividi :<\/li> \r\n\t\t<li><a href=\"https:\/\/facebook.com\/sharer.php?u=https%3A%2F%2Fwww.ventimigliablog.it%2Fblog%2Fla-prima-di-cala-del-forte-e-arrivato-il-tuiga%2F&amp;t=La+%C2%ABprima%C2%BB+di+Cala+del+Forte%3A+%C3%A8+arrivato+il+Tuiga+<+Ventimigliablog\" target=\"_blank\" title=\"Share on Facebook\"><span class=\"quickshare-facebook\">Facebook<\/span><\/a><\/li>\t\t<li><a href=\"https:\/\/twitter.com\/intent\/tweet?url=https%3A%2F%2Fwww.ventimigliablog.it%2Fblog%2Fla-prima-di-cala-del-forte-e-arrivato-il-tuiga%2F&amp;text=La+%C2%ABprima%C2%BB+di+Cala+del+Forte%3A+%C3%A8+arrivato+il+Tuiga+<+Ventimigliablog\" target=\"_blank\" title=\"Share on Twitter\"><span class=\"quickshare-twitter\">Twitter<\/span><\/a><\/li>\t\t\t\t\t\t<li><a href=\"https:\/\/plus.google.com\/share?url=https%3A%2F%2Fwww.ventimigliablog.it%2Fblog%2Fla-prima-di-cala-del-forte-e-arrivato-il-tuiga%2F\" target=\"_blank\" title=\"Share on Google+\"><span class=\"quickshare-googleplus\">Google+<\/span><\/a><\/li>\t\t\t\t\t\t\t\t<li><a href=\"mailto:?subject=Ventimigliablog:+La+%C2%ABprima%C2%BB+di+Cala+del+Forte%3A+%C3%A8+arrivato+il+Tuiga&amp;body=https%3A%2F%2Fwww.ventimigliablog.it%2Fblog%2Fla-prima-di-cala-del-forte-e-arrivato-il-tuiga%2F\" target=\"_blank\" title=\"Share via Email\"><span class=\"quickshare-email\">Email<\/span><\/a><\/li>\t<\/ul>\r\n\t<\/div>\r\n","protected":false},"excerpt":{"rendered":"<p>Ha aperto alle imbarcazioni lo specchio d\u2019acqua del nuovo porto turistico di Cala del Forte della Monaco Ports a Ventimiglia. Alle ore 12, il Tuiga, imbarcazione iconica del Principato di Monaco, ha fatto ufficialmente ingresso nel porto, la prima in &hellip; <a href=\"https:\/\/www.ventimigliablog.it\/blog\/la-prima-di-cala-del-forte-e-arrivato-il-tuiga\/\">Continua a leggere<span class=\"meta-nav\">&rarr;<\/span><\/a><\/p>\n","protected":false},"author":153,"featured_media":0,"comment_status":"open","ping_status":"closed","sticky":false,"template":"","format":"standard","meta":{"ngg_post_thumbnail":0,"footnotes":""},"categories":[1],"tags":[],"_links":{"self":[{"href":"https:\/\/www.ventimigliablog.it\/blog\/wp-json\/wp\/v2\/posts\/6472"}],"collection":[{"href":"https:\/\/www.ventimigliablog.it\/blog\/wp-json\/wp\/v2\/posts"}],"about":[{"href":"https:\/\/www.ventimigliablog.it\/blog\/wp-json\/wp\/v2\/types\/post"}],"author":[{"embeddable":true,"href":"https:\/\/www.ventimigliablog.it\/blog\/wp-json\/wp\/v2\/users\/153"}],"replies":[{"embeddable":true,"href":"https:\/\/www.ventimigliablog.it\/blog\/wp-json\/wp\/v2\/comments?post=6472"}],"version-history":[{"count":4,"href":"https:\/\/www.ventimigliablog.it\/blog\/wp-json\/wp\/v2\/posts\/6472\/revisions"}],"predecessor-version":[{"id":6618,"href":"https:\/\/www.ventimigliablog.it\/blog\/wp-json\/wp\/v2\/posts\/6472\/revisions\/6618"}],"wp:attachment":[{"href":"https:\/\/www.ventimigliablog.it\/blog\/wp-json\/wp\/v2\/media?parent=6472"}],"wp:term":[{"taxonomy":"category","embeddable":true,"href":"https:\/\/www.ventimigliablog.it\/blog\/wp-json\/wp\/v2\/categories?post=6472"},{"taxonomy":"post_tag","embeddable":true,"href":"https:\/\/www.ventimigliablog.it\/blog\/wp-json\/wp\/v2\/tags?post=6472"}],"curies":[{"name":"wp","href":"https:\/\/api.w.org\/{rel}","templated":true}]}}