{"id":6500,"date":"2020-10-19T10:24:58","date_gmt":"2020-10-19T08:24:58","guid":{"rendered":"http:\/\/www.ventimigliablog.it\/blog\/?p=6500"},"modified":"2020-10-19T10:24:58","modified_gmt":"2020-10-19T08:24:58","slug":"le-dimissioni-di-ioculano","status":"publish","type":"post","link":"https:\/\/www.ventimigliablog.it\/blog\/le-dimissioni-di-ioculano\/","title":{"rendered":"Le dimissioni di Ioculano"},"content":{"rendered":"<p>La risposta della Lista Civica Scullino a Ioculano non si fa attendere. \u2013 Il neo eletto consigliere regionale \u2013 dice Tiziana Panetta, coordinatore della Lista &#8211; tornato abbronzato dalle spiagge siciliane aggiunge il suo \u201cfango\u201d a quello dell\u2019alluvione, cercando di ritagliarsi un ruolo di facciata in questa vicenda. <!--more-->Se fossimo come lui, dovremmo chiedergli dove era sabato e domenica mentre consiglieri e assessori di maggioranza erano al lavoro, chi al coordinamento e chi con scopa e ramazza. Ma non gli chiederemo ne\u2019 per quale motivo i consiglieri di minoranza non hanno partecipato alle riunioni di emergenza ne\u2019 dove fosse lui quel weekend maledetto. Il lavoro sul campo di D&#8217;eusebio \u00e8 stato encomiabile, ma gli altri? Toti, il consigliere regionale Marco Scajola e Giampedrone erano presenti gi\u00e0 da sabato mattina, insieme a TUTTA la giunta comunale, il sindaco e lo staff del sindaco: questo \u00e8 il modo di fare politica che ci piace. Fatti e non parole. Lui si accontenti del suo lauto stipendio e di farsi vivo tra 4 anni, quando avr\u00e0 bisogno di nuovo dei voti dei ventimigliesi per la sua carriera politica. Alla passerella e ai commercianti di Ventimiglia penseremo noi, a testa bassa, tutti i giorni, senza bisogno di rincorrere la mera visibilit\u00e0 mediatica a lui tanto cara.<\/p>\n<p>19 ottobre 2020 &#8211; Lista Civica Scullino<\/p>\n\t<div class=\"quickshare-container\">\r\n\t<ul class=\"quickshare-text qs-genericons quickshare-small\">\r\n\t\t<li class=\"quickshare-share\">Condividi :<\/li> \r\n\t\t<li><a href=\"https:\/\/facebook.com\/sharer.php?u=https%3A%2F%2Fwww.ventimigliablog.it%2Fblog%2Fle-dimissioni-di-ioculano%2F&amp;t=Le+dimissioni+di+Ioculano+<+Ventimigliablog\" target=\"_blank\" title=\"Share on Facebook\"><span class=\"quickshare-facebook\">Facebook<\/span><\/a><\/li>\t\t<li><a href=\"https:\/\/twitter.com\/intent\/tweet?url=https%3A%2F%2Fwww.ventimigliablog.it%2Fblog%2Fle-dimissioni-di-ioculano%2F&amp;text=Le+dimissioni+di+Ioculano+<+Ventimigliablog\" target=\"_blank\" title=\"Share on Twitter\"><span class=\"quickshare-twitter\">Twitter<\/span><\/a><\/li>\t\t\t\t\t\t<li><a href=\"https:\/\/plus.google.com\/share?url=https%3A%2F%2Fwww.ventimigliablog.it%2Fblog%2Fle-dimissioni-di-ioculano%2F\" target=\"_blank\" title=\"Share on Google+\"><span class=\"quickshare-googleplus\">Google+<\/span><\/a><\/li>\t\t\t\t\t\t\t\t<li><a href=\"mailto:?subject=Ventimigliablog:+Le+dimissioni+di+Ioculano&amp;body=https%3A%2F%2Fwww.ventimigliablog.it%2Fblog%2Fle-dimissioni-di-ioculano%2F\" target=\"_blank\" title=\"Share via Email\"><span class=\"quickshare-email\">Email<\/span><\/a><\/li>\t<\/ul>\r\n\t<\/div>\r\n","protected":false},"excerpt":{"rendered":"<p>La risposta della Lista Civica Scullino a Ioculano non si fa attendere. \u2013 Il neo eletto consigliere regionale \u2013 dice Tiziana Panetta, coordinatore della Lista &#8211; tornato abbronzato dalle spiagge siciliane aggiunge il suo \u201cfango\u201d a quello dell\u2019alluvione, cercando di &hellip; <a href=\"https:\/\/www.ventimigliablog.it\/blog\/le-dimissioni-di-ioculano\/\">Continua a leggere<span class=\"meta-nav\">&rarr;<\/span><\/a><\/p>\n","protected":false},"author":12,"featured_media":0,"comment_status":"open","ping_status":"closed","sticky":false,"template":"","format":"standard","meta":{"ngg_post_thumbnail":0,"footnotes":""},"categories":[1],"tags":[],"_links":{"self":[{"href":"https:\/\/www.ventimigliablog.it\/blog\/wp-json\/wp\/v2\/posts\/6500"}],"collection":[{"href":"https:\/\/www.ventimigliablog.it\/blog\/wp-json\/wp\/v2\/posts"}],"about":[{"href":"https:\/\/www.ventimigliablog.it\/blog\/wp-json\/wp\/v2\/types\/post"}],"author":[{"embeddable":true,"href":"https:\/\/www.ventimigliablog.it\/blog\/wp-json\/wp\/v2\/users\/12"}],"replies":[{"embeddable":true,"href":"https:\/\/www.ventimigliablog.it\/blog\/wp-json\/wp\/v2\/comments?post=6500"}],"version-history":[{"count":1,"href":"https:\/\/www.ventimigliablog.it\/blog\/wp-json\/wp\/v2\/posts\/6500\/revisions"}],"predecessor-version":[{"id":6501,"href":"https:\/\/www.ventimigliablog.it\/blog\/wp-json\/wp\/v2\/posts\/6500\/revisions\/6501"}],"wp:attachment":[{"href":"https:\/\/www.ventimigliablog.it\/blog\/wp-json\/wp\/v2\/media?parent=6500"}],"wp:term":[{"taxonomy":"category","embeddable":true,"href":"https:\/\/www.ventimigliablog.it\/blog\/wp-json\/wp\/v2\/categories?post=6500"},{"taxonomy":"post_tag","embeddable":true,"href":"https:\/\/www.ventimigliablog.it\/blog\/wp-json\/wp\/v2\/tags?post=6500"}],"curies":[{"name":"wp","href":"https:\/\/api.w.org\/{rel}","templated":true}]}}