{"id":6514,"date":"2020-10-29T15:40:21","date_gmt":"2020-10-29T14:40:21","guid":{"rendered":"http:\/\/www.ventimigliablog.it\/blog\/?p=6514"},"modified":"2020-10-29T15:56:20","modified_gmt":"2020-10-29T14:56:20","slug":"il-pd-getta-fumo-negli-occhi-quando-si-distorce-la-realta-per-creare-confusione","status":"publish","type":"post","link":"https:\/\/www.ventimigliablog.it\/blog\/il-pd-getta-fumo-negli-occhi-quando-si-distorce-la-realta-per-creare-confusione\/","title":{"rendered":"Il PD getta \u00abfumo negli occhi\u00bb: quando si distorce la realt\u00e0 per creare confusione"},"content":{"rendered":"<p><img loading=\"lazy\" decoding=\"async\" class=\"alignnone size-large wp-image-6519\" src=\"http:\/\/www.ventimigliablog.it\/blog\/wp-content\/uploads\/2020\/10\/municipio-ventimiglia-1-1024x719.jpg\" alt=\"\" width=\"584\" height=\"410\" srcset=\"https:\/\/www.ventimigliablog.it\/blog\/wp-content\/uploads\/2020\/10\/municipio-ventimiglia-1-1024x719.jpg 1024w, https:\/\/www.ventimigliablog.it\/blog\/wp-content\/uploads\/2020\/10\/municipio-ventimiglia-1-300x211.jpg 300w, https:\/\/www.ventimigliablog.it\/blog\/wp-content\/uploads\/2020\/10\/municipio-ventimiglia-1-768x540.jpg 768w, https:\/\/www.ventimigliablog.it\/blog\/wp-content\/uploads\/2020\/10\/municipio-ventimiglia-1-427x300.jpg 427w, https:\/\/www.ventimigliablog.it\/blog\/wp-content\/uploads\/2020\/10\/municipio-ventimiglia-1.jpg 1284w\" sizes=\"(max-width: 584px) 100vw, 584px\" \/><\/p>\n<p style=\"text-align: justify;\"><strong>Replica dell&#8217;Assessore all\u2019urbanistica Tiziana Panetta <\/strong><strong>al PD di Ventimiglia: <\/strong>\u00abIl PD ed i suoi maggiori esponenti dimostrano, ancora una volta, di non aver compreso la fattispecie o, peggio, a prescindere da domande &#8220;scomode&#8221; (che, in realt\u00e0 appaiono faziose, soprattutto perch\u00e9 poste da un ex assessore con incarichi specifici in materia) di voler utilizzare la non conoscenza delle procedure per volutamente creare confusione. Un conto \u00e8 il cittadino che non comprende questioni tecniche, altro e grave \u00e8 chi dovrebbe conoscerle, ma distorce la realt\u00e0 per creare confusione. Occorre chiarezza, perch\u00e9 \u00e8 bene che tutti sappiano che la pratica portata in consiglio per il preventivo e dovuto riconoscimento dell&#8217;interesse pubblico sulla pratica di cambio di destinazione d&#8217;uso depositata dai proprietari delle medie strutture di vendita (da industriale\/artigianale a commerciale) nulla ha a che vedere con la recente apertura dell&#8217;esercizio in questione.<!--more--><\/p>\n<p style=\"text-align: justify;\">Infatti, i capannoni esistenti erano stati costruiti in forza di titoli abilitativi con destinazione artigianale\/industriale ed erano stati versati i relativi contributi di costruzione ed effettuate le opere pubbliche a scomputo. Il commercio all&#8217;ingrosso \u00e8 compatibile con la destinazione urbanistica ed \u00e8 in tale contesto che l&#8217;esercizio ha aperto e non, come sostengono gli &#8220;esperti&#8221; perch\u00e9 il consiglio ha riconosciuto l&#8217;interesse pubblico al cambio di destinazione: questa pratica non \u00e8 stata ancora coltivata nel suo iter. Altro e diverso discorso \u00e8 la legittimit\u00e0 dell&#8217;apertura sotto altri aspetti, che sono al vaglio dell&#8217;Amministrazione per l&#8217;adozione dei corretti provvedimenti. Che la smettano di continuare a gettare fumo negli occhi di chi, giustamente, non conosce le pratiche. \u00c8 grave che un esperto del settore, o assunto tale, formuli domande, che non sono &#8220;scomode&#8221; ma sicuramente inutili\u00bb.<\/p>\n\t<div class=\"quickshare-container\">\r\n\t<ul class=\"quickshare-text qs-genericons quickshare-small\">\r\n\t\t<li class=\"quickshare-share\">Condividi :<\/li> \r\n\t\t<li><a href=\"https:\/\/facebook.com\/sharer.php?u=https%3A%2F%2Fwww.ventimigliablog.it%2Fblog%2Fil-pd-getta-fumo-negli-occhi-quando-si-distorce-la-realta-per-creare-confusione%2F&amp;t=Il+PD+getta+%C2%ABfumo+negli+occhi%C2%BB%3A+quando+si+distorce+la+realt%C3%A0+per+creare+confusione+<+Ventimigliablog\" target=\"_blank\" title=\"Share on Facebook\"><span class=\"quickshare-facebook\">Facebook<\/span><\/a><\/li>\t\t<li><a href=\"https:\/\/twitter.com\/intent\/tweet?url=https%3A%2F%2Fwww.ventimigliablog.it%2Fblog%2Fil-pd-getta-fumo-negli-occhi-quando-si-distorce-la-realta-per-creare-confusione%2F&amp;text=Il+PD+getta+%C2%ABfumo+negli+occhi%C2%BB%3A+quando+si+distorce+la+realt%C3%A0+per+creare+confusione+<+Ventimigliablog\" target=\"_blank\" title=\"Share on Twitter\"><span class=\"quickshare-twitter\">Twitter<\/span><\/a><\/li>\t\t\t\t\t\t<li><a href=\"https:\/\/plus.google.com\/share?url=https%3A%2F%2Fwww.ventimigliablog.it%2Fblog%2Fil-pd-getta-fumo-negli-occhi-quando-si-distorce-la-realta-per-creare-confusione%2F\" target=\"_blank\" title=\"Share on Google+\"><span class=\"quickshare-googleplus\">Google+<\/span><\/a><\/li>\t\t\t\t\t\t\t\t<li><a href=\"mailto:?subject=Ventimigliablog:+Il+PD+getta+%C2%ABfumo+negli+occhi%C2%BB%3A+quando+si+distorce+la+realt%C3%A0+per+creare+confusione&amp;body=https%3A%2F%2Fwww.ventimigliablog.it%2Fblog%2Fil-pd-getta-fumo-negli-occhi-quando-si-distorce-la-realta-per-creare-confusione%2F\" target=\"_blank\" title=\"Share via Email\"><span class=\"quickshare-email\">Email<\/span><\/a><\/li>\t<\/ul>\r\n\t<\/div>\r\n","protected":false},"excerpt":{"rendered":"<p>Replica dell&#8217;Assessore all\u2019urbanistica Tiziana Panetta al PD di Ventimiglia: \u00abIl PD ed i suoi maggiori esponenti dimostrano, ancora una volta, di non aver compreso la fattispecie o, peggio, a prescindere da domande &#8220;scomode&#8221; (che, in realt\u00e0 appaiono faziose, soprattutto perch\u00e9 &hellip; <a href=\"https:\/\/www.ventimigliablog.it\/blog\/il-pd-getta-fumo-negli-occhi-quando-si-distorce-la-realta-per-creare-confusione\/\">Continua a leggere<span class=\"meta-nav\">&rarr;<\/span><\/a><\/p>\n","protected":false},"author":153,"featured_media":0,"comment_status":"open","ping_status":"closed","sticky":false,"template":"","format":"standard","meta":{"ngg_post_thumbnail":0,"footnotes":""},"categories":[1],"tags":[319,356,14],"_links":{"self":[{"href":"https:\/\/www.ventimigliablog.it\/blog\/wp-json\/wp\/v2\/posts\/6514"}],"collection":[{"href":"https:\/\/www.ventimigliablog.it\/blog\/wp-json\/wp\/v2\/posts"}],"about":[{"href":"https:\/\/www.ventimigliablog.it\/blog\/wp-json\/wp\/v2\/types\/post"}],"author":[{"embeddable":true,"href":"https:\/\/www.ventimigliablog.it\/blog\/wp-json\/wp\/v2\/users\/153"}],"replies":[{"embeddable":true,"href":"https:\/\/www.ventimigliablog.it\/blog\/wp-json\/wp\/v2\/comments?post=6514"}],"version-history":[{"count":4,"href":"https:\/\/www.ventimigliablog.it\/blog\/wp-json\/wp\/v2\/posts\/6514\/revisions"}],"predecessor-version":[{"id":6520,"href":"https:\/\/www.ventimigliablog.it\/blog\/wp-json\/wp\/v2\/posts\/6514\/revisions\/6520"}],"wp:attachment":[{"href":"https:\/\/www.ventimigliablog.it\/blog\/wp-json\/wp\/v2\/media?parent=6514"}],"wp:term":[{"taxonomy":"category","embeddable":true,"href":"https:\/\/www.ventimigliablog.it\/blog\/wp-json\/wp\/v2\/categories?post=6514"},{"taxonomy":"post_tag","embeddable":true,"href":"https:\/\/www.ventimigliablog.it\/blog\/wp-json\/wp\/v2\/tags?post=6514"}],"curies":[{"name":"wp","href":"https:\/\/api.w.org\/{rel}","templated":true}]}}