{"id":6539,"date":"2020-11-07T11:32:56","date_gmt":"2020-11-07T10:32:56","guid":{"rendered":"http:\/\/www.ventimigliablog.it\/blog\/?p=6539"},"modified":"2020-11-09T20:00:15","modified_gmt":"2020-11-09T19:00:15","slug":"parcheggi-miglior-vivibilita-connettivita-e-rispetto-per-lambiente-queste-le-sfide-per-il-2021-della-lista-civica-scullino","status":"publish","type":"post","link":"https:\/\/www.ventimigliablog.it\/blog\/parcheggi-miglior-vivibilita-connettivita-e-rispetto-per-lambiente-queste-le-sfide-per-il-2021-della-lista-civica-scullino\/","title":{"rendered":"Parcheggi, miglior vivibilit\u00e0, connettivit\u00e0 e rispetto per l&#8217;ambiente: queste le sfide per il 2021 della Lista Civica Scullino"},"content":{"rendered":"<p><img loading=\"lazy\" decoding=\"async\" class=\"alignright wp-image-6540 size-full\" src=\"http:\/\/www.ventimigliablog.it\/blog\/wp-content\/uploads\/2020\/11\/IMG-20201106-WA0024.jpg\" alt=\"\" width=\"1024\" height=\"768\" srcset=\"https:\/\/www.ventimigliablog.it\/blog\/wp-content\/uploads\/2020\/11\/IMG-20201106-WA0024.jpg 1024w, https:\/\/www.ventimigliablog.it\/blog\/wp-content\/uploads\/2020\/11\/IMG-20201106-WA0024-300x225.jpg 300w, https:\/\/www.ventimigliablog.it\/blog\/wp-content\/uploads\/2020\/11\/IMG-20201106-WA0024-768x576.jpg 768w, https:\/\/www.ventimigliablog.it\/blog\/wp-content\/uploads\/2020\/11\/IMG-20201106-WA0024-400x300.jpg 400w\" sizes=\"(max-width: 1024px) 100vw, 1024px\" \/><\/p>\n<p>Il direttivo della Lista Civica Scullino ha incontrato il Sindaco per ringraziare l&#8217;amministrazione e lo staff per il lavoro svolto nella gestione dell&#8217;alluvione e dell&#8217;emergenza covid e per impostare il lavoro del 2021. Il 2020 \u00e8 stato segnato da un&#8217;ondata enorme di criticit\u00e0: &#8220;crediamo fermamente che il 2021 sar\u00e0 l&#8217;anno del rilancio per turismo, commercio, centro e frazioni. Si tratta di un&#8217;occasione unica, un treno che non possiamo perdere &#8211; dice Mauro Merlenghi, Presidente della lista civica &#8211; Per questo, abbiamo depositato un documento contenente alcuni punti, gi\u00e0 presenti nel programma elettorale, ma che vogliamo far diventare prioritari. Entro il 2021 vogliamo che vengano messi a disposizione 800-1000 parcheggi nuovi al servizio della citt\u00e0 e delle frazioni; soprattutto, vogliamo che la gestione dei parcheggi venga effettuata direttamente dal Comune, a vantaggio dei cittadini: quando il cittadino paga il parcheggio deve sapere che questi soldi verranno reinvestiti in opere e infrastrutture per la citt\u00e0 e non pi\u00f9 a ingrassare i bilanci di gestori privati. Inoltre, dobbiamo fare abbonamenti per i cittadini, tariffe diverse per i turisti e, in generale, gestire in modo attivo il sistema parking&#8221;. <!--more--><\/p>\n<p>Gli fa eco il coordinatore della lista Tiziana Panetta che sostiene la necessit\u00e0 di ricostruire la passerella, in chiave moderna e pedonalizzare Via Aprosio, creando un moderno salotto cittadino per i Ventimigliesi e i turisti. Hanno concluso i Consiglieri Maurizio Rea e Giuseppe Palmero indicando la lotta alle discariche abusive, la valorizzazione dell&#8217;area protetta di Capo Mortola e, soprattutto la connettivit\u00e0 ultra veloce per le frazioni, quali elementi imprescindibili del programma. &#8220;Lo smart working sta ripopolando frazioni e paesini in tutta Italia \u2013 dice Giuseppe Palmero \u2013 solo dove le connessioni internet lo permettono: si tratta di una occasione unica per valorizzare tutte le nostre frazioni che non hanno nulla da invidiare ad altre localit\u00e0 italiane.<\/p>\n<p>Inoltre, un progetto ambizioso e innovativo: trasformare il mercato in una moderna fiera, con l\u2019aggiunta di una serie di eventi organizzati, a favore di tutti i commercianti al di fuori del circuito del mercato e in grado di attrarre turismo di qualit\u00e0 e promuovere il territorio, anche frazionale&#8221;.&nbsp;<\/p>\n<p>Turismo, commercio, vivibilit\u00e0 del centro e delle frazioni per la Lista Civica Scullino devono essere una realt\u00e0 gi\u00e0 nel 2021.<\/p>\n\t<div class=\"quickshare-container\">\r\n\t<ul class=\"quickshare-text qs-genericons quickshare-small\">\r\n\t\t<li class=\"quickshare-share\">Condividi :<\/li> \r\n\t\t<li><a href=\"https:\/\/facebook.com\/sharer.php?u=https%3A%2F%2Fwww.ventimigliablog.it%2Fblog%2Fparcheggi-miglior-vivibilita-connettivita-e-rispetto-per-lambiente-queste-le-sfide-per-il-2021-della-lista-civica-scullino%2F&amp;t=Parcheggi%2C+miglior+vivibilit%C3%A0%2C+connettivit%C3%A0+e+rispetto+per+l%26%238217%3Bambiente%3A+queste+le+sfide+per+il+2021+della+Lista+Civica+Scullino+<+Ventimigliablog\" target=\"_blank\" title=\"Share on Facebook\"><span class=\"quickshare-facebook\">Facebook<\/span><\/a><\/li>\t\t<li><a href=\"https:\/\/twitter.com\/intent\/tweet?url=https%3A%2F%2Fwww.ventimigliablog.it%2Fblog%2Fparcheggi-miglior-vivibilita-connettivita-e-rispetto-per-lambiente-queste-le-sfide-per-il-2021-della-lista-civica-scullino%2F&amp;text=Parcheggi%2C+miglior+vivibilit%C3%A0%2C+connettivit%C3%A0+e+rispetto+per+l%26%238217%3Bambiente%3A+queste+le+sfide+per+il+2021+della+Lista+Civica+Scullino+<+Ventimigliablog\" target=\"_blank\" title=\"Share on Twitter\"><span class=\"quickshare-twitter\">Twitter<\/span><\/a><\/li>\t\t\t\t\t\t<li><a href=\"https:\/\/plus.google.com\/share?url=https%3A%2F%2Fwww.ventimigliablog.it%2Fblog%2Fparcheggi-miglior-vivibilita-connettivita-e-rispetto-per-lambiente-queste-le-sfide-per-il-2021-della-lista-civica-scullino%2F\" target=\"_blank\" title=\"Share on Google+\"><span class=\"quickshare-googleplus\">Google+<\/span><\/a><\/li>\t\t\t\t\t\t\t\t<li><a href=\"mailto:?subject=Ventimigliablog:+Parcheggi%2C+miglior+vivibilit%C3%A0%2C+connettivit%C3%A0+e+rispetto+per+l%26%238217%3Bambiente%3A+queste+le+sfide+per+il+2021+della+Lista+Civica+Scullino&amp;body=https%3A%2F%2Fwww.ventimigliablog.it%2Fblog%2Fparcheggi-miglior-vivibilita-connettivita-e-rispetto-per-lambiente-queste-le-sfide-per-il-2021-della-lista-civica-scullino%2F\" target=\"_blank\" title=\"Share via Email\"><span class=\"quickshare-email\">Email<\/span><\/a><\/li>\t<\/ul>\r\n\t<\/div>\r\n","protected":false},"excerpt":{"rendered":"<p>Il direttivo della Lista Civica Scullino ha incontrato il Sindaco per ringraziare l&#8217;amministrazione e lo staff per il lavoro svolto nella gestione dell&#8217;alluvione e dell&#8217;emergenza covid e per impostare il lavoro del 2021. Il 2020 \u00e8 stato segnato da un&#8217;ondata &hellip; <a href=\"https:\/\/www.ventimigliablog.it\/blog\/parcheggi-miglior-vivibilita-connettivita-e-rispetto-per-lambiente-queste-le-sfide-per-il-2021-della-lista-civica-scullino\/\">Continua a leggere<span class=\"meta-nav\">&rarr;<\/span><\/a><\/p>\n","protected":false},"author":153,"featured_media":0,"comment_status":"open","ping_status":"closed","sticky":false,"template":"","format":"standard","meta":{"ngg_post_thumbnail":0,"footnotes":""},"categories":[1],"tags":[],"_links":{"self":[{"href":"https:\/\/www.ventimigliablog.it\/blog\/wp-json\/wp\/v2\/posts\/6539"}],"collection":[{"href":"https:\/\/www.ventimigliablog.it\/blog\/wp-json\/wp\/v2\/posts"}],"about":[{"href":"https:\/\/www.ventimigliablog.it\/blog\/wp-json\/wp\/v2\/types\/post"}],"author":[{"embeddable":true,"href":"https:\/\/www.ventimigliablog.it\/blog\/wp-json\/wp\/v2\/users\/153"}],"replies":[{"embeddable":true,"href":"https:\/\/www.ventimigliablog.it\/blog\/wp-json\/wp\/v2\/comments?post=6539"}],"version-history":[{"count":3,"href":"https:\/\/www.ventimigliablog.it\/blog\/wp-json\/wp\/v2\/posts\/6539\/revisions"}],"predecessor-version":[{"id":6546,"href":"https:\/\/www.ventimigliablog.it\/blog\/wp-json\/wp\/v2\/posts\/6539\/revisions\/6546"}],"wp:attachment":[{"href":"https:\/\/www.ventimigliablog.it\/blog\/wp-json\/wp\/v2\/media?parent=6539"}],"wp:term":[{"taxonomy":"category","embeddable":true,"href":"https:\/\/www.ventimigliablog.it\/blog\/wp-json\/wp\/v2\/categories?post=6539"},{"taxonomy":"post_tag","embeddable":true,"href":"https:\/\/www.ventimigliablog.it\/blog\/wp-json\/wp\/v2\/tags?post=6539"}],"curies":[{"name":"wp","href":"https:\/\/api.w.org\/{rel}","templated":true}]}}